{"id":8681,"date":"2022-06-28T16:47:03","date_gmt":"2022-06-28T21:47:03","guid":{"rendered":"https:\/\/www.biblia.work\/analisis\/definicion-y-analisis-morfologico-gramatical-de-h9002-numeros-de-strong\/"},"modified":"2022-06-28T16:47:03","modified_gmt":"2022-06-28T21:47:03","slug":"definicion-y-analisis-morfologico-gramatical-de-h9002-numeros-de-strong","status":"publish","type":"post","link":"https:\/\/www.biblia.work\/analisis\/definicion-y-analisis-morfologico-gramatical-de-h9002-numeros-de-strong\/","title":{"rendered":"Definici\u00f3n y An\u00e1lisis Morfol\u00f3gico-Gram\u00e1tical de H9002 &#8211; N\u00fameros de Strong"},"content":{"rendered":"<p><b>N\u00famero Strong: <\/b><span class=\"NStrong\">H9002<\/span><br \/><b>Categor\u00eda gramatical: <\/b><span class=\"Cgr\">Conjunci\u00f3n y vav conjuntiva<\/span><br \/><b>Idioma:<\/b> <span class='Idm'>Hebreo<\/span><\/p>\n<hr>\n<p><b>Definici\u00f3n TBESH: <\/b><\/p>\n<p>\u05d5 H:CONJ y vav Conjuntiva &#8211; es decir, seguida por prefijo, sufijo o no-verbo (conjuntivo) (\u2018y \/ pero\u2019)<\/p>\n<h3 align='right'><i><b>Fuente: Diccionario Strong Plus (An\u00e1lisis Exeg\u00e9tico)<\/b><\/i><\/h3>\n<p><span style=\"font-weight:bold\">DH-2256<\/span> \u05d5\u05b0\u05be (<span style=\"font-style:italic\">w-<\/span>):<span style=\"font-style:italic\"> conjunci\u00f3n<\/span> &#8212;<\/p>\n<p><span style=\"font-weight:bold\">1.<\/span> LN-89.92-89.104 <span style=\"font-weight:bold\">y<\/span>, o, o sea, un marcador de una relaci\u00f3n coordinada (G\u00e9n 1:1);<\/p>\n<p><span style=\"font-weight:bold\">2.<\/span> LN-89.92-89.104 <span style=\"font-weight:bold\">adem\u00e1s<\/span>, y, y tambi\u00e9n, o sea, un marcador de una relaci\u00f3n aditiva que no es coordenada (G\u00e9n 24:64);<\/p>\n<p><span style=\"font-weight:bold\">3.<\/span> LN-89.87-89.89 <span style=\"font-weight:bold\">entonces<\/span>, y entonces, o sea, un marcador de una secuencia de eventos relacionados muy cercanamente (G\u00e9n 1:26);<\/p>\n<p><span style=\"font-weight:bold\">4.<\/span> LN-89.124-89.138 <span style=\"font-weight:bold\">pero<\/span>, mas, por otro lado, o sea, un marcador de contraste (G\u00e9n 2:17);<\/p>\n<p><span style=\"font-weight:bold\">5.<\/span> LN-91.6-91.12 <span style=\"font-weight:bold\">ciertamente<\/span>, o sea, un marcador de \u00e9nfasis en el discurso (Sal 87:5);<\/p>\n<p><span style=\"font-weight:bold\">6.<\/span> LN-89.39-89.54 <span style=\"font-weight:bold\">para que<\/span>, por tanto, o sea, un marcador de resultado (Am\u00f3 9:1);<\/p>\n<p><span style=\"font-weight:bold\">7.<\/span> LN-89.120-89.122 <span style=\"font-weight:bold\">de<\/span>, o sea, un marcador de separaci\u00f3n(Deu 1:39);<\/p>\n<p><span style=\"font-weight:bold\">8.<\/span> LN-91.15 <span style=\"font-weight:bold\">esto es<\/span>, a saber, o sea, un marcador de identificaci\u00f3n o explicaci\u00f3n (Lev 25:33);<\/p>\n<p><span style=\"font-weight:bold\">9.<\/span> LN-89.15-89.38 <span style=\"font-weight:bold\">esto es porque<\/span>, porque, o sea, un marcador de causa o raz\u00f3n basado en una declaraci\u00f3n previa (Jos 22:26);<\/p>\n<p><span style=\"font-weight:bold\">10.<\/span> LN-89.123 <span style=\"font-weight:bold\">con<\/span>, junto con, o sea, un marcador de una relaci\u00f3n de combinaci\u00f3n (Deu 2:33);<\/p>\n<p><span style=\"font-weight:bold\">11.<\/span> LN-67.17-67.64 <span style=\"font-weight:bold\">cuando<\/span>, ahora, mientras, o sea, un punto de tiempo aproximadamente simult\u00e1neo a otro tiempo (G\u00e9n 17:1 a);<\/p>\n<p><span style=\"font-weight:bold\">12.<\/span> LN-89.92-89.104 unidad: \u05d5\u05b0\u05be (<span style=\"font-style:italic\">w-<\/span>)&#8230; \u05d5\u05b0\u05be (<span style=\"font-style:italic\">w-<\/span>) tanto&#8230; como, o sea, marcadores refiri\u00e9ndose a la totalidad de dos elementos estrechamente relacionados (G\u00e9n 47:13); nota: un estudio mas avanzado podr\u00eda resultar en m\u00e1s dominios.<\/p>\n<p><\/p>\n<p align=\"center\">&#8212;&#8212;&#8212;&#8212;&#8212;&#8212;&#8212;&#8212;&#8212;&#8212;<\/p>\n<p><span style=\"font-weight:bold\">DA-10221<\/span> \u05d5\u05b0\u05be (<span style=\"font-style:italic\">w-<\/span>):<span style=\"font-style:italic\"> conjunci\u00f3n<\/span>; <span style=\"font-weight:bold\">DH-2256<\/span> &#8212;<\/p>\n<p><span style=\"font-weight:bold\">1.<\/span> LN-89.92 <span style=\"font-weight:bold\">y<\/span>; un marcador para juntar o conectar palabras o frases (Esd 4:8);<\/p>\n<p><span style=\"font-weight:bold\">2.<\/span> LN-89.87 <span style=\"font-weight:bold\">y entonces<\/span>, y tambi\u00e9n entonces; un marcador para juntar y continuar (Dan 2:4; Esd 6:11);<\/p>\n<p><span style=\"font-weight:bold\">3.<\/span> LN-91 <span style=\"font-weight:bold\">adem\u00e1s<\/span>, tambi\u00e9n; un marcador para intensificar (Esd 6:8);<\/p>\n<p><span style=\"font-weight:bold\">4.<\/span> LN-89.124-89.138 <span style=\"font-weight:bold\">pero<\/span>; un marcador que muestra contraste, o una relaci\u00f3n adversativa (Dan 3:15, Dan 3:18);<\/p>\n<p><span style=\"font-weight:bold\">5.<\/span> LN-89.55-89.64 <span style=\"font-weight:bold\">para que<\/span>; un marcador de prop\u00f3sito (Dan 5:2 b);<\/p>\n<p><span style=\"font-weight:bold\">6.<\/span> LN-91.15 <span style=\"font-weight:bold\">esto es<\/span>; un marcador de explicaci\u00f3n (<span style=\"color:#002060\">BHS Dan 4.22<\/span> [BE Dan 4:25]), nota: un conector con muchos usos y matices, v\u00e9ase BDB pg. 251 y pg. 1090<\/p>\n<p><span style=\"font-weight:bold\">\u2014<\/span> \u05d5\u05b0 (<span style=\"font-style:italic\">w<\/span>) o \u05d5\u05bc\u05be (<span style=\"font-style:italic\">\u00fb-<\/span>): v\u00e9ase <span style=\"font-weight:bold\">DA-10221<\/span><\/p>\n<p><\/p>\n<h3 align='right'><i><b>Fuente: Diccionario de Idiomas B\u00edblicos Arameo, Hebreo y Griego de Wanson<\/b><\/i><\/h3>\n<p>\u2192 \u05d4<\/span><\/p>\n<p>Sufijo del art\u00edculo arameo<\/span><\/p>\n<h3 align='right'><i><b>Fuente: Definiciones Arameas\/Hebreas de Brown-Driver-Briggs y Griegas de Thayer<\/b><\/i><\/h3>\n","protected":false},"excerpt":{"rendered":"<p>N\u00famero Strong: H9002Categor\u00eda gramatical: Conjunci\u00f3n y vav conjuntivaIdioma: Hebreo Definici\u00f3n TBESH: \u05d5 H:CONJ y vav Conjuntiva &#8211; es decir, seguida por prefijo, sufijo o no-verbo (conjuntivo) (\u2018y \/ pero\u2019) Fuente: Diccionario Strong Plus (An\u00e1lisis Exeg\u00e9tico) DH-2256 \u05d5\u05b0\u05be (w-): conjunci\u00f3n &#8212; 1. LN-89.92-89.104 y, o, o sea, un marcador de una relaci\u00f3n coordinada (G\u00e9n 1:1); 2. &hellip; <a href=\"https:\/\/www.biblia.work\/analisis\/definicion-y-analisis-morfologico-gramatical-de-h9002-numeros-de-strong\/\" class=\"more-link\">Continuar leyendo<span class=\"screen-reader-text\"> \u00abDefinici\u00f3n y An\u00e1lisis Morfol\u00f3gico-Gram\u00e1tical de H9002 &#8211; N\u00fameros de Strong\u00bb<\/span><\/a><\/p>\n","protected":false},"author":1,"featured_media":0,"comment_status":"","ping_status":"","sticky":false,"template":"","format":"standard","meta":{"footnotes":""},"categories":[1],"tags":[],"class_list":["post-8681","post","type-post","status-publish","format-standard","hentry","category-general"],"_links":{"self":[{"href":"https:\/\/www.biblia.work\/analisis\/wp-json\/wp\/v2\/posts\/8681","targetHints":{"allow":["GET"]}}],"collection":[{"href":"https:\/\/www.biblia.work\/analisis\/wp-json\/wp\/v2\/posts"}],"about":[{"href":"https:\/\/www.biblia.work\/analisis\/wp-json\/wp\/v2\/types\/post"}],"author":[{"embeddable":true,"href":"https:\/\/www.biblia.work\/analisis\/wp-json\/wp\/v2\/users\/1"}],"replies":[{"embeddable":true,"href":"https:\/\/www.biblia.work\/analisis\/wp-json\/wp\/v2\/comments?post=8681"}],"version-history":[{"count":0,"href":"https:\/\/www.biblia.work\/analisis\/wp-json\/wp\/v2\/posts\/8681\/revisions"}],"wp:attachment":[{"href":"https:\/\/www.biblia.work\/analisis\/wp-json\/wp\/v2\/media?parent=8681"}],"wp:term":[{"taxonomy":"category","embeddable":true,"href":"https:\/\/www.biblia.work\/analisis\/wp-json\/wp\/v2\/categories?post=8681"},{"taxonomy":"post_tag","embeddable":true,"href":"https:\/\/www.biblia.work\/analisis\/wp-json\/wp\/v2\/tags?post=8681"}],"curies":[{"name":"wp","href":"https:\/\/api.w.org\/{rel}","templated":true}]}}