{"id":29253,"date":"2022-08-21T08:43:40","date_gmt":"2022-08-21T13:43:40","guid":{"rendered":"https:\/\/www.biblia.work\/articulos-biblicos\/ministerio-joven-y-nuestra-mision-evangelica\/"},"modified":"2022-08-21T08:43:40","modified_gmt":"2022-08-21T13:43:40","slug":"ministerio-joven-y-nuestra-mision-evangelica","status":"publish","type":"post","link":"https:\/\/www.biblia.work\/articulos-biblicos\/ministerio-joven-y-nuestra-mision-evangelica\/","title":{"rendered":"Ministerio Joven Y Nuestra Misi\u00f3n Evang\u00e9lica"},"content":{"rendered":"<p>Jueves de la 7\u00aa semana de Pascua 2015<\/p>\n<p>Alegr\u00eda del Evangelio<\/p>\n<p>No ser\u00eda una falta de respeto a San Pablo Se\u00f1ale que, incluso entre sus grandes obras, cometi\u00f3 algunos errores personales monumentales en su ministerio. La semana pasada lo escuchamos tratando de predicar a los atenienses en un nivel filos\u00f3fico. Cay\u00f3 de bruces entre los intelectuales de sentimientos superiores de las diversas escuelas de filosof\u00eda. Pablo estaba predicando la resurrecci\u00f3n del cuerpo a personas que no ten\u00edan respeto por la naturaleza f\u00edsica misma de la humanidad. Hoy trata de predicar a una congregaci\u00f3n mixta de saduceos y fariseos, pero su defensa de la doctrina de la resurrecci\u00f3n, su puerta de entrada al kerygma sobre Jes\u00fas, enfureci\u00f3 a un lado e inflam\u00f3 al otro. Tuvo que ser rescatado por los soldados romanos para evitar que lo partieran por la mitad.<\/p>\n<p>Nuestra naturaleza humana d\u00e9bil y pecaminosa sospecha naturalmente de los dem\u00e1s, particularmente cuando pertenecemos a un partido pol\u00edtico y sabemos que el otro tipo tiene la vista opuesta. En ese sentido, hemos avanzado poco en dos mil a\u00f1os. Pero el plan del Padre, la meta que Jes\u00fas nos pone, es la unidad de los cristianos. Se supone que debemos amarnos los unos a los otros tan efectivamente que atraigamos a otros a esta comuni\u00f3n. Debemos ser para el mundo una ciudad asentada sobre una colina, un lugar donde nuestra belleza, bondad y verdad sean tan evidentes, tan transparentes, que la gente llegue a ver por qu\u00e9 y c\u00f3mo nos amamos tanto. Eso es particularmente importante para que las generaciones m\u00e1s j\u00f3venes vean y experimenten.<\/p>\n<p>Mientras escribe sobre nuestra necesidad de evangelizar, el Papa se dirige al ministerio a los j\u00f3venes. \u00c9l dice: &#8216;Los j\u00f3venes a menudo no logran encontrar respuestas a sus preocupaciones, necesidades, problemas y heridas en las estructuras habituales. Como adultos, nos resulta dif\u00edcil escucharlos con paciencia, apreciar sus preocupaciones y demandas y hablarles en un idioma que puedan entender. Por la misma raz\u00f3n, nuestros esfuerzos en el campo de la educaci\u00f3n no producen los resultados esperados. El surgimiento y crecimiento de asociaciones y movimientos compuestos mayoritariamente por j\u00f3venes puede entenderse como obra del Esp\u00edritu Santo, que abre nuevos caminos para responder a sus expectativas ya su b\u00fasqueda de una espiritualidad profunda y un sentido de pertenencia m\u00e1s real. Sin embargo, sigue existiendo la necesidad de garantizar que estas asociaciones participen activamente en los esfuerzos pastorales generales de la Iglesia.[76]<\/p>\n<p>&#8216;Aunque no siempre es f\u00e1cil acercarse a los j\u00f3venes , se ha avanzado en dos<\/p>\n<p>\u00e1reas: la conciencia de que toda la comunidad est\u00e1 llamada a evangelizar y educar a los j\u00f3venes, y la urgente necesidad de que los j\u00f3venes ejerzan un mayor protagonismo. Debemos reconocer que a pesar de la actual crisis de compromiso y relaciones comunitarias, muchos j\u00f3venes est\u00e1n haciendo causa com\u00fan ante los problemas de nuestro mundo y est\u00e1n asumiendo diversas formas de activismo y trabajo voluntario. Algunos participan en la vida de la Iglesia como miembros de grupos de servicio y diversas iniciativas misioneras en sus propias di\u00f3cesis y en otros lugares. Que hermoso es ver que los j\u00f3venes son &#8220;predicadores callejeros&#8221; (callejeros de la fe), \u00a1llevando con alegr\u00eda a Jes\u00fas a cada calle, a cada plaza y a cada rinc\u00f3n de la tierra!&#8217;<\/p>\n<p>Recientemente una organizaci\u00f3n nacional public\u00f3 una preocupante encuesta: &#8220;En un Encuesta masiva de 35,000 estadounidenses, el Centro de Investigaci\u00f3n Pew encontr\u00f3 que el 71% se identificaron como cristianos. Ese n\u00famero se redujo dr\u00e1sticamente en 2007, cuando una encuesta similar encontr\u00f3 que el 78% eran cristianos.<\/p>\n<p>&#8216;En la encuesta de 2007, Pew encontr\u00f3 que el 16% de los encuestados no estaban afiliados a ninguna iglesia. En el nuevo estudio, realizado en 2014, esa cifra fue del 23%.<\/p>\n<p>&#8216;La encuesta Pew mostr\u00f3 una disminuci\u00f3n en la poblaci\u00f3n cat\u00f3lica de EE. UU., de 53 millones a 51 millones. Pero los analistas de Pew dijeron que la disminuci\u00f3n real de la poblaci\u00f3n cat\u00f3lica puede haber sido m\u00e1s modesta de lo que indicaban las cifras de la encuesta, y otros expertos le dijeron al Wall Street Journal que sus propios estudios no han mostrado ninguna disminuci\u00f3n en la poblaci\u00f3n cat\u00f3lica en general. \/p&gt;<\/p>\n<p>Lo que est\u00e1 claro es que nuestros esfuerzos en la Nueva Evangelizaci\u00f3n a\u00fan no est\u00e1n dando frutos. Tengo mis propias teor\u00edas. La Iglesia no se promociona bien. Si alguien viene a alguna parroquia de esta di\u00f3cesis, \u00bfexperimenta la bondad, la belleza y la Verdad? Te dejar\u00e9 responder eso, pero en mi \u00fanica \u00e1rea de especializaci\u00f3n, la m\u00fasica sacra, puedo decirte que la mayor parte de lo que he visto es lo contrario de hermoso. Parte de esto es horrible; la mayor parte es mediocre. Tenemos un largo camino por recorrer, pero es mi oraci\u00f3n que en mi vida, el Esp\u00edritu Santo lo cambie. Hagamos que sea nuestra oraci\u00f3n constante que seamos centros de bondad, belleza y verdad, y que esto se transmita a un mundo que necesita desesperadamente de los tres.<\/p>\n","protected":false},"excerpt":{"rendered":"<p>Jueves de la 7\u00aa semana de Pascua 2015 Alegr\u00eda del Evangelio No ser\u00eda una falta de respeto a San Pablo Se\u00f1ale que, incluso entre sus grandes obras, cometi\u00f3 algunos errores personales monumentales en su ministerio. La semana pasada lo escuchamos tratando de predicar a los atenienses en un nivel filos\u00f3fico. Cay\u00f3 de bruces entre los &hellip; <a href=\"https:\/\/www.biblia.work\/articulos-biblicos\/ministerio-joven-y-nuestra-mision-evangelica\/\" class=\"more-link\">Continuar leyendo<span class=\"screen-reader-text\"> \u00abMinisterio Joven Y Nuestra Misi\u00f3n Evang\u00e9lica\u00bb<\/span><\/a><\/p>\n","protected":false},"author":1,"featured_media":0,"comment_status":"","ping_status":"","sticky":false,"template":"","format":"standard","meta":{"footnotes":""},"categories":[1],"tags":[],"class_list":["post-29253","post","type-post","status-publish","format-standard","hentry","category-general"],"_links":{"self":[{"href":"https:\/\/www.biblia.work\/articulos-biblicos\/wp-json\/wp\/v2\/posts\/29253","targetHints":{"allow":["GET"]}}],"collection":[{"href":"https:\/\/www.biblia.work\/articulos-biblicos\/wp-json\/wp\/v2\/posts"}],"about":[{"href":"https:\/\/www.biblia.work\/articulos-biblicos\/wp-json\/wp\/v2\/types\/post"}],"author":[{"embeddable":true,"href":"https:\/\/www.biblia.work\/articulos-biblicos\/wp-json\/wp\/v2\/users\/1"}],"replies":[{"embeddable":true,"href":"https:\/\/www.biblia.work\/articulos-biblicos\/wp-json\/wp\/v2\/comments?post=29253"}],"version-history":[{"count":0,"href":"https:\/\/www.biblia.work\/articulos-biblicos\/wp-json\/wp\/v2\/posts\/29253\/revisions"}],"wp:attachment":[{"href":"https:\/\/www.biblia.work\/articulos-biblicos\/wp-json\/wp\/v2\/media?parent=29253"}],"wp:term":[{"taxonomy":"category","embeddable":true,"href":"https:\/\/www.biblia.work\/articulos-biblicos\/wp-json\/wp\/v2\/categories?post=29253"},{"taxonomy":"post_tag","embeddable":true,"href":"https:\/\/www.biblia.work\/articulos-biblicos\/wp-json\/wp\/v2\/tags?post=29253"}],"curies":[{"name":"wp","href":"https:\/\/api.w.org\/{rel}","templated":true}]}}