{"id":30488,"date":"2022-08-21T09:26:31","date_gmt":"2022-08-21T14:26:31","guid":{"rendered":"https:\/\/www.biblia.work\/articulos-biblicos\/re-creando-el-ministro-pastoral-eficaz\/"},"modified":"2022-08-21T09:26:31","modified_gmt":"2022-08-21T14:26:31","slug":"re-creando-el-ministro-pastoral-eficaz","status":"publish","type":"post","link":"https:\/\/www.biblia.work\/articulos-biblicos\/re-creando-el-ministro-pastoral-eficaz\/","title":{"rendered":"Re-Creando El Ministro Pastoral Eficaz"},"content":{"rendered":"<p>Jueves de la Tercera Semana de Cuaresma<\/p>\n<p>Alegr\u00eda del Evangelio<\/p>\n<p>Jes\u00fas nos comparte hoy una frase inolvidable: &amp;#8220 ;El que no es conmigo, contra m\u00ed es, y el que conmigo no recoge, desparrama.&#8221; La imagen que esto evoca es la de un pastor y su reba\u00f1o. Jes\u00fas vino a reunir a las tribus dispersas de Israel y de los gentiles. Su misi\u00f3n es reunir a la humanidad que ha sido dispersada por el pecado y la mentira humana. Los jud\u00edos de la \u00e9poca de Jes\u00fas ten\u00edan una teor\u00eda interesante: Jes\u00fas usa el poder del diablo para expulsar demonios. Otros pidieron una se\u00f1al del cielo, que suena m\u00e1s a una exhibici\u00f3n de magia que a una curaci\u00f3n. En otro lugar, Jes\u00fas da a entender que asignar a Satan\u00e1s las obras del Esp\u00edritu Santo es el peor de los pecados. Jes\u00fas resiste todos esos impulsos. Ha venido a sanar, a ense\u00f1ar, a reunir. Cada acci\u00f3n de Cristo est\u00e1 dirigida hacia esos fines. Toda acci\u00f3n de la Iglesia debe serlo tambi\u00e9n.<\/p>\n<p>El Papa dirige su atenci\u00f3n a las necesidades de quienes realizan las principales obras de Cristo en el mundo: curar, salvar de las adicciones, educar, atender a los moribundos. \u00c9l dice: &#8216;necesitamos crear espacios donde los agentes pastorales puedan ser ayudados y sanados, &#8220;lugares donde se renueve la fe misma en Jes\u00fas crucificado y resucitado, donde se compartan las preguntas m\u00e1s profundas y las preocupaciones cotidianas, donde se emprende un discernimiento m\u00e1s profundo sobre nuestras experiencias y la vida misma a la luz del Evangelio, con el fin de orientar las decisiones individuales y sociales hacia el bien y la belleza.&#8221;&#8217;<\/p>\n<p>\u00c9l ve algunos problemas de estos agentes de pastoral: &#8216;Hoy estamos viendo en muchos agentes de pastoral, incluso consagrados y consagradas, una preocupaci\u00f3n desmesurada por su libertad y descanso personal, que les lleva a ver su trabajo como un mero ap\u00e9ndice de su vida, como si no fuera parte de su propia identidad. Al mismo tiempo, la vida espiritual llega a identificarse con unos ejercicios religiosos que pueden ofrecer cierto consuelo pero que no favorecen el encuentro con los dem\u00e1s, el compromiso con el mundo o la pasi\u00f3n por la evangelizaci\u00f3n. Como resultado, se puede observar en muchos agentes de evangelizaci\u00f3n, aunque oren, un individualismo acentuado, una crisis de identidad y un enfriamiento del fervor. Son tres males que se alimentan mutuamente.<\/p>\n<p>&#8216;En ocasiones, nuestra cultura medi\u00e1tica y algunos c\u00edrculos intelectuales transmiten un marcado escepticismo respecto al mensaje de la Iglesia, junto con cierto cinismo. Como consecuencia, muchos agentes pastorales, aunque rezan, desarrollan una especie de complejo de inferioridad que les lleva a relativizar u ocultar su identidad y convicciones cristianas. Esto produce un c\u00edrculo vicioso. Terminan descontentos con quienes son y con lo que hacen; no se identifican con su misi\u00f3n de evangelizar y esto debilita su compromiso. Terminan sofocando la alegr\u00eda de la misi\u00f3n con una especie de obsesi\u00f3n por ser como los dem\u00e1s y poseer lo que los dem\u00e1s poseen. Su labor de evangelizaci\u00f3n se vuelve as\u00ed forzada, y le dedican pocas energ\u00edas y un tiempo muy limitado.<\/p>\n<p>&#8216;Los agentes de pastoral pueden caer as\u00ed en un relativismo que, cualquiera que sea su particular estilo de espiritualidad o forma de pensamiento, resulta a\u00fan m\u00e1s peligroso que el relativismo doctrinal. Tiene que ver con las decisiones m\u00e1s profundas e \u00edntimas que dan forma a su forma de vida. Este relativismo pr\u00e1ctico consiste en actuar como si Dios no existiera, tomar decisiones como si los pobres no existieran, ponerse metas como si los dem\u00e1s no existieran, trabajar como si no existieran las personas que no han recibido el Evangelio. Llama la atenci\u00f3n que incluso algunos que tienen claras convicciones doctrinales y espirituales, con frecuencia caen en un estilo de vida que conduce al apego a la seguridad econ\u00f3mica, o al deseo de poder o de gloria humana a toda costa, en lugar de dar la vida por los dem\u00e1s en misi\u00f3n. . \u00a1No nos dejemos robar el entusiasmo misionero!&#8217;<\/p>\n<p>Esta vida, y nuestra comodidad en esta vida, deben ser consideradas siempre como metas secundarias. El prop\u00f3sito de la recreaci\u00f3n es recrearnos para nuestra misi\u00f3n. Oremos por los sacerdotes y di\u00e1conos y todos los laicos que tanto trabajan, para que puedan volver a dedicarse a esa misi\u00f3n en el esp\u00edritu de Jes\u00fas y Mar\u00eda, que siempre dieron su vida y su comodidad, para ayudar el resto de nosotros.<\/p>\n","protected":false},"excerpt":{"rendered":"<p>Jueves de la Tercera Semana de Cuaresma Alegr\u00eda del Evangelio Jes\u00fas nos comparte hoy una frase inolvidable: &amp;#8220 ;El que no es conmigo, contra m\u00ed es, y el que conmigo no recoge, desparrama.&#8221; La imagen que esto evoca es la de un pastor y su reba\u00f1o. Jes\u00fas vino a reunir a las tribus dispersas de &hellip; <a href=\"https:\/\/www.biblia.work\/articulos-biblicos\/re-creando-el-ministro-pastoral-eficaz\/\" class=\"more-link\">Continuar leyendo<span class=\"screen-reader-text\"> \u00abRe-Creando El Ministro Pastoral Eficaz\u00bb<\/span><\/a><\/p>\n","protected":false},"author":1,"featured_media":0,"comment_status":"","ping_status":"","sticky":false,"template":"","format":"standard","meta":{"footnotes":""},"categories":[1],"tags":[],"class_list":["post-30488","post","type-post","status-publish","format-standard","hentry","category-general"],"_links":{"self":[{"href":"https:\/\/www.biblia.work\/articulos-biblicos\/wp-json\/wp\/v2\/posts\/30488","targetHints":{"allow":["GET"]}}],"collection":[{"href":"https:\/\/www.biblia.work\/articulos-biblicos\/wp-json\/wp\/v2\/posts"}],"about":[{"href":"https:\/\/www.biblia.work\/articulos-biblicos\/wp-json\/wp\/v2\/types\/post"}],"author":[{"embeddable":true,"href":"https:\/\/www.biblia.work\/articulos-biblicos\/wp-json\/wp\/v2\/users\/1"}],"replies":[{"embeddable":true,"href":"https:\/\/www.biblia.work\/articulos-biblicos\/wp-json\/wp\/v2\/comments?post=30488"}],"version-history":[{"count":0,"href":"https:\/\/www.biblia.work\/articulos-biblicos\/wp-json\/wp\/v2\/posts\/30488\/revisions"}],"wp:attachment":[{"href":"https:\/\/www.biblia.work\/articulos-biblicos\/wp-json\/wp\/v2\/media?parent=30488"}],"wp:term":[{"taxonomy":"category","embeddable":true,"href":"https:\/\/www.biblia.work\/articulos-biblicos\/wp-json\/wp\/v2\/categories?post=30488"},{"taxonomy":"post_tag","embeddable":true,"href":"https:\/\/www.biblia.work\/articulos-biblicos\/wp-json\/wp\/v2\/tags?post=30488"}],"curies":[{"name":"wp","href":"https:\/\/api.w.org\/{rel}","templated":true}]}}