{"id":102,"date":"2022-08-29T22:23:41","date_gmt":"2022-08-30T03:23:41","guid":{"rendered":"https:\/\/www.biblia.work\/articulos-salud\/el-gobierno-holandes-busca-reintroducir-medidas-contra-el-covid-19\/"},"modified":"2022-08-29T22:23:41","modified_gmt":"2022-08-30T03:23:41","slug":"el-gobierno-holandes-busca-reintroducir-medidas-contra-el-covid-19","status":"publish","type":"post","link":"https:\/\/www.biblia.work\/articulos-salud\/el-gobierno-holandes-busca-reintroducir-medidas-contra-el-covid-19\/","title":{"rendered":"El gobierno holand\u00e9s busca reintroducir medidas contra el COVID-19"},"content":{"rendered":"<p>Cr\u00e9dito: Pixabay\/CC0 Dominio p\u00fablico <\/p>\n<p>El gobierno holand\u00e9s est\u00e1 buscando el consejo de un panel de expertos sobre si necesita reintroducir restricciones contra el COVID-19 en medio de tasas de infecci\u00f3n en fuerte aumento, el Ministro de salud dijo el lunes. <\/p>\n<p>Los Pa\u00edses Bajos tienen una de las tasas de infecci\u00f3n de m\u00e1s r\u00e1pido crecimiento en Europa. El promedio m\u00f3vil de 7 d\u00edas de casos nuevos diarios aument\u00f3 en las \u00faltimas dos semanas de 13,43 casos nuevos por cada 100\u00a0000 personas a 29,27 casos nuevos por cada 100\u00a0000 personas el 24 de octubre.<\/p>\n<p>\u00abSimplemente va demasiado r\u00e1pido. tenemos que enfrentar el hecho de que las cifras est\u00e1n aumentando m\u00e1s r\u00e1pido y antes de lo esperado\u00bb, dijo a los periodistas en La Haya el ministro de Salud, Hugo De Jonge. Dijo que las admisiones hospitalarias tambi\u00e9n est\u00e1n aumentando m\u00e1s r\u00e1pido de lo previsto cuando el gobierno relaj\u00f3 su confinamiento el mes pasado.<\/p>\n<p>\u00abEl gabinete tendr\u00e1 que pensar en medidas adicionales\u00bb, dijo.<\/p>\n<p>Pa\u00edses Bajos puso fin a casi todas las restricciones de COVID-19 el 25 de septiembre, incluido el fin del distanciamiento social. Al mismo tiempo, el gobierno orden\u00f3 el uso de pases de salud de coronavirus para ingresar a bares, restaurantes, cines y otros lugares p\u00fablicos.<\/p>\n<p>De Jonge dijo que el pr\u00f3ximo martes se realizar\u00e1 una conferencia de prensa para anunciar los pr\u00f3ximos pasos. . El gobierno hab\u00eda planeado su conferencia de prensa para el pr\u00f3ximo viernes.<\/p>\n<p>Se ha confirmado que m\u00e1s de 18,000 personas en los Pa\u00edses Bajos han muerto de COVID-19, aunque se cree que el n\u00famero real de muertes es mayor. <\/p>\n<p>Explore m\u00e1s<\/p>\n<p> Dutch anuncia &#8216;COVID pass&#8217;, fin del distanciamiento social <\/p>\n<p> 2021 The Associated Press. Reservados todos los derechos. Este material no puede ser publicado, transmitido, reescrito o redistribuido sin permiso. <\/p>\n<p> <strong>Cita<\/strong>: El gobierno holand\u00e9s busca reintroducir las medidas de COVID-19 (25 de octubre de 2021) recuperado el 29 de agosto de 2022 de https:\/\/medicalxpress.com\/news\/2021-10-dutch-reintroducing -covid-.html Este documento est\u00e1 sujeto a derechos de autor. Aparte de cualquier trato justo con fines de estudio o investigaci\u00f3n privados, ninguna parte puede reproducirse sin el permiso por escrito. El contenido se proporciona \u00fanicamente con fines informativos.<\/p>\n","protected":false},"excerpt":{"rendered":"<p>Cr\u00e9dito: Pixabay\/CC0 Dominio p\u00fablico El gobierno holand\u00e9s est\u00e1 buscando el consejo de un panel de expertos sobre si necesita reintroducir restricciones contra el COVID-19 en medio de tasas de infecci\u00f3n en fuerte aumento, el Ministro de salud dijo el lunes. Los Pa\u00edses Bajos tienen una de las tasas de infecci\u00f3n de m\u00e1s r\u00e1pido crecimiento en &hellip; <a href=\"https:\/\/www.biblia.work\/articulos-salud\/el-gobierno-holandes-busca-reintroducir-medidas-contra-el-covid-19\/\" class=\"more-link\">Continuar leyendo<span class=\"screen-reader-text\"> \u00abEl gobierno holand\u00e9s busca reintroducir medidas contra el COVID-19\u00bb<\/span><\/a><\/p>\n","protected":false},"author":1,"featured_media":0,"comment_status":"","ping_status":"","sticky":false,"template":"","format":"standard","meta":{"footnotes":""},"categories":[1],"tags":[],"class_list":["post-102","post","type-post","status-publish","format-standard","hentry","category-general"],"_links":{"self":[{"href":"https:\/\/www.biblia.work\/articulos-salud\/wp-json\/wp\/v2\/posts\/102","targetHints":{"allow":["GET"]}}],"collection":[{"href":"https:\/\/www.biblia.work\/articulos-salud\/wp-json\/wp\/v2\/posts"}],"about":[{"href":"https:\/\/www.biblia.work\/articulos-salud\/wp-json\/wp\/v2\/types\/post"}],"author":[{"embeddable":true,"href":"https:\/\/www.biblia.work\/articulos-salud\/wp-json\/wp\/v2\/users\/1"}],"replies":[{"embeddable":true,"href":"https:\/\/www.biblia.work\/articulos-salud\/wp-json\/wp\/v2\/comments?post=102"}],"version-history":[{"count":0,"href":"https:\/\/www.biblia.work\/articulos-salud\/wp-json\/wp\/v2\/posts\/102\/revisions"}],"wp:attachment":[{"href":"https:\/\/www.biblia.work\/articulos-salud\/wp-json\/wp\/v2\/media?parent=102"}],"wp:term":[{"taxonomy":"category","embeddable":true,"href":"https:\/\/www.biblia.work\/articulos-salud\/wp-json\/wp\/v2\/categories?post=102"},{"taxonomy":"post_tag","embeddable":true,"href":"https:\/\/www.biblia.work\/articulos-salud\/wp-json\/wp\/v2\/tags?post=102"}],"curies":[{"name":"wp","href":"https:\/\/api.w.org\/{rel}","templated":true}]}}