{"id":104,"date":"2022-08-29T22:23:44","date_gmt":"2022-08-30T03:23:44","guid":{"rendered":"https:\/\/www.biblia.work\/articulos-salud\/estudio-muestra-que-factores-ambientales-y-sociales-contribuyen-a-tasas-mas-altas-de-neumonia-en-ninos\/"},"modified":"2022-08-29T22:23:44","modified_gmt":"2022-08-30T03:23:44","slug":"estudio-muestra-que-factores-ambientales-y-sociales-contribuyen-a-tasas-mas-altas-de-neumonia-en-ninos","status":"publish","type":"post","link":"https:\/\/www.biblia.work\/articulos-salud\/estudio-muestra-que-factores-ambientales-y-sociales-contribuyen-a-tasas-mas-altas-de-neumonia-en-ninos\/","title":{"rendered":"Estudio muestra que factores ambientales y sociales contribuyen a tasas m\u00e1s altas de neumon\u00eda en ni\u00f1os"},"content":{"rendered":"<p>Un aspecto \u00fanico de este estudio es que los investigadores calcularon las concentraciones de PM2.5 utilizando datos de sat\u00e9lite. Cr\u00e9dito: Centro de Investigaci\u00f3n del Superfondo de LSU <\/p>\n<p>Un nuevo estudio dirigido por investigadores del Programa de Investigaci\u00f3n del Superfondo de LSU demuestra que los ni\u00f1os que est\u00e1n expuestos a cierto tipo de contaminaci\u00f3n del aire ambiental tienen m\u00e1s probabilidades de contraer neumon\u00eda adquirida en la comunidad, o CAP, y de ser hospitalizados por per\u00edodos m\u00e1s prolongados. Tambi\u00e9n se encontr\u00f3 que los factores sociales, incluida la raza y el nivel socioecon\u00f3mico, estaban asociados con vivir en \u00e1reas de alto riesgo de NAC. <\/p>\n<p>\u00abEsta investigaci\u00f3n contribuye al conjunto de pruebas que relacionan la mala salud respiratoria con la exposici\u00f3n a la contaminaci\u00f3n del aire ambiental, especialmente las part\u00edculas derivadas de la combusti\u00f3n\u00bb, dijo la coautora del estudio, Stephania Cormier, quien dirige el Programa de Investigaci\u00f3n Superfund de LSU.<\/p>\n<p>La investigaci\u00f3n realizada por cient\u00edficos del Programa de Investigaci\u00f3n Superfund de LSU ha mostrado patrones similares para otras enfermedades respiratorias, incluido el asma, y datos recientes sugieren implicaciones para COVID-19. <\/p>\n<p>Usando datos de un estudio de vigilancia de neumon\u00eda pedi\u00e1trica y sistemas de informaci\u00f3n geogr\u00e1fica de los Centros para el Control de Enfermedades, los investigadores identificaron \u00e1reas de alto y bajo riesgo de NAC en el \u00e1rea metropolitana de Memphis, Tennessee. Recopilaron informaci\u00f3n que inclu\u00eda la causa de la neumon\u00eda del ni\u00f1o, como una infecci\u00f3n bacteriana o viral, seguro de salud p\u00fablico versus privado, edad, raza y exposici\u00f3n a la contaminaci\u00f3n por part\u00edculas de menos de 2,5 micr\u00f3metros de di\u00e1metro o PM2.5. Estas diminutas part\u00edculas en el aire son liberadas por la combusti\u00f3n industrial, los gases de escape de los autom\u00f3viles y los incendios forestales. PM2.5 es uno de los seis contaminantes del aire regulados por la Agencia de Protecci\u00f3n Ambiental, o EPA, y est\u00e1 relacionado con tasas m\u00e1s altas de infecciones del tracto respiratorio y una pl\u00e9tora de otros problemas de salud, incluidas las enfermedades cardiovasculares. <\/p>\n<p>Cuando se analizaron de forma independiente, la raza, el tipo de seguro y la exposici\u00f3n a PM2.5 se identificaron como factores de riesgo significativos asociados con la residencia en \u00e1reas con un CAP m\u00e1s alto de lo esperado. Sin embargo, la raza fue el factor m\u00e1s significativo asociado con vivir en un \u00e1rea de alto riesgo. En el \u00e1rea metropolitana de Memphis, los ni\u00f1os negros hispanos y no hispanos fueron hospitalizados por neumon\u00eda a tasas significativamente m\u00e1s altas en comparaci\u00f3n con los ni\u00f1os blancos. <\/p>\n<p>Otro hallazgo importante de este estudio es que el riesgo para la salud asociado con niveles elevados de PM2.5 se produjo a niveles inferiores al est\u00e1ndar m\u00e1ximo reglamentario actual establecido por la EPA. <\/p>\n<p>\u00abEl hecho de que vimos un mayor riesgo de neumon\u00eda pedi\u00e1trica a niveles de PM2.5 inferiores a los permitidos actualmente por la EPA es una preocupaci\u00f3n y se\u00f1ala la necesidad de una revisi\u00f3n continua y un ajuste de pol\u00edticas basado en la evidencia de los efectos sobre la salud. y exposici\u00f3n o informaci\u00f3n de riesgo como esta\u00bb, dijo Cormier. <\/p>\n<p>La Organizaci\u00f3n Mundial de la Salud recientemente redujo los est\u00e1ndares m\u00e1ximos para part\u00edculas ambientales a nivel mundial por debajo del nivel m\u00e1ximo actual de la EPA para los EE. UU. <\/p>\n<p>Este cambio en la pol\u00edtica y esta nueva investigaci\u00f3n son especialmente significativos en el contexto de la pandemia mundial de COVID-19, causada por el s\u00edndrome respiratorio agudo severo coronavirus 2, o SARS-CoV-2. <\/p>\n<p>\u00abCOVID-19 tambi\u00e9n causa neumon\u00eda, y nuestra investigaci\u00f3n sugiere que PM2.5 puede contribuir a tasas m\u00e1s altas de infecci\u00f3n y aumento de la enfermedad entre quienes se enferman\u00bb, dijo Cormier. <\/p>\n<p>\u00abA trav\u00e9s de incre\u00edbles avances tecnol\u00f3gicos, tenemos acceso a datos satelitales de alta resoluci\u00f3n que capturan con precisi\u00f3n informaci\u00f3n sobre la contaminaci\u00f3n ambiental en cualquier parte del mundo. Pudimos usar estos datos para concentrarnos en vecindarios espec\u00edficos que est\u00e1n experimentando tasas de hospitalizaci\u00f3n por neumon\u00eda pedi\u00e1trica m\u00e1s altas que el promedio para averiguar por qu\u00e9\u00bb, dijo Tonny J. Oyana, autor principal y profesor del Departamento de Medicina Preventiva del Centro de Ciencias de la Salud de la Universidad de Tennessee y director de la Facultad de Computaci\u00f3n y Ciencias de la Informaci\u00f3n de Makerere Universidad, Uganda. <\/p>\n<p>Este estudio fue publicado en la revista cient\u00edfica Experimental Biology &amp; Medicine y fue seleccionado como art\u00edculo destacado por la revista el mes pasado. <\/p>\n<p>Explore m\u00e1s<\/p>\n<p> Una nueva investigaci\u00f3n subraya el impacto de la contaminaci\u00f3n en la salud infantil <strong>M\u00e1s informaci\u00f3n:<\/strong> Tonny J Oyana et al, La exposici\u00f3n a part\u00edculas predice la residencia en \u00e1reas de alto riesgo de neumon\u00eda adquirida en la comunidad entre ni\u00f1os hospitalizados , Biolog\u00eda y Medicina Experimental (2021). DOI: 10.1177\/15353702211014456 <strong>Informaci\u00f3n de la revista:<\/strong> Experimental Biology and Medicine <\/p>\n<p> Proporcionado por Louisiana State University <strong>Cita<\/strong>: El estudio muestra que los factores ambientales y sociales contribuyen a tasas m\u00e1s altas de neumon\u00eda en children (2021, 25 de octubre) recuperado el 29 de agosto de 2022 de https:\/\/medicalxpress.com\/news\/2021-10-environmental-social-factors-contribute-higher.html Este documento est\u00e1 sujeto a derechos de autor. Aparte de cualquier trato justo con fines de estudio o investigaci\u00f3n privados, ninguna parte puede reproducirse sin el permiso por escrito. El contenido se proporciona \u00fanicamente con fines informativos.<\/p>\n","protected":false},"excerpt":{"rendered":"<p>Un aspecto \u00fanico de este estudio es que los investigadores calcularon las concentraciones de PM2.5 utilizando datos de sat\u00e9lite. Cr\u00e9dito: Centro de Investigaci\u00f3n del Superfondo de LSU Un nuevo estudio dirigido por investigadores del Programa de Investigaci\u00f3n del Superfondo de LSU demuestra que los ni\u00f1os que est\u00e1n expuestos a cierto tipo de contaminaci\u00f3n del aire &hellip; <a href=\"https:\/\/www.biblia.work\/articulos-salud\/estudio-muestra-que-factores-ambientales-y-sociales-contribuyen-a-tasas-mas-altas-de-neumonia-en-ninos\/\" class=\"more-link\">Continuar leyendo<span class=\"screen-reader-text\"> \u00abEstudio muestra que factores ambientales y sociales contribuyen a tasas m\u00e1s altas de neumon\u00eda en ni\u00f1os\u00bb<\/span><\/a><\/p>\n","protected":false},"author":1,"featured_media":0,"comment_status":"","ping_status":"","sticky":false,"template":"","format":"standard","meta":{"footnotes":""},"categories":[1],"tags":[],"class_list":["post-104","post","type-post","status-publish","format-standard","hentry","category-general"],"_links":{"self":[{"href":"https:\/\/www.biblia.work\/articulos-salud\/wp-json\/wp\/v2\/posts\/104","targetHints":{"allow":["GET"]}}],"collection":[{"href":"https:\/\/www.biblia.work\/articulos-salud\/wp-json\/wp\/v2\/posts"}],"about":[{"href":"https:\/\/www.biblia.work\/articulos-salud\/wp-json\/wp\/v2\/types\/post"}],"author":[{"embeddable":true,"href":"https:\/\/www.biblia.work\/articulos-salud\/wp-json\/wp\/v2\/users\/1"}],"replies":[{"embeddable":true,"href":"https:\/\/www.biblia.work\/articulos-salud\/wp-json\/wp\/v2\/comments?post=104"}],"version-history":[{"count":0,"href":"https:\/\/www.biblia.work\/articulos-salud\/wp-json\/wp\/v2\/posts\/104\/revisions"}],"wp:attachment":[{"href":"https:\/\/www.biblia.work\/articulos-salud\/wp-json\/wp\/v2\/media?parent=104"}],"wp:term":[{"taxonomy":"category","embeddable":true,"href":"https:\/\/www.biblia.work\/articulos-salud\/wp-json\/wp\/v2\/categories?post=104"},{"taxonomy":"post_tag","embeddable":true,"href":"https:\/\/www.biblia.work\/articulos-salud\/wp-json\/wp\/v2\/tags?post=104"}],"curies":[{"name":"wp","href":"https:\/\/api.w.org\/{rel}","templated":true}]}}