{"id":10442,"date":"2022-08-30T04:04:38","date_gmt":"2022-08-30T09:04:38","guid":{"rendered":"https:\/\/www.biblia.work\/articulos-salud\/estudio-encuentra-efectos-directos-del-coronavirus-en-los-sintomas-a-largo-plazo\/"},"modified":"2022-08-30T04:04:38","modified_gmt":"2022-08-30T09:04:38","slug":"estudio-encuentra-efectos-directos-del-coronavirus-en-los-sintomas-a-largo-plazo","status":"publish","type":"post","link":"https:\/\/www.biblia.work\/articulos-salud\/estudio-encuentra-efectos-directos-del-coronavirus-en-los-sintomas-a-largo-plazo\/","title":{"rendered":"Estudio encuentra efectos directos del coronavirus en los s\u00edntomas a largo plazo"},"content":{"rendered":"<p>Resumen gr\u00e1fico. Cr\u00e9dito: Revista de Medicina Interna (2022). DOI: 10.1111\/joim.13482 <\/p>\n<p>La enfermedad post-COVID se caracteriza por s\u00edntomas persistentes de COVID-19 al menos tres meses despu\u00e9s de una infecci\u00f3n por SARS-CoV-2. Ante la gran diversidad de s\u00edntomas y el conocimiento emergente sobre el tema, las comunidades cient\u00edfica y m\u00e9dica desean comprender mejor la evoluci\u00f3n y las causas exactas de esta condici\u00f3n. \u00bfSe deben principalmente a la propia infecci\u00f3n oa efectos indirectos inducidos por la situaci\u00f3n de pandemia, en particular las medidas sanitarias y las situaciones sociales y econ\u00f3micas resultantes? <\/p>\n<p>Al comparar, un a\u00f1o despu\u00e9s, las personas que dieron positivo para SARS-CoV-2 con las que dieron negativo, los investigadores de HUG y UNIGE informan que el 33,4 % de las personas infectadas ten\u00edan s\u00edntomas residuales de leves a moderados, en comparaci\u00f3n con el 6,5 % en el grupo de control \u201cNuestros resultados confirman que la principal causa de la condici\u00f3n post-COVID es la infecci\u00f3n por el virus, pero que tambi\u00e9n debemos considerar los efectos indirectos generados por la situaci\u00f3n de pandemia\u201d, dice la primera autora del estudio, la Dra. Mayssam Nehme, senior residente en la Divisi\u00f3n de Medicina de Atenci\u00f3n Primaria en el HUG.<\/p>\n<p>Capacidad funcional afectada<\/p>\n<p>Personas sintom\u00e1ticas evaluadas para SARS-CoV-2 de abril a julio de 2021 en HUG fueron seguidas durante un a\u00f1o despu\u00e9s de su infecci\u00f3n con la variante Alfa. Se incluyeron en el estudio 1.447 personas, el 20 % de las cuales tuvieron una prueba PCR positiva y el 80 % una prueba PCR negativa.<\/p>\n<p>Los principales s\u00edntomas informados por los participantes incluyeron fatiga, disnea (dificultad para respirar), dolores de cabeza, insomnio y dificultad para concentrarse. Las personas infectadas con SARS-CoV-2 informaron que estos s\u00edntomas afectaron su capacidad funcional en el 30,5% de los casos, en comparaci\u00f3n con el 6,6% del grupo de control. Cabe destacar que la productividad o la capacidad de trabajo es hasta tres veces menor en las personas infectadas. Mayssam Nehme est\u00e1 preocupada: \u00abEsta p\u00e9rdida de capacidad funcional afecta los aspectos sociales, profesionales y personales de la vida. Por lo tanto, podr\u00eda tener un costo importante para la sociedad en general\u00bb. Sobre todo porque todo el mundo puede desarrollar s\u00edntomas persistentes: hombres y mujeres, personas menores de 60 a\u00f1os y personas sin antecedentes m\u00e9dicos o psiqui\u00e1tricos.<\/p>\n<p>Deterioro de la calidad de vida<\/p>\n<p>La calidad de vida y el bienestar mental -Se encontr\u00f3 que era pobre en ambos grupos, lo que sugiere un impacto general de la pandemia en la calidad de vida, independientemente de la infecci\u00f3n. Los niveles de ansiedad y depresi\u00f3n son a\u00fan m\u00e1s altos en el grupo no infectado que en el grupo infectado.<\/p>\n<p>Reducir el riesgo<\/p>\n<p>Los s\u00edntomas persistentes afectan la capacidad funcional hasta 12 meses despu\u00e9s de la infecci\u00f3n. \u00abEstos resultados confirman que esta condici\u00f3n a largo plazo es compleja, que puede afectar la vida cotidiana y que ciertamente solo estamos viendo una parte de ella. Por lo tanto, es necesario establecer una atenci\u00f3n adecuada, es decir, un plan de consulta y manejo multidisciplinario dado el gran diversidad de s\u00edntomas\u00bb, indica Idris Guessous, m\u00e9dico Jefe de la Divisi\u00f3n de Medicina de Atenci\u00f3n Primaria del HUG y profesor asociado de la UNIGE.<\/p>\n<p>A medida que el SARS-CoV-2 contin\u00faa evolucionando y propag\u00e1ndose, m\u00e9dicos y profesionales debe continuar monitoreando a los pacientes y alent\u00e1ndolos a evitar una infecci\u00f3n o reinfecci\u00f3n, independientemente de su edad, sexo y estado de salud, para reducir el riesgo de desarrollar una condici\u00f3n post-COVID.<\/p>\n<p>\u00bfSufre de una condici\u00f3n post-COVID? &#8211; \u00bfCondici\u00f3n COVID?<\/p>\n<p>Los autores del estudio tambi\u00e9n crearon la plataforma RAFAEL en noviembre de 2021 (en franc\u00e9s). Permite a los ciudadanos y usuarios determinar si presentan o no s\u00edntomas persistentes post-COVID y orientarlos dentro de la red asistencial. Rafael es para todas las edades.<\/p>\n<p>RAFAEL organiza seminarios web mensuales hasta junio, lo que permite a los internautas intercambiar con m\u00e9dicos del HUG y otros especialistas en relaci\u00f3n con este tema. El pr\u00f3ximo se llevar\u00e1 a cabo el mi\u00e9rcoles 6 de abril.<\/p>\n<p>Programa de seminarios web: post-covid.hug.ch\/evenements-agenda <\/p>\n<p>Explore m\u00e1s<\/p>\n<p> Preg\u00fantele al pediatra: \u00bfLos ni\u00f1os que tienen \u00bfCOVID todav\u00eda necesitaba la vacuna? <strong>M\u00e1s informaci\u00f3n:<\/strong> Mayssam Nehme et al, 1 a\u00f1o de s\u00edntomas persistentes y deterioro funcional en individuos positivos y negativos para SARSCoV2, Journal of Internal Medicine (2022). DOI: 10.1111\/joim.13482 Proporcionado por Hpitaux Universitaires de Genve <strong>Cita<\/strong>: El estudio encuentra efectos directos del coronavirus en los s\u00edntomas a largo plazo (2022, 16 de marzo) recuperado el 29 de agosto de 2022 de https:\/\/medicalxpress .com\/news\/2022-03-effects-coronavirus-long-term-symptoms.html Este documento est\u00e1 sujeto a derechos de autor. Aparte de cualquier trato justo con fines de estudio o investigaci\u00f3n privados, ninguna parte puede reproducirse sin el permiso por escrito. El contenido se proporciona \u00fanicamente con fines informativos.<\/p>\n","protected":false},"excerpt":{"rendered":"<p>Resumen gr\u00e1fico. Cr\u00e9dito: Revista de Medicina Interna (2022). DOI: 10.1111\/joim.13482 La enfermedad post-COVID se caracteriza por s\u00edntomas persistentes de COVID-19 al menos tres meses despu\u00e9s de una infecci\u00f3n por SARS-CoV-2. Ante la gran diversidad de s\u00edntomas y el conocimiento emergente sobre el tema, las comunidades cient\u00edfica y m\u00e9dica desean comprender mejor la evoluci\u00f3n y las &hellip; <a href=\"https:\/\/www.biblia.work\/articulos-salud\/estudio-encuentra-efectos-directos-del-coronavirus-en-los-sintomas-a-largo-plazo\/\" class=\"more-link\">Continuar leyendo<span class=\"screen-reader-text\"> \u00abEstudio encuentra efectos directos del coronavirus en los s\u00edntomas a largo plazo\u00bb<\/span><\/a><\/p>\n","protected":false},"author":1,"featured_media":0,"comment_status":"","ping_status":"","sticky":false,"template":"","format":"standard","meta":{"footnotes":""},"categories":[1],"tags":[],"class_list":["post-10442","post","type-post","status-publish","format-standard","hentry","category-general"],"_links":{"self":[{"href":"https:\/\/www.biblia.work\/articulos-salud\/wp-json\/wp\/v2\/posts\/10442","targetHints":{"allow":["GET"]}}],"collection":[{"href":"https:\/\/www.biblia.work\/articulos-salud\/wp-json\/wp\/v2\/posts"}],"about":[{"href":"https:\/\/www.biblia.work\/articulos-salud\/wp-json\/wp\/v2\/types\/post"}],"author":[{"embeddable":true,"href":"https:\/\/www.biblia.work\/articulos-salud\/wp-json\/wp\/v2\/users\/1"}],"replies":[{"embeddable":true,"href":"https:\/\/www.biblia.work\/articulos-salud\/wp-json\/wp\/v2\/comments?post=10442"}],"version-history":[{"count":0,"href":"https:\/\/www.biblia.work\/articulos-salud\/wp-json\/wp\/v2\/posts\/10442\/revisions"}],"wp:attachment":[{"href":"https:\/\/www.biblia.work\/articulos-salud\/wp-json\/wp\/v2\/media?parent=10442"}],"wp:term":[{"taxonomy":"category","embeddable":true,"href":"https:\/\/www.biblia.work\/articulos-salud\/wp-json\/wp\/v2\/categories?post=10442"},{"taxonomy":"post_tag","embeddable":true,"href":"https:\/\/www.biblia.work\/articulos-salud\/wp-json\/wp\/v2\/tags?post=10442"}],"curies":[{"name":"wp","href":"https:\/\/api.w.org\/{rel}","templated":true}]}}