{"id":10448,"date":"2022-08-30T04:04:52","date_gmt":"2022-08-30T09:04:52","guid":{"rendered":"https:\/\/www.biblia.work\/articulos-salud\/oms-advierte-sobre-aumento-de-casos-de-covid\/"},"modified":"2022-08-30T04:04:52","modified_gmt":"2022-08-30T09:04:52","slug":"oms-advierte-sobre-aumento-de-casos-de-covid","status":"publish","type":"post","link":"https:\/\/www.biblia.work\/articulos-salud\/oms-advierte-sobre-aumento-de-casos-de-covid\/","title":{"rendered":"OMS advierte sobre aumento de casos de COVID"},"content":{"rendered":"<p>Cr\u00e9dito: Pixabay\/CC0 Dominio p\u00fablico <\/p>\n<p>La Organizaci\u00f3n Mundial de la Salud expres\u00f3 su alarma el mi\u00e9rcoles de que los casos registrados de COVID est\u00e1n aumentando nuevamente en todo el mundo, a pesar de que los niveles de prueba han disminuido significativamente. <\/p>\n<p>Despu\u00e9s de caer durante semanas, los casos reportados de COVID aumentaron a nivel mundial en un ocho por ciento la semana pasada, con m\u00e1s de 11 millones de casos y m\u00e1s de 43,000 nuevas muertes registradas, dijo la OMS.<\/p>\n<p>Y en la regi\u00f3n del Pac\u00edfico Occidental, nuevos los casos se dispararon la semana pasada en un 29 por ciento.<\/p>\n<p>El n\u00famero de casos en la regi\u00f3n ha ido en aumento desde finales de diciembre y el Pac\u00edfico Occidental ahora ha superado a Europa como el punto de acceso global para nuevos casos detectados, con 5.02 millones, en comparaci\u00f3n con 4,99 millones en Europa.<\/p>\n<p>Maria Van Kerkhove, l\u00edder t\u00e9cnica de la OMS en COVID-19, lament\u00f3 el aumento global y dijo en una conferencia de prensa que se produjo \u00aba pesar de una reducci\u00f3n significativa en las pruebas que se est\u00e1 produciendo\u00bb. en todo el mundo\u00bb.<\/p>\n<p>El jefe de la OMS, Tedros Adhanom Ghebreyesus, estuvo de acuerdo y advirti\u00f3 que la falta de visibilidad debido a la reducci\u00f3n de las pruebas significaba que \u00ablos casos que estamos viendo son solo la punta del iceberg\u00bb.<\/p>\n<p> \u00abY sabemos que cuando aumentan los casos, tambi\u00e9n aumentan las muertes\u00bb, dijo, destacando \u00abniveles inaceptablemente altos de mortalidad en m cualquier pa\u00eds, especialmente donde los niveles de vacunaci\u00f3n son bajos entre las poblaciones susceptibles\u00bb.<\/p>\n<p>\u00abHacemos un llamado a todos los pa\u00edses para que se mantengan alerta\u00bb, dijo, y enfatiz\u00f3 que \u00abla pandemia no ha terminado\u00bb.<\/p>\n<p>M\u00e1s de dos a\u00f1os despu\u00e9s de la pandemia, que ha cobrado oficialmente m\u00e1s de seis millones de muertes y se cree que la cifra real es varias veces mayor, el resurgimiento de los casos informados se debe a una \u00abcombinaci\u00f3n de factores\u00bb, dijo Van Kerkhove.<\/p>\n<p>Destac\u00f3 que la variante Omicron todav\u00eda se estaba extendiendo \u00aba un nivel muy intenso en todo el mundo\u00bb.<\/p>\n<p>Uno de los sublinajes de esa variante, el BA.2, es particularmente transmisible y es ahora, con mucho, el m\u00e1s frecuente en las muestras recolectadas y secuenciadas.<\/p>\n<p>\u00abEsta es la variante m\u00e1s transmisible que hemos visto del virus SARS-CoV-2 hasta la fecha\u00bb, dijo.<\/p>\n<p>Al mismo tiempo, muchos pa\u00edses ahora han levantado la mayor\u00eda, si no todas, las restricciones de COVID, mientras que el acceso y la aceptaci\u00f3n de las vacunas ha sido inequitativo y desigual, lo que lo hace a\u00fan m\u00e1s f\u00e1cil. r para que el virus se propague, dijo.<\/p>\n<p>Van Kerkhove tambi\u00e9n lament\u00f3 las \u00abenormes cantidades de informaci\u00f3n err\u00f3nea que hay\u00bb.<\/p>\n<p>\u00abLa informaci\u00f3n err\u00f3nea de que Omicron es leve, la informaci\u00f3n err\u00f3nea de que el la pandemia ha terminado, la informaci\u00f3n err\u00f3nea de que esta es la \u00faltima variante con la que tendremos que lidiar.<\/p>\n<p>\u00abEsto realmente est\u00e1 causando mucha confusi\u00f3n\u00bb, advirti\u00f3.<\/p>\n<p>Pero Ven Kerkhove enfatiz\u00f3 que el mundo sabe c\u00f3mo controlar el COVID.<\/p>\n<p>\u00abLa buena noticia es que tenemos las herramientas que pueden reducir la propagaci\u00f3n\u00bb, dijo.<\/p>\n<p>\u00abSabemos que enmascarar obras. Sabemos que el distanciamiento f\u00edsico funciona, sabemos que la vacunaci\u00f3n salva vidas\u00bb.<\/p>\n<p>\u00abTenemos que continuar\u00bb. <\/p>\n<p>Explorar m\u00e1s<\/p>\n<p> Dos a\u00f1os despu\u00e9s, la OMS advierte que la pandemia est\u00e1 \u00ablejos de terminar\u00bb <\/p>\n<p> 2022 AFP <\/p>\n<p> <strong>Cita<\/strong>: La OMS advierte sobre el aumento de los casos de COVID (16 de marzo de 2022) consultado el 29 de agosto de 2022 en https:\/\/medicalxpress.com\/news\/2022-03-soaring -covid-cases.html Este documento est\u00e1 sujeto a derechos de autor. Adem\u00e1s de cualquier trato justo con fines de estudio o investigaci\u00f3n privados, ninguna parte puede reproducirse sin el permiso por escrito. El contenido se proporciona \u00fanicamente con fines informativos.<\/p>\n","protected":false},"excerpt":{"rendered":"<p>Cr\u00e9dito: Pixabay\/CC0 Dominio p\u00fablico La Organizaci\u00f3n Mundial de la Salud expres\u00f3 su alarma el mi\u00e9rcoles de que los casos registrados de COVID est\u00e1n aumentando nuevamente en todo el mundo, a pesar de que los niveles de prueba han disminuido significativamente. Despu\u00e9s de caer durante semanas, los casos reportados de COVID aumentaron a nivel mundial en &hellip; <a href=\"https:\/\/www.biblia.work\/articulos-salud\/oms-advierte-sobre-aumento-de-casos-de-covid\/\" class=\"more-link\">Continuar leyendo<span class=\"screen-reader-text\"> \u00abOMS advierte sobre aumento de casos de COVID\u00bb<\/span><\/a><\/p>\n","protected":false},"author":1,"featured_media":0,"comment_status":"","ping_status":"","sticky":false,"template":"","format":"standard","meta":{"footnotes":""},"categories":[1],"tags":[],"class_list":["post-10448","post","type-post","status-publish","format-standard","hentry","category-general"],"_links":{"self":[{"href":"https:\/\/www.biblia.work\/articulos-salud\/wp-json\/wp\/v2\/posts\/10448","targetHints":{"allow":["GET"]}}],"collection":[{"href":"https:\/\/www.biblia.work\/articulos-salud\/wp-json\/wp\/v2\/posts"}],"about":[{"href":"https:\/\/www.biblia.work\/articulos-salud\/wp-json\/wp\/v2\/types\/post"}],"author":[{"embeddable":true,"href":"https:\/\/www.biblia.work\/articulos-salud\/wp-json\/wp\/v2\/users\/1"}],"replies":[{"embeddable":true,"href":"https:\/\/www.biblia.work\/articulos-salud\/wp-json\/wp\/v2\/comments?post=10448"}],"version-history":[{"count":0,"href":"https:\/\/www.biblia.work\/articulos-salud\/wp-json\/wp\/v2\/posts\/10448\/revisions"}],"wp:attachment":[{"href":"https:\/\/www.biblia.work\/articulos-salud\/wp-json\/wp\/v2\/media?parent=10448"}],"wp:term":[{"taxonomy":"category","embeddable":true,"href":"https:\/\/www.biblia.work\/articulos-salud\/wp-json\/wp\/v2\/categories?post=10448"},{"taxonomy":"post_tag","embeddable":true,"href":"https:\/\/www.biblia.work\/articulos-salud\/wp-json\/wp\/v2\/tags?post=10448"}],"curies":[{"name":"wp","href":"https:\/\/api.w.org\/{rel}","templated":true}]}}