{"id":10457,"date":"2022-08-30T04:05:12","date_gmt":"2022-08-30T09:05:12","guid":{"rendered":"https:\/\/www.biblia.work\/articulos-salud\/el-sueno-de-los-ninos-se-vio-interrumpido-durante-la-pandemia-segun-un-estudio\/"},"modified":"2022-08-30T04:05:12","modified_gmt":"2022-08-30T09:05:12","slug":"el-sueno-de-los-ninos-se-vio-interrumpido-durante-la-pandemia-segun-un-estudio","status":"publish","type":"post","link":"https:\/\/www.biblia.work\/articulos-salud\/el-sueno-de-los-ninos-se-vio-interrumpido-durante-la-pandemia-segun-un-estudio\/","title":{"rendered":"El sue\u00f1o de los ni\u00f1os se vio interrumpido durante la pandemia, seg\u00fan un estudio"},"content":{"rendered":"<p>Cr\u00e9dito: CC0 Public Domain <\/p>\n<p>Una revisi\u00f3n de investigaci\u00f3n de dos a\u00f1os de estudios del sue\u00f1o durante la pandemia muestra que los ni\u00f1os y las personas que contrajeron COVID-19 sufrieron el mayor impacto mientras dorm\u00edan calidad, seg\u00fan un estudio publicado recientemente en Sleep Medicine Reviews. <\/p>\n<p>\u00abLa cantidad de ni\u00f1os con trastornos del sue\u00f1o casi se duplic\u00f3. Fue algo sorprendente que uno de los mayores impactos que encontramos fuera entre los ni\u00f1os\u00bb, dijo el Dr. Michael Vitiello, autor principal del estudio y profesor de la Universidad de Washington (UW ) Medicina psiquiatra y especialista del sue\u00f1o. <\/p>\n<p>Antes de que surgiera la pandemia en 2020, aproximadamente el 25 % de los ni\u00f1os sufr\u00edan trastornos del sue\u00f1o, seg\u00fan el informe. Durante la pandemia, ese porcentaje salt\u00f3 al 46%, una estad\u00edstica que el estudio calific\u00f3 de \u00abalarmante\u00bb. Los trastornos del sue\u00f1o entre los ni\u00f1os de 10 a 17 a\u00f1os se atribuyeron a la hora de acostarse y despertarse, la incapacidad de realizar actividades al aire libre durante el encierro, el aprendizaje remoto y la falta de actividades sociales en persona.<\/p>\n<p>Los ni\u00f1os tambi\u00e9n notaron el estr\u00e9s de los adultos que los rodean, se\u00f1al\u00f3 Vitiello.<\/p>\n<p>\u00abFue muy sorprendente, un poco contradictorio que los ni\u00f1os y adolescentes se vean tan afectados. Pero si lo piensas bien, son ellos los que no tener la informaci\u00f3n para procesar lo que est\u00e1 pasando\u00bb, dijo Vitiello. \u00abEs de esperar que no hayan aprendido los mecanismos de afrontamiento que tienen los adultos. Se est\u00e1n dando cuenta de las preocupaciones de los compa\u00f1eros y de los padres. Muchas cosas pueden explicar esa sensibilidad\u00bb.<\/p>\n<p>Esta cifra fue parte de un metan\u00e1lisis integral y uno de los m\u00e1s grandes de su tipo que revis\u00f3 250 art\u00edculos de investigaci\u00f3n en todo el mundo que involucraron a 493\u00a0000 personas en 49 pa\u00edses, incluido Estados Unidos.<\/p>\n<p>Este estudio sigue a un estudio m\u00e1s peque\u00f1o de 2021 tambi\u00e9n escrito por Vitiello, en el que alrededor del 40% de los participantes reportaron problemas para dormir. Ese n\u00famero inclu\u00eda el 75% de los pacientes con COVID-19 que ten\u00edan problemas, el 36% de los trabajadores de la salud y el 32% de la poblaci\u00f3n en general. Los adultos j\u00f3venes y las mujeres parec\u00edan particularmente afectados por el primer a\u00f1o de la pandemia, anot\u00f3 el estudio.<\/p>\n<p>\u00abEste aumento fue particularmente sorprendente en los adultos j\u00f3venes y las mujeres\u00bb, dijo en ese momento. \u00abUna intersecci\u00f3n donde los riesgos de s\u00edntomas de ansiedad, s\u00edntomas depresivos y problemas para dormir son altos. Los adultos j\u00f3venes tambi\u00e9n son m\u00e1s sensibles al aislamiento social. No est\u00e1n desarrollados como adultos en habilidades de afrontamiento\u00bb.<\/p>\n<p>En el nuevo metan\u00e1lisis, la ruptura fue similar. Se identificaron seis poblaciones principales, con el 52 % de los pacientes con COVID-19 que reportaron un problema con el sue\u00f1o, el 42,5 % de los ni\u00f1os y adolescentes, el 41 % de los trabajadores de la salud y el 36 % de la poblaci\u00f3n general<\/p>\n<p>\u00bb Otro hallazgo interesante es que la frecuencia de los trastornos del sue\u00f1o informados en 2021 parece ser mayor que en 2020, lo que sugiere que la pandemia de COVID-19 sigue teniendo un impacto negativo en el sue\u00f1o\u00bb, dijo.<\/p>\n<p>El pr\u00f3ximo Los pasos para su equipo ser\u00e1n examinar c\u00f3mo podr\u00eda verse afectado el sue\u00f1o ahora que la pandemia parece estar disminuyendo.<\/p>\n<p>\u00abEstaremos analizando los datos para ver si los problemas del sue\u00f1o retroceden, se estabilizan o empeoran\u00bb, Vitiello dijo. \u00abA menudo, las personas experimentan un problema que perturba el sue\u00f1o, pero una vez que desaparece, la alteraci\u00f3n del sue\u00f1o puede volverse cr\u00f3nica. Es una pregunta abierta en este momento en el contexto de la pandemia\u00bb.<\/p>\n<p>Se necesita un seguimiento de los grupos m\u00e1s afectadosni\u00f1os, pacientes con COVID-19, estudiantes universitarios y mujeres embarazadas sobre si las interrupciones del sue\u00f1o persisten y si podr\u00edan estar asociadas con otros problemas de salud cr\u00f3nicos, dijo.<\/p>\n<p>Estudios han confirmado que la p\u00e9rdida de sue\u00f1o afecta la sangre az\u00facar, la salud del coraz\u00f3n, la salud del cerebro y la depresi\u00f3n. Podr\u00eda ser \u00fatil para los m\u00e9dicos de atenci\u00f3n primaria y los pediatras preguntar de forma m\u00e1s rutinaria a los pacientes sobre la calidad del sue\u00f1o durante las visitas al consultorio, sugiri\u00f3 Vitiello. <\/p>\n<p>Explore m\u00e1s<\/p>\n<p> \u00bfTiene &#8216;COVID-somnia&#8217;? Estos consejos para dormir podr\u00edan ayudar a <strong>M\u00e1s informaci\u00f3n:<\/strong> Haitham A. Jahrami et al, Trastornos del sue\u00f1o durante la pandemia de COVID-19: una revisi\u00f3n sistem\u00e1tica, metan\u00e1lisis y metarregresi\u00f3n, Sleep Medicine Reviews (2022) . DOI: 10.1016\/j.smrv.2022.101591 Proporcionado por la Universidad de Washington <strong>Cita<\/strong>: El sue\u00f1o de los ni\u00f1os se interrumpi\u00f3 durante la pandemia, seg\u00fan un estudio (16 de marzo de 2022) consultado el 29 de agosto de 2022 en https:\/\/medicalxpress. com\/news\/2022-03-kids-disrupted-pandemic.html Este documento est\u00e1 sujeto a derechos de autor. Aparte de cualquier trato justo con fines de estudio o investigaci\u00f3n privados, ninguna parte puede reproducirse sin el permiso por escrito. El contenido se proporciona \u00fanicamente con fines informativos.<\/p>\n","protected":false},"excerpt":{"rendered":"<p>Cr\u00e9dito: CC0 Public Domain Una revisi\u00f3n de investigaci\u00f3n de dos a\u00f1os de estudios del sue\u00f1o durante la pandemia muestra que los ni\u00f1os y las personas que contrajeron COVID-19 sufrieron el mayor impacto mientras dorm\u00edan calidad, seg\u00fan un estudio publicado recientemente en Sleep Medicine Reviews. \u00abLa cantidad de ni\u00f1os con trastornos del sue\u00f1o casi se duplic\u00f3. &hellip; <a href=\"https:\/\/www.biblia.work\/articulos-salud\/el-sueno-de-los-ninos-se-vio-interrumpido-durante-la-pandemia-segun-un-estudio\/\" class=\"more-link\">Continuar leyendo<span class=\"screen-reader-text\"> \u00abEl sue\u00f1o de los ni\u00f1os se vio interrumpido durante la pandemia, seg\u00fan un estudio\u00bb<\/span><\/a><\/p>\n","protected":false},"author":1,"featured_media":0,"comment_status":"","ping_status":"","sticky":false,"template":"","format":"standard","meta":{"footnotes":""},"categories":[1],"tags":[],"class_list":["post-10457","post","type-post","status-publish","format-standard","hentry","category-general"],"_links":{"self":[{"href":"https:\/\/www.biblia.work\/articulos-salud\/wp-json\/wp\/v2\/posts\/10457","targetHints":{"allow":["GET"]}}],"collection":[{"href":"https:\/\/www.biblia.work\/articulos-salud\/wp-json\/wp\/v2\/posts"}],"about":[{"href":"https:\/\/www.biblia.work\/articulos-salud\/wp-json\/wp\/v2\/types\/post"}],"author":[{"embeddable":true,"href":"https:\/\/www.biblia.work\/articulos-salud\/wp-json\/wp\/v2\/users\/1"}],"replies":[{"embeddable":true,"href":"https:\/\/www.biblia.work\/articulos-salud\/wp-json\/wp\/v2\/comments?post=10457"}],"version-history":[{"count":0,"href":"https:\/\/www.biblia.work\/articulos-salud\/wp-json\/wp\/v2\/posts\/10457\/revisions"}],"wp:attachment":[{"href":"https:\/\/www.biblia.work\/articulos-salud\/wp-json\/wp\/v2\/media?parent=10457"}],"wp:term":[{"taxonomy":"category","embeddable":true,"href":"https:\/\/www.biblia.work\/articulos-salud\/wp-json\/wp\/v2\/categories?post=10457"},{"taxonomy":"post_tag","embeddable":true,"href":"https:\/\/www.biblia.work\/articulos-salud\/wp-json\/wp\/v2\/tags?post=10457"}],"curies":[{"name":"wp","href":"https:\/\/api.w.org\/{rel}","templated":true}]}}