{"id":10473,"date":"2022-08-30T04:05:45","date_gmt":"2022-08-30T09:05:45","guid":{"rendered":"https:\/\/www.biblia.work\/articulos-salud\/expertos-descubren-diferencias-cerebrales-en-ninos-pequenos-con-trastorno-por-atracon\/"},"modified":"2022-08-30T04:05:45","modified_gmt":"2022-08-30T09:05:45","slug":"expertos-descubren-diferencias-cerebrales-en-ninos-pequenos-con-trastorno-por-atracon","status":"publish","type":"post","link":"https:\/\/www.biblia.work\/articulos-salud\/expertos-descubren-diferencias-cerebrales-en-ninos-pequenos-con-trastorno-por-atracon\/","title":{"rendered":"Expertos descubren diferencias cerebrales en ni\u00f1os peque\u00f1os con trastorno por atrac\u00f3n"},"content":{"rendered":"<p>Cr\u00e9dito: Psychiatry Research (2022). DOI: 10.1016\/j.psychres.2022.114473 <\/p>\n<p>Esc\u00e1neres cerebrales de ni\u00f1os de entre 9 y 10 a\u00f1os con un tipo de trastorno alimentario que provoca un exceso de alimentaci\u00f3n incontrolable mostraron diferencias en la densidad de la materia gris en comparaci\u00f3n con sus compa\u00f1eros no afectados, seg\u00fan un estudio dirigido por la USC. <\/p>\n<p>El trastorno por atrac\u00f3n, que afecta a alrededor del 35 % de la poblaci\u00f3n de EE. UU., se caracteriza por episodios frecuentes de ingesta de grandes cantidades de alimentos y una sensaci\u00f3n de no tener control sobre el comportamiento. Los hallazgos del estudio sugieren que el desarrollo anormal en los centros cerebrales de recompensa e inhibici\u00f3n puede desempe\u00f1ar un papel.<\/p>\n<p>El estudio publicado recientemente est\u00e1 disponible en l\u00ednea en la revista Psychiatry Research.<\/p>\n<p>\u00abEn ni\u00f1os con el trastorno por atrac\u00f3n, vemos anomal\u00edas en el desarrollo del cerebro en regiones del cerebro espec\u00edficamente relacionadas con la recompensa y la impulsividad, o la capacidad de inhibir la recompensa\u00bb, dijo el autor principal Stuart Murray, profesor asociado de psiquiatr\u00eda y ciencias del comportamiento de Della Martin en la Escuela de Medicina de la USC, donde se desempe\u00f1a como director del Programa de Trastornos de la Alimentaci\u00f3n.<\/p>\n<p>\u00abEstos ni\u00f1os tienen una sensibilidad a la recompensa muy, muy elevada, especialmente hacia los alimentos con alto contenido cal\u00f3rico y alto contenido de az\u00facar. Los hallazgos subrayan el hecho de que esto no es una falta de disciplina para estos ni\u00f1os\u00bb.<\/p>\n<p>La pandemia vio un aumento en los trastornos alimentarios entre los j\u00f3venes<\/p>\n<p>Los expertos dicen que los trastornos alimentarios en los j\u00f3venes se dispararon durante la pandemia, junto con aumentos en hosp italizaciones. El aislamiento social, el estr\u00e9s, la interrupci\u00f3n de la rutina y la b\u00fasqueda de la perfecci\u00f3n impulsada por las redes sociales exacerbaron trastornos como la anorexia, la dismorfia muscular y los atracones.<\/p>\n<p>El trastorno por atracones pone a las personas en riesgo de obesidad, s\u00edndrome metab\u00f3lico, funci\u00f3n card\u00edaca anormal y pensamientos suicidas. Los objetivos del tratamiento incluyen reducir la frecuencia de los episodios de atracones al eliminar los alimentos \u00abdesencadenantes\u00bb, as\u00ed como abordar la ansiedad o la depresi\u00f3n subyacentes. El tratamiento con medicamentos y terapia de conversaci\u00f3n es efectivo solo la mitad de las veces, dijo Murray.<\/p>\n<p>Para este estudio, Murray y sus colegas analizaron esc\u00e1neres cerebrales y otros datos de 71 ni\u00f1os con trastorno por atrac\u00f3n diagnosticado y 74 ni\u00f1os sin trastorno por atrac\u00f3n, que forman parte de un gran estudio longitudinal llamado Estudio del Desarrollo Cognitivo y del Cerebro Adolescente. Ese estudio incluye datos de 11 875 ni\u00f1os de 910 a\u00f1os de edad que se inscribieron en 2016-2018 y se reclutaron en 21 sitios alrededor de los EE. UU.<\/p>\n<p>En los ni\u00f1os con trastorno por atrac\u00f3n, observaron elevaciones en la densidad de la materia gris en \u00e1reas que son t\u00edpicamente \u00bb podados\u00bb durante el desarrollo saludable del cerebro. La poda sin\u00e1ptica, una fase de desarrollo que ocurre entre los dos y los 10 a\u00f1os, elimina las sinapsis que ya no se usan, lo que hace que el cerebro sea m\u00e1s eficiente. La poda sin\u00e1ptica perturbada est\u00e1 relacionada con una serie de trastornos psiqui\u00e1tricos.<\/p>\n<p>\u00abEste estudio me sugiere que el trastorno por atrac\u00f3n est\u00e1 conectado al cerebro, incluso desde una edad muy, muy temprana\u00bb, dijo Murray. \u00abLa pregunta que no sabemos, que es algo que abordaremos en su momento, es si el tratamiento exitoso del trastorno por atrac\u00f3n en los ni\u00f1os ayuda a corregir el desarrollo del cerebro. El pron\u00f3stico de casi todas las enfermedades psiqui\u00e1tricas es mejor si se pueden tratar en infancia.\u00bb <\/p>\n<p>Explore m\u00e1s<\/p>\n<p> La inseguridad alimentaria se relaciona con el trastorno por atrac\u00f3n y la obesidad <strong>M\u00e1s informaci\u00f3n:<\/strong> Stuart B. Murray et al, Anomal\u00edas regionales de la materia gris en el trastorno por atrac\u00f3n preadolescente: un v\u00f3xel basado en morfometr\u00eda, Psychiatry Research (2022). DOI: 10.1016\/j.psychres.2022.114473 <strong>Informaci\u00f3n de la revista:<\/strong> Psychiatry Research <\/p>\n<p> Proporcionado por la Universidad del Sur de California <strong>Cita<\/strong>: Los expertos descubren diferencias cerebrales en ni\u00f1os peque\u00f1os con atracones trastorno (2022, 15 de marzo) recuperado el 29 de agosto de 2022 de https:\/\/medicalxpress.com\/news\/2022-03-experts-brain-differences-young-children.html Este documento est\u00e1 sujeto a derechos de autor. Aparte de cualquier trato justo con fines de estudio o investigaci\u00f3n privados, ninguna parte puede reproducirse sin el permiso por escrito. El contenido se proporciona \u00fanicamente con fines informativos.<\/p>\n","protected":false},"excerpt":{"rendered":"<p>Cr\u00e9dito: Psychiatry Research (2022). DOI: 10.1016\/j.psychres.2022.114473 Esc\u00e1neres cerebrales de ni\u00f1os de entre 9 y 10 a\u00f1os con un tipo de trastorno alimentario que provoca un exceso de alimentaci\u00f3n incontrolable mostraron diferencias en la densidad de la materia gris en comparaci\u00f3n con sus compa\u00f1eros no afectados, seg\u00fan un estudio dirigido por la USC. El trastorno por &hellip; <a href=\"https:\/\/www.biblia.work\/articulos-salud\/expertos-descubren-diferencias-cerebrales-en-ninos-pequenos-con-trastorno-por-atracon\/\" class=\"more-link\">Continuar leyendo<span class=\"screen-reader-text\"> \u00abExpertos descubren diferencias cerebrales en ni\u00f1os peque\u00f1os con trastorno por atrac\u00f3n\u00bb<\/span><\/a><\/p>\n","protected":false},"author":1,"featured_media":0,"comment_status":"","ping_status":"","sticky":false,"template":"","format":"standard","meta":{"footnotes":""},"categories":[1],"tags":[],"class_list":["post-10473","post","type-post","status-publish","format-standard","hentry","category-general"],"_links":{"self":[{"href":"https:\/\/www.biblia.work\/articulos-salud\/wp-json\/wp\/v2\/posts\/10473","targetHints":{"allow":["GET"]}}],"collection":[{"href":"https:\/\/www.biblia.work\/articulos-salud\/wp-json\/wp\/v2\/posts"}],"about":[{"href":"https:\/\/www.biblia.work\/articulos-salud\/wp-json\/wp\/v2\/types\/post"}],"author":[{"embeddable":true,"href":"https:\/\/www.biblia.work\/articulos-salud\/wp-json\/wp\/v2\/users\/1"}],"replies":[{"embeddable":true,"href":"https:\/\/www.biblia.work\/articulos-salud\/wp-json\/wp\/v2\/comments?post=10473"}],"version-history":[{"count":0,"href":"https:\/\/www.biblia.work\/articulos-salud\/wp-json\/wp\/v2\/posts\/10473\/revisions"}],"wp:attachment":[{"href":"https:\/\/www.biblia.work\/articulos-salud\/wp-json\/wp\/v2\/media?parent=10473"}],"wp:term":[{"taxonomy":"category","embeddable":true,"href":"https:\/\/www.biblia.work\/articulos-salud\/wp-json\/wp\/v2\/categories?post=10473"},{"taxonomy":"post_tag","embeddable":true,"href":"https:\/\/www.biblia.work\/articulos-salud\/wp-json\/wp\/v2\/tags?post=10473"}],"curies":[{"name":"wp","href":"https:\/\/api.w.org\/{rel}","templated":true}]}}