{"id":10494,"date":"2022-08-30T04:06:27","date_gmt":"2022-08-30T09:06:27","guid":{"rendered":"https:\/\/www.biblia.work\/articulos-salud\/covid-prolongado-relacionado-con-enfermedad-duradera-de-las-vias-respiratorias\/"},"modified":"2022-08-30T04:06:27","modified_gmt":"2022-08-30T09:06:27","slug":"covid-prolongado-relacionado-con-enfermedad-duradera-de-las-vias-respiratorias","status":"publish","type":"post","link":"https:\/\/www.biblia.work\/articulos-salud\/covid-prolongado-relacionado-con-enfermedad-duradera-de-las-vias-respiratorias\/","title":{"rendered":"&#8216;COVID prolongado&#8217; relacionado con enfermedad duradera de las v\u00edas respiratorias"},"content":{"rendered":"<p>Cr\u00e9dito: Unsplash\/CC0 Dominio p\u00fablico <\/p>\n<p>La enfermedad de las v\u00edas respiratorias peque\u00f1as en los pulmones es un posible efecto duradero del COVID-19, seg\u00fan un nuevo estudio publicado en la Revista Radiolog\u00eda. El estudio encontr\u00f3 que la enfermedad de las v\u00edas respiratorias peque\u00f1as ocurr\u00eda independientemente de la gravedad inicial de la infecci\u00f3n. Se desconocen las consecuencias a largo plazo. <\/p>\n<p>\u00abEst\u00e1 ocurriendo alguna enfermedad en las v\u00edas respiratorias peque\u00f1as independientemente de la gravedad de la COVID-19\u00bb, dijo el autor principal del estudio, Alejandro P. Comellas, MD, profesor de medicina interna y docente de la Divisi\u00f3n de Medicina Pulmonar y de Cuidados Cr\u00edticos de la la Facultad de Medicina Carver de la Universidad de Iowa en Iowa City. \u00abNecesitamos investigar m\u00e1s para ver si es transitorio o m\u00e1s permanente\u00bb.<\/p>\n<p>Los primeros informes indican que m\u00e1s del 50 % de los sobrevivientes adultos de la infecci\u00f3n por SARS-CoV-2 experimentan secuelas postagudas de COVID-19. 19 (PASC), m\u00e1s com\u00fanmente conocido como \u00abCOVID largo\u00bb. Los s\u00edntomas respiratorios, que incluyen tos y disnea, son reportados por casi el 30 % de los pacientes con COVID prolongado, incluidos aquellos que experimentaron una infecci\u00f3n leve.<\/p>\n<p>El estudio surgi\u00f3 de las observaciones de los m\u00e9dicos de la Universidad de Iowa de que muchos pacientes con SARS-CoV-2 que fueron hospitalizados o tratados en un entorno ambulatorio luego mostraron signos de enfermedad pulmonar cr\u00f3nica, como dificultad para respirar y otros s\u00edntomas respiratorios.<\/p>\n<p>Dr. Comellas y sus colegas implementaron un protocolo para realizar TC tanto inspiratorias como espiratorias en estos pacientes. La TC inspiratoria, realizada despu\u00e9s de que los pacientes inhalan, es la t\u00e9cnica de imagen est\u00e1ndar para ver el tejido pulmonar, pero se necesitan exploraciones espiratorias posteriores a la exhalaci\u00f3n para evaluar el atrapamiento de aire, una condici\u00f3n en la que las personas no pueden vaciar los pulmones cuando exhalan. El atrapamiento de aire se encuentra en muchas enfermedades obstructivas de las v\u00edas respiratorias, como el asma y la enfermedad pulmonar obstructiva cr\u00f3nica (EPOC).<\/p>\n<p>Para el estudio, los investigadores compararon los hallazgos de la TC en personas que ten\u00edan COVID-19 y s\u00edntomas persistentes con aquellas de un grupo de control sano. Inscribieron a 100 adultos con COVID-19 confirmado que hab\u00edan permanecido sintom\u00e1ticos m\u00e1s de 30 d\u00edas despu\u00e9s del diagn\u00f3stico, junto con 106 participantes sanos. Los 100 sobrevivientes de COVID-19, con una mediana de edad de 48 a\u00f1os, incluyeron 67 que se clasificaron como ambulatorios o que no requirieron hospitalizaci\u00f3n, 17 que fueron hospitalizados y 16 que requirieron atenci\u00f3n en la unidad de cuidados intensivos (UCI) durante la infecci\u00f3n aguda.<\/p>\n<p>Los investigadores detectaron atrapamiento de aire en las im\u00e1genes de tomograf\u00eda computarizada del t\u00f3rax espiratorio en el grupo con COVID-19. El porcentaje medio de pulm\u00f3n total afectado por atrapamiento de aire oscil\u00f3 entre un poco m\u00e1s del 25 % en el grupo ambulatorio y casi el 35 % en el grupo hospitalizado, en comparaci\u00f3n con solo el 7,2 % en los controles sanos. El atrapamiento de aire persisti\u00f3 en ocho de los nueve participantes que se sometieron a im\u00e1genes m\u00e1s de 200 d\u00edas despu\u00e9s del diagn\u00f3stico.<\/p>\n<p>Estos resultados de im\u00e1genes muestran una alta prevalencia de atrapamiento de aire de larga duraci\u00f3n, independientemente de la gravedad inicial de la infecci\u00f3n.<\/p>\n<p> p&gt; <\/p>\n<p>El an\u00e1lisis cuantitativo de las im\u00e1genes de tomograf\u00eda computarizada del t\u00f3rax espiratorio, realizado con la ayuda de un tipo sofisticado de inteligencia artificial conocido como aprendizaje autom\u00e1tico supervisado, mostr\u00f3 evidencia de enfermedad de las v\u00edas respiratorias peque\u00f1as. Si bien la enfermedad de las v\u00edas respiratorias peque\u00f1as no se comprende por completo, la evidencia sugiere que puede estar relacionada con la inflamaci\u00f3n o la remodelaci\u00f3n de las v\u00edas respiratorias peque\u00f1as que impiden que el aire pueda exhalarse desde los pulmones.<\/p>\n<p>\u00abPor primera vez, estamos describiendo la enfermedad de las v\u00edas respiratorias peque\u00f1as en esta poblaci\u00f3n de pacientes con COVID-19 con s\u00edntomas persistentes\u00bb, dijo el Dr. Comellas. \u00abAlgo est\u00e1 sucediendo en las v\u00edas respiratorias distales relacionado con inflamaci\u00f3n o fibrosis que nos da una se\u00f1al de atrapamiento de aire\u00bb.<\/p>\n<p>La mediana de tiempo desde el diagn\u00f3stico hasta la tomograf\u00eda computarizada del t\u00f3rax fue de aproximadamente 75 d\u00edas. Los investigadores notaron que la persistencia de anomal\u00edas respiratorias en este per\u00edodo de tiempo genera preocupaci\u00f3n por la remodelaci\u00f3n permanente de las v\u00edas respiratorias y la fibrosis despu\u00e9s de la infecci\u00f3n por SARS-CoV-2.<\/p>\n<p>Dr. Comellas y sus colegas tienen la intenci\u00f3n de seguir a los pacientes en el registro del estudio y ver cu\u00e1ntos mejoran y se recuperan y cu\u00e1ntos permanecen con hallazgos anormales.<\/p>\n<p>\u00abSi una parte de los pacientes contin\u00faa teniendo enfermedad de las v\u00edas respiratorias peque\u00f1as, entonces necesitamos pensar en los mecanismos detr\u00e1s de esto\u00bb, dijo. \u00abPodr\u00eda ser algo relacionado con la inflamaci\u00f3n que es reversible, o puede ser algo relacionado con una cicatriz que es irreversible, y luego debemos buscar formas de prevenir una mayor progresi\u00f3n de la enfermedad\u00bb. <\/p>\n<p>Explore m\u00e1s<\/p>\n<p> Las &#8216;lesiones inmunitarias&#8217; en curso podr\u00edan causar disnea persistente despu\u00e9s de la COVID-19 <strong>M\u00e1s informaci\u00f3n:<\/strong> Josalyn L. Cho et al, Quantitative Chest CT Assessment of Small Airways Disease in Post- Infecci\u00f3n aguda por SARS-CoV-2, Radiolog\u00eda (2022). DOI: 10.1148\/radiol.212170 <strong>Informaci\u00f3n de la revista:<\/strong> Radiolog\u00eda <\/p>\n<p> Proporcionado por la Sociedad Radiol\u00f3gica de Am\u00e9rica del Norte <strong>Cita<\/strong>: &#8216;Largo COVID&#8217; relacionado con enfermedad duradera de las v\u00edas respiratorias (2022, 15 de marzo) recuperado el 29 de agosto de 2022 de https:\/\/medicalxpress.com\/news\/2022-03-covid-linked-airways-disease.html Este documento est\u00e1 sujeto a derechos de autor. Aparte de cualquier trato justo con fines de estudio o investigaci\u00f3n privados, ninguna parte puede reproducirse sin el permiso por escrito. El contenido se proporciona \u00fanicamente con fines informativos.<\/p>\n","protected":false},"excerpt":{"rendered":"<p>Cr\u00e9dito: Unsplash\/CC0 Dominio p\u00fablico La enfermedad de las v\u00edas respiratorias peque\u00f1as en los pulmones es un posible efecto duradero del COVID-19, seg\u00fan un nuevo estudio publicado en la Revista Radiolog\u00eda. El estudio encontr\u00f3 que la enfermedad de las v\u00edas respiratorias peque\u00f1as ocurr\u00eda independientemente de la gravedad inicial de la infecci\u00f3n. Se desconocen las consecuencias a &hellip; <a href=\"https:\/\/www.biblia.work\/articulos-salud\/covid-prolongado-relacionado-con-enfermedad-duradera-de-las-vias-respiratorias\/\" class=\"more-link\">Continuar leyendo<span class=\"screen-reader-text\"> \u00ab&#8216;COVID prolongado&#8217; relacionado con enfermedad duradera de las v\u00edas respiratorias\u00bb<\/span><\/a><\/p>\n","protected":false},"author":1,"featured_media":0,"comment_status":"","ping_status":"","sticky":false,"template":"","format":"standard","meta":{"footnotes":""},"categories":[1],"tags":[],"class_list":["post-10494","post","type-post","status-publish","format-standard","hentry","category-general"],"_links":{"self":[{"href":"https:\/\/www.biblia.work\/articulos-salud\/wp-json\/wp\/v2\/posts\/10494","targetHints":{"allow":["GET"]}}],"collection":[{"href":"https:\/\/www.biblia.work\/articulos-salud\/wp-json\/wp\/v2\/posts"}],"about":[{"href":"https:\/\/www.biblia.work\/articulos-salud\/wp-json\/wp\/v2\/types\/post"}],"author":[{"embeddable":true,"href":"https:\/\/www.biblia.work\/articulos-salud\/wp-json\/wp\/v2\/users\/1"}],"replies":[{"embeddable":true,"href":"https:\/\/www.biblia.work\/articulos-salud\/wp-json\/wp\/v2\/comments?post=10494"}],"version-history":[{"count":0,"href":"https:\/\/www.biblia.work\/articulos-salud\/wp-json\/wp\/v2\/posts\/10494\/revisions"}],"wp:attachment":[{"href":"https:\/\/www.biblia.work\/articulos-salud\/wp-json\/wp\/v2\/media?parent=10494"}],"wp:term":[{"taxonomy":"category","embeddable":true,"href":"https:\/\/www.biblia.work\/articulos-salud\/wp-json\/wp\/v2\/categories?post=10494"},{"taxonomy":"post_tag","embeddable":true,"href":"https:\/\/www.biblia.work\/articulos-salud\/wp-json\/wp\/v2\/tags?post=10494"}],"curies":[{"name":"wp","href":"https:\/\/api.w.org\/{rel}","templated":true}]}}