{"id":10511,"date":"2022-08-30T04:06:58","date_gmt":"2022-08-30T09:06:58","guid":{"rendered":"https:\/\/www.biblia.work\/articulos-salud\/holanda-eliminara-las-ultimas-restricciones-restantes-de-covid-19-la-proxima-semana\/"},"modified":"2022-08-30T04:06:58","modified_gmt":"2022-08-30T09:06:58","slug":"holanda-eliminara-las-ultimas-restricciones-restantes-de-covid-19-la-proxima-semana","status":"publish","type":"post","link":"https:\/\/www.biblia.work\/articulos-salud\/holanda-eliminara-las-ultimas-restricciones-restantes-de-covid-19-la-proxima-semana\/","title":{"rendered":"Holanda eliminar\u00e1 las \u00faltimas restricciones restantes de COVID-19 la pr\u00f3xima semana"},"content":{"rendered":"<p>El primer ministro de los Pa\u00edses Bajos, Mark Rutte, hace un gesto a los medios de comunicaci\u00f3n antes de una reuni\u00f3n con el presidente franc\u00e9s, Emmanuel Macron, en el Palacio del El\u00edseo en Par\u00eds, el mi\u00e9rcoles 9 de marzo de 2022. Pa\u00edses Bajos El primer ministro Mark Rutte est\u00e1 a favor de conversaciones bilaterales en Par\u00eds. Cr\u00e9dito: AP Photo\/Michel Euler <\/p>\n<p>El gobierno holand\u00e9s eliminar\u00e1 sus \u00faltimas restricciones por el COVID-19 la pr\u00f3xima semana a pesar de un aumento reciente en las infecciones a medida que la naci\u00f3n aprende a vivir con el coronavirus, dijeron funcionarios el martes. <\/p>\n<p>Holanda ya puso fin a un confinamiento nacional y elimin\u00f3 la mayor\u00eda de las medidas contra el virus. A partir del 23 de marzo dejar\u00e1 de ser obligatorio el uso de mascarilla en el transporte p\u00fablico. Todav\u00eda ser\u00e1 necesario usar m\u00e1scaras en los aviones y detr\u00e1s de los controles de seguridad en los aeropuertos.<\/p>\n<p>El gobierno tambi\u00e9n est\u00e1 deteniendo el uso de un pase digital COVID-19 para ingresar a clubes nocturnos y otros eventos a gran escala, el \u00fanico lugar donde todav\u00eda se requer\u00edan.<\/p>\n<p>\u00abEs posible y responsable relajar a\u00fan m\u00e1s\u00bb las medidas, dijo la emisora nacional NOS citando al ministro de Salud, Ernst Kuipers.<\/p>\n<p>Como parte de la \u00faltima flexibilizaci\u00f3n , las personas que vuelen a los Pa\u00edses Bajos desde la Uni\u00f3n Europea o la zona libre de pasaporte Schengen ya no tendr\u00e1n que mostrar un pase COVID-19 a su llegada.<\/p>\n<p>Comenzaron nuevas infecciones, que hab\u00edan estado disminuyendo durante semanas. aumentando de nuevo despu\u00e9s de que los holandeses celebraran el fin de semana de carnaval anual a principios de este mes con grandes fiestas callejeras en muchos pueblos y ciudades.<\/p>\n<p>M\u00e1s de 21\u00a0600 personas han muerto de COVID-19 en los Pa\u00edses Bajos durante la pandemia, que comenz\u00f3 en Marzo de 2020. Alrededor del 85 % de las personas mayores de 12 a\u00f1os est\u00e1n completamente vacunadas y el 62 % de los adultos holandeses han tenido una inyecci\u00f3n de refuerzo. <\/p>\n<p>Explore m\u00e1s<\/p>\n<p> Dutch para \u00abvolver a la normalidad\u00bb cuando se eliminen las restricciones de COVID <\/p>\n<p> 2022 The Associated Press. Reservados todos los derechos. Este material no puede ser publicado, transmitido, reescrito o redistribuido sin permiso. <\/p>\n<p> <strong>Cita<\/strong>: Los holandeses eliminar\u00e1n las \u00faltimas restricciones restantes de COVID-19 la pr\u00f3xima semana (15 de marzo de 2022) consultado el 29 de agosto de 2022 en https:\/\/medicalxpress.com\/news\/2022-03-dutch -covid-restrictions-week.html Este documento est\u00e1 sujeto a derechos de autor. Aparte de cualquier trato justo con fines de estudio o investigaci\u00f3n privados, ninguna parte puede reproducirse sin el permiso por escrito. El contenido se proporciona \u00fanicamente con fines informativos.<\/p>\n","protected":false},"excerpt":{"rendered":"<p>El primer ministro de los Pa\u00edses Bajos, Mark Rutte, hace un gesto a los medios de comunicaci\u00f3n antes de una reuni\u00f3n con el presidente franc\u00e9s, Emmanuel Macron, en el Palacio del El\u00edseo en Par\u00eds, el mi\u00e9rcoles 9 de marzo de 2022. Pa\u00edses Bajos El primer ministro Mark Rutte est\u00e1 a favor de conversaciones bilaterales en &hellip; <a href=\"https:\/\/www.biblia.work\/articulos-salud\/holanda-eliminara-las-ultimas-restricciones-restantes-de-covid-19-la-proxima-semana\/\" class=\"more-link\">Continuar leyendo<span class=\"screen-reader-text\"> \u00abHolanda eliminar\u00e1 las \u00faltimas restricciones restantes de COVID-19 la pr\u00f3xima semana\u00bb<\/span><\/a><\/p>\n","protected":false},"author":1,"featured_media":0,"comment_status":"","ping_status":"","sticky":false,"template":"","format":"standard","meta":{"footnotes":""},"categories":[1],"tags":[],"class_list":["post-10511","post","type-post","status-publish","format-standard","hentry","category-general"],"_links":{"self":[{"href":"https:\/\/www.biblia.work\/articulos-salud\/wp-json\/wp\/v2\/posts\/10511","targetHints":{"allow":["GET"]}}],"collection":[{"href":"https:\/\/www.biblia.work\/articulos-salud\/wp-json\/wp\/v2\/posts"}],"about":[{"href":"https:\/\/www.biblia.work\/articulos-salud\/wp-json\/wp\/v2\/types\/post"}],"author":[{"embeddable":true,"href":"https:\/\/www.biblia.work\/articulos-salud\/wp-json\/wp\/v2\/users\/1"}],"replies":[{"embeddable":true,"href":"https:\/\/www.biblia.work\/articulos-salud\/wp-json\/wp\/v2\/comments?post=10511"}],"version-history":[{"count":0,"href":"https:\/\/www.biblia.work\/articulos-salud\/wp-json\/wp\/v2\/posts\/10511\/revisions"}],"wp:attachment":[{"href":"https:\/\/www.biblia.work\/articulos-salud\/wp-json\/wp\/v2\/media?parent=10511"}],"wp:term":[{"taxonomy":"category","embeddable":true,"href":"https:\/\/www.biblia.work\/articulos-salud\/wp-json\/wp\/v2\/categories?post=10511"},{"taxonomy":"post_tag","embeddable":true,"href":"https:\/\/www.biblia.work\/articulos-salud\/wp-json\/wp\/v2\/tags?post=10511"}],"curies":[{"name":"wp","href":"https:\/\/api.w.org\/{rel}","templated":true}]}}