{"id":10518,"date":"2022-08-30T04:07:14","date_gmt":"2022-08-30T09:07:14","guid":{"rendered":"https:\/\/www.biblia.work\/articulos-salud\/es-pre-alzheimer-o-envejecimiento-normal-encuesta-encuentra-que-muchos-estadounidenses-no-estan-claros\/"},"modified":"2022-08-30T04:07:14","modified_gmt":"2022-08-30T09:07:14","slug":"es-pre-alzheimer-o-envejecimiento-normal-encuesta-encuentra-que-muchos-estadounidenses-no-estan-claros","status":"publish","type":"post","link":"https:\/\/www.biblia.work\/articulos-salud\/es-pre-alzheimer-o-envejecimiento-normal-encuesta-encuentra-que-muchos-estadounidenses-no-estan-claros\/","title":{"rendered":"\u00bfEs &#8216;Pre-Alzheimer&#8217; o envejecimiento normal? Encuesta encuentra que muchos estadounidenses no est\u00e1n claros"},"content":{"rendered":"<p>Normalmente no puedes recordar d\u00f3nde dejaste tu tel\u00e9fono o tu libro. Sigues faltando a las citas. A menudo pierdes el hilo de tus pensamientos durante una conversaci\u00f3n. <\/p>\n<p>Muchas personas mayores hacen caso omiso de estos casos como los llamados \u00abmomentos de la vejez\u00bb, pero los expertos dicen que esto no suele ser parte del envejecimiento normal.<\/p>\n<p>En cambio, estos son signos de deterioro cognitivo leve (DCL) , una etapa que existe entre las disminuciones esperadas asociadas con el envejecimiento y la degeneraci\u00f3n m\u00e1s grave de la demencia y la enfermedad de Alzheimer.<\/p>\n<p>\u00abLos s\u00edntomas del deterioro cognitivo leve pueden parecer momentos mayores. Puede parecer que se est\u00e1 olvidando conversaciones, est\u00e1 extraviando elementos, tiene dificultades para mantener el hilo de sus pensamientos. Es posible que pierda la noci\u00f3n de c\u00f3mo decir una determinada palabra de vez en cuando\u00bb, dijo Mar\u00eda Carrillo, directora cient\u00edfica de la Asociaci\u00f3n de Alzheimer. <\/p>\n<p>\u00abDe hecho, rara vez es un envejecimiento normal y es una etapa temprana de p\u00e9rdida de memoria que puede llegar a ser bastante significativa y convertirse en demencia\u00bb, dijo Carrillo.<\/p>\n<p> M\u00e1s de 4 de cada 5 estadounidenses (82 %) saben muy poco o no est\u00e1n nada familiarizados con MCI, seg\u00fan un nuevo Alzheimer&#8217;s Associ informe especial sobre la afecci\u00f3n.<\/p>\n<p>De hecho, m\u00e1s de la mitad (55 %) dice que el DCL suena como \u00abenvejecimiento normal\u00bb cuando se les proporciona una descripci\u00f3n del trastorno, seg\u00fan encontr\u00f3 una encuesta realizada para el informe.<\/p>\n<p>\u00abEncontramos que la comprensi\u00f3n del deterioro cognitivo leve es bastante baja, aunque cuando se le pregunta al respecto, la preocupaci\u00f3n es bastante alta\u00bb, dijo Carrillo.<\/p>\n<p>Las estimaciones dicen que entre el 12 % y el 15 % de las personas de 60 a\u00f1os o m\u00e1s tienen deterioro cognitivo leve, seg\u00fan la Asociaci\u00f3n de Alzheimer. <\/p>\n<p>La afecci\u00f3n tiene s\u00edntomas muy leves que es poco probable que interfieran con las actividades cotidianas. \u00abUna vez que el deterioro cognitivo leve comienza a interferir con la vida cotidiana, en realidad se est\u00e1 pasando a una etapa temprana de demencia\u00bb, dijo Carrillo.<\/p>\n<p>No obstante, los m\u00e9dicos pueden detectar el deterioro cognitivo leve y distinguirlo del envejecimiento cerebral normal, Carrillo dijo.<\/p>\n<p>A\u00fan mejor, los m\u00e9dicos pueden tratar el DCL la mayor parte del tiempo.<\/p>\n<p>El DCL de una persona puede deberse a la falta de sue\u00f1o, mala nutrici\u00f3n, un trastorno del estado de \u00e1nimo o alg\u00fan otro problema m\u00e9dico. raz\u00f3n no relacionada con la demencia o el Alzheimer, dijo Carrillo.<\/p>\n<p>Por ejemplo, las deficiencias de vitamina B12 pueden causar s\u00edntomas de MCI, que se resuelven bastante bien con inyecciones de B12, dijo Carrillo.<\/p>\n<p>\u00abHay muchas de buenas razones para ir y consultar con su m\u00e9dico por qu\u00e9 podr\u00eda estar pasando esto\u00bb, dijo Carrillo.<\/p>\n<p>Desafortunadamente, en algunos casos, el MCI es un precursor de la demencia o el Alzheimer. Alrededor del 10 % al 15 % de las personas con DCL desarrollan demencia cada a\u00f1o, y aproximadamente la mitad de ellas desarrollar\u00e1n Alzheimer, dijo Carrillo.<\/p>\n<p>Para esas personas, la detecci\u00f3n temprana de DCL es incluso m\u00e1s importante, dijo Carrillo. Esto se debe a que el nuevo f\u00e1rmaco para el Alzheimer Aduhelm (aducanumab) debe implementarse en las etapas m\u00e1s tempranas del deterioro cognitivo para obtener el mayor beneficio.<\/p>\n<p>\u00abHay muchas otras razones potenciales y causas subyacentes del deterioro cognitivo leve, pero si se debe a la enfermedad de Alzheimer, ahora hay un medicamento para eso espec\u00edficamente, y hay m\u00e1s en el horizonte\u00bb, dijo Carrillo.<\/p>\n<p>La Asociaci\u00f3n de Alzheimer dijo que, en febrero de 2022, hab\u00eda 104 tratamientos para El deterioro cognitivo leve y la demencia se est\u00e1n evaluando en ensayos cl\u00ednicos o en varias etapas de aprobaci\u00f3n regulatoria.<\/p>\n<p>Sin embargo, da miedo considerar un deterioro cognitivo leve, y la encuesta encontr\u00f3 que muchas personas ser\u00edan reacias a hablar con su m\u00e9dico al respecto. .<\/p>\n<p>Alrededor del 40 % de los participantes de la encuesta dijeron que ver\u00edan a un m\u00e9dico de inmediato si experimentaran s\u00edntomas de deterioro cognitivo leve. El resto dijo que esperar\u00eda o no ver\u00eda a un m\u00e9dico.<\/p>\n<p>\u00abLa naturaleza humana es tener miedo a lo desconocido\u00bb, dijo el Dr. Babak Tousi, neurogeriatra del Centro de Salud Cerebral de la Cl\u00ednica Cleveland. <\/p>\n<p>Sin embargo, Tousi dijo que un diagn\u00f3stico de deterioro cognitivo leve a menudo fortalece a los pacientes.<\/p>\n<p>\u00abCuando compartimos el diagn\u00f3stico con las personas, parecen estar m\u00e1s decididas a hacer algo al respecto, -dijo Tousi. \u00abVeo esto todo el tiempo\u00bb.<\/p>\n<p>La encuesta tambi\u00e9n encontr\u00f3 tales signos de optimismo.<\/p>\n<p>Casi tres cuartas partes de los estadounidenses esperan que haya nuevos tratamientos disponibles para retrasar la progresi\u00f3n de la enfermedad de Alzheimer. dentro de la pr\u00f3xima d\u00e9cada. M\u00e1s de la mitad cree que habr\u00e1 nuevas terapias disponibles para detener la progresi\u00f3n en seco (60 %) o prevenir el Alzheimer por completo (53 %).<\/p>\n<p>Este optimismo persiste a pesar del n\u00famero de v\u00edctimas que ha cobrado la pandemia de COVID-19 todos, incluidos los pacientes de Alzheimer.<\/p>\n<p>En su informe Datos y cifras de la enfermedad de Alzheimer de 2022, la Asociaci\u00f3n de Alzheimer tambi\u00e9n estim\u00f3 que Estados Unidos experiment\u00f3 un aumento del 17 % en las muertes por enfermedad de Alzheimer y otras demencias en 2020.<\/p>\n<p>Las personas con Alzheimer tienen un alto riesgo de contraer COVID y morir a causa de la enfermedad, seg\u00fan el informe. Un estudio encontr\u00f3 que los pacientes con Alzheimer ten\u00edan el doble de probabilidades de ser diagnosticados con COVID. <\/p>\n<p>Explore m\u00e1s<\/p>\n<p> Estudio: Nuevo f\u00e1rmaco candidato redujo la inflamaci\u00f3n cerebral y protegi\u00f3 contra el deterioro cognitivo en un modelo de rat\u00f3n con Alzheimer <strong>M\u00e1s informaci\u00f3n:<\/strong> El Instituto Nacional sobre el Envejecimiento de EE. UU. tiene m\u00e1s informaci\u00f3n sobre el deterioro cognitivo leve. <\/p>\n<p> 2022 D\u00eda de la Salud. Reservados todos los derechos. <\/p>\n<p> <strong>Cita<\/strong>: \u00bfEs &#8216;Pre-Alzheimer&#8217; o envejecimiento normal? La encuesta encuentra que muchos estadounidenses no est\u00e1n claros (2022, 15 de marzo) recuperado el 29 de agosto de 2022 de https:\/\/medicalxpress.com\/news\/2022-03-pre-alzheimer-aging-poll-americans-unclear.html Este documento est\u00e1 sujeto a derechos de autor. Aparte de cualquier trato justo con fines de estudio o investigaci\u00f3n privados, ninguna parte puede reproducirse sin el permiso por escrito. El contenido se proporciona \u00fanicamente con fines informativos.<\/p>\n","protected":false},"excerpt":{"rendered":"<p>Normalmente no puedes recordar d\u00f3nde dejaste tu tel\u00e9fono o tu libro. Sigues faltando a las citas. A menudo pierdes el hilo de tus pensamientos durante una conversaci\u00f3n. Muchas personas mayores hacen caso omiso de estos casos como los llamados \u00abmomentos de la vejez\u00bb, pero los expertos dicen que esto no suele ser parte del envejecimiento &hellip; <a href=\"https:\/\/www.biblia.work\/articulos-salud\/es-pre-alzheimer-o-envejecimiento-normal-encuesta-encuentra-que-muchos-estadounidenses-no-estan-claros\/\" class=\"more-link\">Continuar leyendo<span class=\"screen-reader-text\"> \u00ab\u00bfEs &#8216;Pre-Alzheimer&#8217; o envejecimiento normal? Encuesta encuentra que muchos estadounidenses no est\u00e1n claros\u00bb<\/span><\/a><\/p>\n","protected":false},"author":1,"featured_media":0,"comment_status":"","ping_status":"","sticky":false,"template":"","format":"standard","meta":{"footnotes":""},"categories":[1],"tags":[],"class_list":["post-10518","post","type-post","status-publish","format-standard","hentry","category-general"],"_links":{"self":[{"href":"https:\/\/www.biblia.work\/articulos-salud\/wp-json\/wp\/v2\/posts\/10518","targetHints":{"allow":["GET"]}}],"collection":[{"href":"https:\/\/www.biblia.work\/articulos-salud\/wp-json\/wp\/v2\/posts"}],"about":[{"href":"https:\/\/www.biblia.work\/articulos-salud\/wp-json\/wp\/v2\/types\/post"}],"author":[{"embeddable":true,"href":"https:\/\/www.biblia.work\/articulos-salud\/wp-json\/wp\/v2\/users\/1"}],"replies":[{"embeddable":true,"href":"https:\/\/www.biblia.work\/articulos-salud\/wp-json\/wp\/v2\/comments?post=10518"}],"version-history":[{"count":0,"href":"https:\/\/www.biblia.work\/articulos-salud\/wp-json\/wp\/v2\/posts\/10518\/revisions"}],"wp:attachment":[{"href":"https:\/\/www.biblia.work\/articulos-salud\/wp-json\/wp\/v2\/media?parent=10518"}],"wp:term":[{"taxonomy":"category","embeddable":true,"href":"https:\/\/www.biblia.work\/articulos-salud\/wp-json\/wp\/v2\/categories?post=10518"},{"taxonomy":"post_tag","embeddable":true,"href":"https:\/\/www.biblia.work\/articulos-salud\/wp-json\/wp\/v2\/tags?post=10518"}],"curies":[{"name":"wp","href":"https:\/\/api.w.org\/{rel}","templated":true}]}}