{"id":10530,"date":"2022-08-30T04:07:37","date_gmt":"2022-08-30T09:07:37","guid":{"rendered":"https:\/\/www.biblia.work\/articulos-salud\/de-2016-a-2020-se-observo-un-aumento-de-la-ansiedad-y-la-depresion-entre-los-ninos\/"},"modified":"2022-08-30T04:07:37","modified_gmt":"2022-08-30T09:07:37","slug":"de-2016-a-2020-se-observo-un-aumento-de-la-ansiedad-y-la-depresion-entre-los-ninos","status":"publish","type":"post","link":"https:\/\/www.biblia.work\/articulos-salud\/de-2016-a-2020-se-observo-un-aumento-de-la-ansiedad-y-la-depresion-entre-los-ninos\/","title":{"rendered":"De 2016 a 2020 se observ\u00f3 un aumento de la ansiedad y la depresi\u00f3n entre los ni\u00f1os"},"content":{"rendered":"<p>(HealthDay)De 2016 a 2020, se observaron aumentos en la ansiedad y la depresi\u00f3n entre los ni\u00f1os, mientras que se observaron disminuciones en la salud mental de los padres o cuidadores y en el manejo de las demandas de los padres, seg\u00fan un estudio publicado en l\u00ednea el 14 de marzo en JAMA Pediatrics. <\/p>\n<p>Lydie A. Lebrun-Harris, Ph.D., MPH, del Departamento de Salud y Servicios Humanos de EE. UU. en Rockville, Maryland, y sus colegas examinaron los datos anuales de la Encuesta Nacional de Salud Infantil (2016 a 2020) para examinar tendencias recientes en las medidas relacionadas con la salud de los ni\u00f1os. Se incluyeron datos de 174\u00a0551 ni\u00f1os desde el nacimiento hasta los 17 a\u00f1os.<\/p>\n<p>Los investigadores observaron aumentos en la ansiedad y la depresi\u00f3n entre 2016 y 2020 (+29 y +27 por ciento, respectivamente). Se observaron disminuciones en la actividad f\u00edsica diaria (18 por ciento), la salud mental de los padres o cuidadores (5 por ciento) y el manejo de las demandas de los padres (11 por ciento). De 2019 a 2020, se observaron aumentos en los problemas de comportamiento o conducta (+21 %) e interrupciones en el cuidado de los ni\u00f1os que afectan el empleo de los padres (+34 %) y se observaron reducciones en las visitas m\u00e9dicas preventivas (9 %).<\/p>\n<p> \u00abLos hallazgos del estudio apuntan a varias \u00e1reas de preocupaci\u00f3n, incluidas las tendencias preocupantes que eran evidentes antes de la pandemia y los nuevos desaf\u00edos que surgieron en 2020\u00bb, escriben los autores. \u00abEste estudio se suma a la creciente literatura que apunta a una exacerbaci\u00f3n de los desaf\u00edos provocados por la pandemia de COVID-19, y destaca la necesidad urgente de garantizar el acceso de los ni\u00f1os a servicios de atenci\u00f3n m\u00e9dica oportunos, promover comportamientos saludables y apoyar a los padres para fortalecer el bienestar familiar. .\u00bb <\/p>\n<p>Explore m\u00e1s<\/p>\n<p> La salud mental de los ni\u00f1os de los Estados Unidos solo est\u00e1 empeorando <strong>M\u00e1s informaci\u00f3n:<\/strong> Resumen\/Texto completo (es posible que se requiera suscripci\u00f3n o pago)<\/p>\n<p>Editorial ( es posible que se requiera suscripci\u00f3n o pago) <strong>Informaci\u00f3n de la revista:<\/strong> JAMAPediatrics <\/p>\n","protected":false},"excerpt":{"rendered":"<p>(HealthDay)De 2016 a 2020, se observaron aumentos en la ansiedad y la depresi\u00f3n entre los ni\u00f1os, mientras que se observaron disminuciones en la salud mental de los padres o cuidadores y en el manejo de las demandas de los padres, seg\u00fan un estudio publicado en l\u00ednea el 14 de marzo en JAMA Pediatrics. Lydie A. &hellip; <a href=\"https:\/\/www.biblia.work\/articulos-salud\/de-2016-a-2020-se-observo-un-aumento-de-la-ansiedad-y-la-depresion-entre-los-ninos\/\" class=\"more-link\">Continuar leyendo<span class=\"screen-reader-text\"> \u00abDe 2016 a 2020 se observ\u00f3 un aumento de la ansiedad y la depresi\u00f3n entre los ni\u00f1os\u00bb<\/span><\/a><\/p>\n","protected":false},"author":1,"featured_media":0,"comment_status":"","ping_status":"","sticky":false,"template":"","format":"standard","meta":{"footnotes":""},"categories":[1],"tags":[],"class_list":["post-10530","post","type-post","status-publish","format-standard","hentry","category-general"],"_links":{"self":[{"href":"https:\/\/www.biblia.work\/articulos-salud\/wp-json\/wp\/v2\/posts\/10530","targetHints":{"allow":["GET"]}}],"collection":[{"href":"https:\/\/www.biblia.work\/articulos-salud\/wp-json\/wp\/v2\/posts"}],"about":[{"href":"https:\/\/www.biblia.work\/articulos-salud\/wp-json\/wp\/v2\/types\/post"}],"author":[{"embeddable":true,"href":"https:\/\/www.biblia.work\/articulos-salud\/wp-json\/wp\/v2\/users\/1"}],"replies":[{"embeddable":true,"href":"https:\/\/www.biblia.work\/articulos-salud\/wp-json\/wp\/v2\/comments?post=10530"}],"version-history":[{"count":0,"href":"https:\/\/www.biblia.work\/articulos-salud\/wp-json\/wp\/v2\/posts\/10530\/revisions"}],"wp:attachment":[{"href":"https:\/\/www.biblia.work\/articulos-salud\/wp-json\/wp\/v2\/media?parent=10530"}],"wp:term":[{"taxonomy":"category","embeddable":true,"href":"https:\/\/www.biblia.work\/articulos-salud\/wp-json\/wp\/v2\/categories?post=10530"},{"taxonomy":"post_tag","embeddable":true,"href":"https:\/\/www.biblia.work\/articulos-salud\/wp-json\/wp\/v2\/tags?post=10530"}],"curies":[{"name":"wp","href":"https:\/\/api.w.org\/{rel}","templated":true}]}}