{"id":107,"date":"2022-08-29T22:23:50","date_gmt":"2022-08-30T03:23:50","guid":{"rendered":"https:\/\/www.biblia.work\/articulos-salud\/inmunidad-contra-el-covid-19-en-adultos-jovenes-suecos-investigados\/"},"modified":"2022-08-29T22:23:50","modified_gmt":"2022-08-30T03:23:50","slug":"inmunidad-contra-el-covid-19-en-adultos-jovenes-suecos-investigados","status":"publish","type":"post","link":"https:\/\/www.biblia.work\/articulos-salud\/inmunidad-contra-el-covid-19-en-adultos-jovenes-suecos-investigados\/","title":{"rendered":"Inmunidad contra el COVID-19 en adultos j\u00f3venes suecos investigados"},"content":{"rendered":"<p>Cr\u00e9dito: Pixabay\/CC0 Dominio p\u00fablico <\/p>\n<p>Investigadores del Instituto Karolinska en Suecia analizaron la presencia de anticuerpos espec\u00edficos contra el SARS-CoV-2 y c\u00e9lulas de memoria del sistema inmunitario en j\u00f3venes adultos Los resultados, publicados en The Journal of Allergy and Clinical Immunology, muestran que m\u00e1s de uno de cada cuatro ten\u00eda anticuerpos debido a la infecci\u00f3n. Menos de estos individuos ten\u00edan niveles medibles de memoria de c\u00e9lulas B y T en comparaci\u00f3n con otros grupos de edad. Los investigadores ahora continuar\u00e1n estudiando la COVID prolongada en adultos j\u00f3venes y los efectos de la vacunaci\u00f3n en la inmunidad. <\/p>\n<p>Aunque los adultos j\u00f3venes contribuyen sustancialmente a la propagaci\u00f3n de la infecci\u00f3n, existen muy pocos estudios basados en la poblaci\u00f3n que examinen la inmunidad contra la COVID-19 en adultos j\u00f3venes. Por lo tanto, los investigadores del Instituto Karolinska y Sdersjukhuset (Hospital General Sur de Estocolmo) en colaboraci\u00f3n con la Regi\u00f3n de Estocolmo realizaron un seguimiento cl\u00ednico de aproximadamente 1000 ni\u00f1os de 2427 a\u00f1os no vacunados en Estocolmo, Suecia, de la cohorte basada en la poblaci\u00f3n BAMSE, entre octubre de 2020 y junio de 2021. El objetivo era, entre otros, mapear la presencia de anticuerpos espec\u00edficos contra el SARS-CoV-2 (anticuerpos IgG, IgA e IgM) as\u00ed como c\u00e9lulas de memoria del sistema inmunitario (c\u00e9lulas B y T) que protegen contra el COVID-19.<\/p>\n<p>Durante todo el per\u00edodo del estudio, el 28 % de los participantes del estudio ten\u00edan niveles detectables de anticuerpos espec\u00edficos contra el SARS-CoV-2, con un pico del 45 % en mayo de 2021. Los anticuerpos eran medibles hasta al menos ocho meses despu\u00e9s de la infecci\u00f3n. Aproximadamente la mitad de las personas infectadas informaron que hab\u00edan estado postradas en cama debido a los s\u00edntomas, pero la hospitalizaci\u00f3n fue inusual. La mayor\u00eda inform\u00f3 una reducci\u00f3n del gusto y\/o del olfato. Menos de uno de cada diez tuvo s\u00edntomas que duraron m\u00e1s de cuatro semanas y uno de cada siete no inform\u00f3 ning\u00fan s\u00edntoma.<\/p>\n<p>\u00abLos adultos j\u00f3venes corren el riesgo de propagar la infecci\u00f3n porque muchos de ellos no tienen s\u00edntomas o son muy leves\u00bb. s\u00edntomas\u00bb, dice Erik Meln, profesor de pediatr\u00eda en el Departamento de Ciencias Cl\u00ednicas y Educaci\u00f3n, Sdersjukhuset, Karolinska Institutet e investigador principal de BAMSE. \u00abUn poco m\u00e1s del 60 por ciento en el grupo de edad de 1829 ha recibido hasta ahora dos dosis de la vacuna en Suecia, que se puede comparar con el 8090 por ciento entre los de 4069 a\u00f1os. Es importante que los adultos j\u00f3venes contin\u00faen siendo vacunados tan pronto como sea posible\u00bb. surge, tanto para protegerse a s\u00ed mismos como a los dem\u00e1s\u00bb, contin\u00faa.<\/p>\n<p>En m\u00e1s de 100 participantes, los investigadores tambi\u00e9n midieron los niveles de c\u00e9lulas de memoria espec\u00edficas del SARS-CoV-2, que pueden activarse si el virus regresa. entra en el cuerpo. Entre los que dieron positivo para anticuerpos, el 70 por ciento ten\u00eda niveles detectables de c\u00e9lulas B de memoria (las c\u00e9lulas que producen anticuerpos), mientras que el 55 por ciento ten\u00eda c\u00e9lulas T de memoria. Estas proporciones son m\u00e1s bajas que las reportadas previamente en estudios en otras poblaciones, donde se encontraron niveles mensurables de c\u00e9lulas de memoria en la mayor\u00eda de las personas infectadas con SARS-CoV-2.<\/p>\n<p>\u00abNo podemos decir con certeza por qu\u00e9 este es el caso, pero los estudios anteriores a menudo han analizado pacientes mayores y m\u00e1s gravemente enfermos\u00bb, dice Qiang Pan-Hammarstrm, profesor de inmunolog\u00eda cl\u00ednica en el Departamento de Biociencias y Nutrici\u00f3n, Karolinska Institutet, y \u00faltimo autor del estudio. \u00abPodr\u00eda ser que las infecciones leves que a menudo se observan en los j\u00f3venes resulten en niveles m\u00e1s bajos de c\u00e9lulas de memoria. Ahora continuaremos estudiando la longevidad de la inmunidad de las c\u00e9lulas B y T despu\u00e9s de una infecci\u00f3n leve en adultos j\u00f3venes, y c\u00f3mo afecta la vacunaci\u00f3n los niveles de estas c\u00e9lulas inmunitarias\u00bb.<\/p>\n<p>En otro subproyecto, los investigadores estudiar\u00e1n los efectos a largo plazo del COVID-19, tambi\u00e9n conocido como COVID prolongado, en adultos j\u00f3venes.<\/p>\n<p>\u00bb Aunque es inusual, sabemos que los adultos j\u00f3venes a veces pueden enfermarse gravemente cuando se infectan con el SARS-CoV-2, pero a\u00fan desconocemos los s\u00edntomas a largo plazo y c\u00f3mo esto afecta la salud de los j\u00f3venes a largo plazo\u00bb, dice Sophia Bjrkander, una investigador del Departamento de Ciencias Cl\u00ednicas y Educaci\u00f3n, Sdersjukhuset, Karolinska Institutet, y autor principal del estudio.<\/p>\n<p>El proyecto BAMSE se inici\u00f3 en 1994 y sigue a 4089 participantes desde el nacimiento hasta la edad adulta con cuestionarios regulares y ex\u00e1menes cl\u00ednicos . El proyecto BAMSE COVID-19 es una colaboraci\u00f3n entre Sdersjukhuset, Karolinska Institutet, Region Stockholm, KTH Royal Institute of Technology y SciLifeLab, y cuenta con el apoyo financiero del Consejo de Investigaci\u00f3n Sueco, la Fundaci\u00f3n Sueca de Coraz\u00f3n y Pulm\u00f3n y la Regi\u00f3n de Estocolmo. Los autores del art\u00edculo declaran que no existen conflictos de inter\u00e9s. <\/p>\n<p>Explore m\u00e1s<\/p>\n<p> Dos dosis de vacuna aumentan los niveles de anticuerpos en las v\u00edas respiratorias despu\u00e9s de la COVID-19 <strong>M\u00e1s informaci\u00f3n:<\/strong> Sophia Bjrkander et al, inmunidad de c\u00e9lulas T y B espec\u00edficas del SARS-CoV-2 en un estudio poblacional de adultos j\u00f3venes suecos, The Journal of Allergy and Clinical Immunology (2021). DOI: 10.1016\/j.jaci.2021.10.014 <strong>Informaci\u00f3n de la revista:<\/strong> Journal of Allergy and Clinical Immunology <\/p>\n<p> Proporcionado por Karolinska Institutet <strong>Cita<\/strong>: Inmunidad a la COVID-19 en j\u00f3venes Adultos suecos investigados (25 de octubre de 2021) recuperado el 29 de agosto de 2022 de https:\/\/medicalxpress.com\/news\/2021-10-covid-immunity-young-swedish-adults.html Este documento est\u00e1 sujeto a derechos de autor. Aparte de cualquier trato justo con fines de estudio o investigaci\u00f3n privados, ninguna parte puede reproducirse sin el permiso por escrito. El contenido se proporciona \u00fanicamente con fines informativos.<\/p>\n","protected":false},"excerpt":{"rendered":"<p>Cr\u00e9dito: Pixabay\/CC0 Dominio p\u00fablico Investigadores del Instituto Karolinska en Suecia analizaron la presencia de anticuerpos espec\u00edficos contra el SARS-CoV-2 y c\u00e9lulas de memoria del sistema inmunitario en j\u00f3venes adultos Los resultados, publicados en The Journal of Allergy and Clinical Immunology, muestran que m\u00e1s de uno de cada cuatro ten\u00eda anticuerpos debido a la infecci\u00f3n. Menos &hellip; <a href=\"https:\/\/www.biblia.work\/articulos-salud\/inmunidad-contra-el-covid-19-en-adultos-jovenes-suecos-investigados\/\" class=\"more-link\">Continuar leyendo<span class=\"screen-reader-text\"> \u00abInmunidad contra el COVID-19 en adultos j\u00f3venes suecos investigados\u00bb<\/span><\/a><\/p>\n","protected":false},"author":1,"featured_media":0,"comment_status":"","ping_status":"","sticky":false,"template":"","format":"standard","meta":{"footnotes":""},"categories":[1],"tags":[],"class_list":["post-107","post","type-post","status-publish","format-standard","hentry","category-general"],"_links":{"self":[{"href":"https:\/\/www.biblia.work\/articulos-salud\/wp-json\/wp\/v2\/posts\/107","targetHints":{"allow":["GET"]}}],"collection":[{"href":"https:\/\/www.biblia.work\/articulos-salud\/wp-json\/wp\/v2\/posts"}],"about":[{"href":"https:\/\/www.biblia.work\/articulos-salud\/wp-json\/wp\/v2\/types\/post"}],"author":[{"embeddable":true,"href":"https:\/\/www.biblia.work\/articulos-salud\/wp-json\/wp\/v2\/users\/1"}],"replies":[{"embeddable":true,"href":"https:\/\/www.biblia.work\/articulos-salud\/wp-json\/wp\/v2\/comments?post=107"}],"version-history":[{"count":0,"href":"https:\/\/www.biblia.work\/articulos-salud\/wp-json\/wp\/v2\/posts\/107\/revisions"}],"wp:attachment":[{"href":"https:\/\/www.biblia.work\/articulos-salud\/wp-json\/wp\/v2\/media?parent=107"}],"wp:term":[{"taxonomy":"category","embeddable":true,"href":"https:\/\/www.biblia.work\/articulos-salud\/wp-json\/wp\/v2\/categories?post=107"},{"taxonomy":"post_tag","embeddable":true,"href":"https:\/\/www.biblia.work\/articulos-salud\/wp-json\/wp\/v2\/tags?post=107"}],"curies":[{"name":"wp","href":"https:\/\/api.w.org\/{rel}","templated":true}]}}