{"id":11182,"date":"2022-08-30T04:29:40","date_gmt":"2022-08-30T09:29:40","guid":{"rendered":"https:\/\/www.biblia.work\/articulos-salud\/es-posible-que-los-usos-obligatorios-de-mascarillas-contra-el-covid-hayan-desaparecido-en-gran-medida-pero-aqui-hay-cinco-razones-para-seguir-usando-las-suyas\/"},"modified":"2022-08-30T04:29:40","modified_gmt":"2022-08-30T09:29:40","slug":"es-posible-que-los-usos-obligatorios-de-mascarillas-contra-el-covid-hayan-desaparecido-en-gran-medida-pero-aqui-hay-cinco-razones-para-seguir-usando-las-suyas","status":"publish","type":"post","link":"https:\/\/www.biblia.work\/articulos-salud\/es-posible-que-los-usos-obligatorios-de-mascarillas-contra-el-covid-hayan-desaparecido-en-gran-medida-pero-aqui-hay-cinco-razones-para-seguir-usando-las-suyas\/","title":{"rendered":"Es posible que los usos obligatorios de mascarillas contra el COVID hayan desaparecido en gran medida, pero aqu\u00ed hay cinco razones para seguir usando las suyas"},"content":{"rendered":"<p>Credit: Shutterstock <\/p>\n<p>Los usos obligatorios de uso de mascarillas en la mayor\u00eda de los lugares cerrados se eliminaron en Nueva Gales del Sur, Victoria y ACT, y Queensland lo seguir\u00e1 m\u00e1s adelante esta semana. <\/p>\n<p>Sin un mandato, el uso de m\u00e1scaras tiende a disminuir, por lo que podemos esperar que solo una minor\u00eda de personas use m\u00e1scaras en espacios p\u00fablicos interiores. <\/p>\n<p>Con miles de casos por d\u00eda y poco m\u00e1s de la mitad (57 %) de los australianos que recibieron una tercera dosis de la vacuna contra el COVID y los ni\u00f1os a\u00fan no est\u00e1n vacunados, es posible que veamos un aumento en las infecciones.<\/p>\n<p>Si bien las m\u00e1scaras son un peque\u00f1o inconveniente, siguen siendo vitales para prevenir el SARS-CoV-2, porque el virus se propaga a trav\u00e9s del aire que respiramos. <\/p>\n<p>Algunas personas seguir\u00e1n usando m\u00e1scaras para mantenerse seguras y lograr una vida m\u00e1s normal durante la pandemia. Aqu\u00ed hay cinco razones para seguir usando el tuyo.<\/p>\n<p>1. Las mascarillas reducen la posibilidad de contraer la COVID<\/p>\n<p>Muchos estudios han demostrado que las mascarillas protegen contra la COVID. Si bien los respiradores N95 ofrecen la mayor protecci\u00f3n, incluso las m\u00e1scaras de tela son beneficiosas. Los respiradores N95 reducen las probabilidades de dar positivo por COVID en un 83 %, en comparaci\u00f3n con el 66 % de las mascarillas quir\u00fargicas y el 56 % de las mascarillas de tela. <\/p>\n<p>La protecci\u00f3n cuando todo el mundo lleva mascarilla es mucho mayor, porque reduce la probabilidad de que las personas sanas inhalen el virus y evita que las personas infectadas exhalen el virus al aire. Si todo el mundo lleva mascarilla, la carga viral en el aire es mucho menor.<\/p>\n<p>Cuando perdemos la protecci\u00f3n del mascarilla universal, es buena idea llevar un respirador de alta protecci\u00f3n N95 o P2. <\/p>\n<p>2. Es posible que no sepa que tiene COVID<\/p>\n<p>La transmisi\u00f3n del virus sin s\u00edntomas es un factor importante de propagaci\u00f3n, y no podemos saber qui\u00e9n est\u00e1 infectado a nuestro alrededor. <\/p>\n<p>Las personas infectadas pueden ser asintom\u00e1ticas o no saber que est\u00e1n infectadas. Esto es especialmente cierto para omicron. <\/p>\n<p>En general, aproximadamente una de cada cuatro infecciones son asintom\u00e1ticas. Pero incluso las personas con infecci\u00f3n sintom\u00e1tica son contagiosas antes de que comiencen los s\u00edntomas.<\/p>\n<p>3. El uso de una mascarilla protege a los dem\u00e1s, incluidos aquellos con riesgo de COVID grave<\/p>\n<p>El uso de una mascarilla protege a los dem\u00e1s, incluidos aquellos con mayor riesgo de COVID grave: personas con discapacidad, enfermedades cr\u00f3nicas y sistemas inmunitarios debilitados. <\/p>\n<p> El uso de mascarilla reduce el riesgo de contraer la COVID de los compa\u00f1eros de trabajo. Cr\u00e9dito: Shutterstock <\/p>\n<p>COVID afecta de manera desproporcionada a los inmigrantes y las personas de grupos socioecon\u00f3micos m\u00e1s bajos que tienen m\u00e1s probabilidades de trabajar en funciones de servicio al cliente. Si usa una m\u00e1scara, est\u00e1 protegiendo a los trabajadores, los viajeros y otras personas con las que interact\u00faa. <\/p>\n<p>Las tasas de vacunaci\u00f3n tambi\u00e9n est\u00e1n rezagadas entre los abor\u00edgenes y los isle\u00f1os del Estrecho de Torres, lo que los hace m\u00e1s vulnerables a la COVID en ausencia de mascarillas. <\/p>\n<p>Las m\u00e1scaras tambi\u00e9n protegen a los ni\u00f1os que son vulnerables al COVID, con solo la mitad de los ni\u00f1os de cinco a 11 a\u00f1os parcialmente vacunados y los menores de cinco a\u00f1os que a\u00fan no son elegibles para la vacunaci\u00f3n. <\/p>\n<p>Los ni\u00f1os que usan m\u00e1scaras tambi\u00e9n pueden proteger a sus compa\u00f1eros. En los Estados Unidos, el riesgo de brotes fue casi cuatro veces mayor en las escuelas sin mascarillas obligatorias en comparaci\u00f3n con aquellas con mandatos.<\/p>\n<p>Omicron no es la gripe ni un resfriado, y represent\u00f3 un 17 % m\u00e1s de muertes que Delta en los Estados Unidos. Si bien omicron generalmente causa una enfermedad menos grave que delta, se ha cobrado m\u00e1s vidas debido a un n\u00famero de casos mucho m\u00e1s alto.<\/p>\n<p>Tambi\u00e9n hay una creciente evidencia de que el SARS-COV-2 persiste en el cuerpo despu\u00e9s de la infecci\u00f3n, lo que puede provocar da\u00f1o card\u00edaco, pulmonar y cerebral a largo plazo.<\/p>\n<p>4. Las m\u00e1scaras protegen a sus colegas<\/p>\n<p>Muchos lugares de trabajo insisten en que las personas regresen al trabajo presencial, algunos sin proporcionar aire interior seguro y ahora sin mandatos de m\u00e1scara. <\/p>\n<p>El riesgo de transmisi\u00f3n de COVID es mayor cuando se est\u00e1 en interiores durante per\u00edodos prolongados sin un flujo de aire adecuado. Por lo tanto, sentarse en una oficina durante ocho horas sin una m\u00e1scara es un riesgo, especialmente si no se ha abordado el tema del aire interior seguro. <\/p>\n<p>Al mismo tiempo que elimin\u00f3 muchos mandatos de m\u00e1scaras en el lugar de trabajo, NSW se movi\u00f3 para eliminar la compensaci\u00f3n autom\u00e1tica de trabajadores para las personas que contraen COVID en el trabajo. <\/p>\n<p>Esta es una doble desventaja para los trabajadores que regresan a sus lugares de trabajo con menos protecciones y enfrentando mayores obst\u00e1culos para recibir compensaci\u00f3n laboral en caso de que se infecten. <\/p>\n<p>5. Es posible que otros sigan su ejemplo<\/p>\n<p>Ser una de las pocas personas que usa una m\u00e1scara cuando otras no, como en un supermercado, es una perspectiva desalentadora para aquellos de nosotros que deseamos continuar con la m\u00e1scara. Hay informes de personas enmascaradas que son abusadas y acosadas.<\/p>\n<p>Sin embargo, una encuesta de NSW mostr\u00f3 que la mayor\u00eda de las personas en ese estado quer\u00edan que se mantuvieran los mandatos de m\u00e1scaras. Cuanto m\u00e1s normalicemos las m\u00e1scaras y m\u00e1s las veamos, mejor protegida estar\u00e1 la comunidad.<\/p>\n<blockquote>\n<p lang=\"en\" dir=\"ltr\">Preguntas frecuentes sobre coronavirus: soy un enmascarador unidireccional. \u00bfQu\u00e9 estrategia me dar\u00e1 una protecci\u00f3n \u00f3ptima? <br \/> https:\/\/t.co\/Y1pYBgmXPQ por @WStoneReports pic.twitter.com\/fJl8uhyjCb<\/p>\n<p> Prof. Jose-Luis Jimenez (@jljcolorado) 25 de febrero de 2022<\/p><\/blockquote>\n<p>Por mucho que lo deseemos, la pandemia no ha terminado y es probable que surjan nuevas variantes. <\/p>\n<p>Una estrategia en capas y de varios frentes que incluye vacunas, m\u00e1scaras, ventilaci\u00f3n, pruebas y rastreo es la mejor manera de proteger la salud, la econom\u00eda y la reanudaci\u00f3n de las actividades normales. <\/p>\n<p>Explore m\u00e1s<\/p>\n<p> Las m\u00e1scaras m\u00e9dicas desechables siguen siendo clave para limitar la propagaci\u00f3n de COVID-19 Proporcionado por The Conversation <\/p>\n<p> Este art\u00edculo se vuelve a publicar de The Conversation bajo una licencia Creative Commons. Lea el art\u00edculo original. <\/p>\n<p> <strong>Cita<\/strong>: Es posible que los mandatos de mascarillas para el COVID ya no existan, pero estas son cinco razones para seguir us\u00e1ndolas (2 de marzo de 2022) consultado el 29 de agosto de 2022 en https:\/\/medicalxpress.com\/news \/2022-03-covid-mask-mandates-largely.html Este documento est\u00e1 sujeto a derechos de autor. Aparte de cualquier trato justo con fines de estudio o investigaci\u00f3n privados, ninguna parte puede reproducirse sin el permiso por escrito. El contenido se proporciona \u00fanicamente con fines informativos.<\/p>\n","protected":false},"excerpt":{"rendered":"<p>Credit: Shutterstock Los usos obligatorios de uso de mascarillas en la mayor\u00eda de los lugares cerrados se eliminaron en Nueva Gales del Sur, Victoria y ACT, y Queensland lo seguir\u00e1 m\u00e1s adelante esta semana. Sin un mandato, el uso de m\u00e1scaras tiende a disminuir, por lo que podemos esperar que solo una minor\u00eda de personas &hellip; <a href=\"https:\/\/www.biblia.work\/articulos-salud\/es-posible-que-los-usos-obligatorios-de-mascarillas-contra-el-covid-hayan-desaparecido-en-gran-medida-pero-aqui-hay-cinco-razones-para-seguir-usando-las-suyas\/\" class=\"more-link\">Continuar leyendo<span class=\"screen-reader-text\"> \u00abEs posible que los usos obligatorios de mascarillas contra el COVID hayan desaparecido en gran medida, pero aqu\u00ed hay cinco razones para seguir usando las suyas\u00bb<\/span><\/a><\/p>\n","protected":false},"author":1,"featured_media":0,"comment_status":"","ping_status":"","sticky":false,"template":"","format":"standard","meta":{"footnotes":""},"categories":[1],"tags":[],"class_list":["post-11182","post","type-post","status-publish","format-standard","hentry","category-general"],"_links":{"self":[{"href":"https:\/\/www.biblia.work\/articulos-salud\/wp-json\/wp\/v2\/posts\/11182","targetHints":{"allow":["GET"]}}],"collection":[{"href":"https:\/\/www.biblia.work\/articulos-salud\/wp-json\/wp\/v2\/posts"}],"about":[{"href":"https:\/\/www.biblia.work\/articulos-salud\/wp-json\/wp\/v2\/types\/post"}],"author":[{"embeddable":true,"href":"https:\/\/www.biblia.work\/articulos-salud\/wp-json\/wp\/v2\/users\/1"}],"replies":[{"embeddable":true,"href":"https:\/\/www.biblia.work\/articulos-salud\/wp-json\/wp\/v2\/comments?post=11182"}],"version-history":[{"count":0,"href":"https:\/\/www.biblia.work\/articulos-salud\/wp-json\/wp\/v2\/posts\/11182\/revisions"}],"wp:attachment":[{"href":"https:\/\/www.biblia.work\/articulos-salud\/wp-json\/wp\/v2\/media?parent=11182"}],"wp:term":[{"taxonomy":"category","embeddable":true,"href":"https:\/\/www.biblia.work\/articulos-salud\/wp-json\/wp\/v2\/categories?post=11182"},{"taxonomy":"post_tag","embeddable":true,"href":"https:\/\/www.biblia.work\/articulos-salud\/wp-json\/wp\/v2\/tags?post=11182"}],"curies":[{"name":"wp","href":"https:\/\/api.w.org\/{rel}","templated":true}]}}