{"id":11213,"date":"2022-08-30T04:30:42","date_gmt":"2022-08-30T09:30:42","guid":{"rendered":"https:\/\/www.biblia.work\/articulos-salud\/covid-ha-tenido-graves-efectos-en-la-salud-mental-oms\/"},"modified":"2022-08-30T04:30:42","modified_gmt":"2022-08-30T09:30:42","slug":"covid-ha-tenido-graves-efectos-en-la-salud-mental-oms","status":"publish","type":"post","link":"https:\/\/www.biblia.work\/articulos-salud\/covid-ha-tenido-graves-efectos-en-la-salud-mental-oms\/","title":{"rendered":"COVID ha tenido graves efectos en la salud mental: OMS"},"content":{"rendered":"<p>Cr\u00e9dito: Pixabay\/CC0 Dominio p\u00fablico <\/p>\n<p>La pandemia de COVID ha tenido un grave efecto en la salud mental, dijo la OMS el mi\u00e9rcoles, indicando que los casos de ansiedad y depresi\u00f3n hab\u00edan aumentado en m\u00e1s de 25 por ciento a nivel mundial. <\/p>\n<p>En un nuevo informe cient\u00edfico, la Organizaci\u00f3n Mundial de la Salud tambi\u00e9n descubri\u00f3 que la crisis de la COVID-19 en muchos casos impidi\u00f3 significativamente el acceso a los servicios de salud mental y gener\u00f3 preocupaciones sobre el aumento de las conductas suicidas.<\/p>\n<p>El informe , que se bas\u00f3 en una revisi\u00f3n general de una gran cantidad de estudios, determin\u00f3 que el mundo experiment\u00f3 un aumento del 27,6 % en los casos de trastorno depresivo mayor solo en 2020.<\/p>\n<p>Durante el primer a\u00f1o de la pandemia, tambi\u00e9n hubo un aumento del 25,6 por ciento en los casos de trastornos de ansiedad en todo el mundo, encontr\u00f3.<\/p>\n<p>\u00abEn t\u00e9rminos de escala, este es un aumento muy grande\u00bb, dijo Brandon Gray, del departamento de salud mental y uso de sustancias de la OMS. , quien coordin\u00f3 el informe cient\u00edfico.<\/p>\n<p>El informe, dijo a la AFP, \u00abmuestra que el COVID-19 ha tenido un gran impacto en la salud mental y el bienestar de las personas\u00bb. <\/p>\n<p>Los mayores aumentos se encontraron en lugares muy afectados por el COVID-19, en t\u00e9rminos de altas tasas de infecci\u00f3n diaria y disminuci\u00f3n de la movilidad debido a las restricciones, encontr\u00f3 el estudio.<\/p>\n<p>Mujeres y las ni\u00f1as se vieron m\u00e1s afectadas que los hombres, y las personas m\u00e1s j\u00f3venes, especialmente las que ten\u00edan entre 20 y 24 a\u00f1os, se vieron m\u00e1s afectadas que los adultos mayores.<\/p>\n<p>&#8211; Comportamientos suicidas Mientras tanto, los datos sobre suicidios fueron mixtos y no mostraron un cambio claro. en las tasas globales desde el comienzo de la pandemia.<\/p>\n<p>Los datos de algunos pa\u00edses mostraron tasas en aumento, pero otros mostraron que las tasas hab\u00edan disminuido o permanecido igual.<\/p>\n<p>Pero Gray se\u00f1al\u00f3 que hab\u00eda suele ser un retraso en la recopilaci\u00f3n y el an\u00e1lisis de tales estad\u00edsticas.<\/p>\n<p>\u00abNo creo que estos resultados deban tomarse como una indicaci\u00f3n de que las conductas suicidas no son una preocupaci\u00f3n\u00bb, dijo.<\/p>\n<p> Mientras tanto, el estudio indic\u00f3 un mayor riesgo de comportamientos suicidas, incluidos intentos de suicidio y autolesiones, entre los j\u00f3venes desde el comienzo de la cr. isis.<\/p>\n<p>Mientras tanto, se demostr\u00f3 que el agotamiento entre los trabajadores de la salud, la soledad y los diagn\u00f3sticos positivos de COVID-19 aumentan el riesgo de pensamientos suicidas.<\/p>\n<p>El estudio tambi\u00e9n mostr\u00f3 que las personas que viven con los trastornos mentales ten\u00edan un mayor riesgo de enfermedad grave y muerte por COVID.<\/p>\n<p>Gray dijo que se necesitaba m\u00e1s investigaci\u00f3n para comprender el v\u00ednculo.<\/p>\n<p>Una raz\u00f3n, sugiri\u00f3, podr\u00eda ser que las personas que viven con trastornos mentales pueden llevar estilos de vida menos saludables y activos, con tasas m\u00e1s altas de tabaquismo, abuso de sustancias y obesidad que entre el p\u00fablico en general.<\/p>\n<p>El estudio del mi\u00e9rcoles tambi\u00e9n mostr\u00f3 que los servicios de salud mental para pacientes ambulatorios se vieron ampliamente interrumpidos en 2020 como un resultado de la pandemia, reduciendo el acceso a la atenci\u00f3n esencial.<\/p>\n<p>Estas interrupciones se mitigaron en muchos casos al cambiar los servicios hacia la atenci\u00f3n m\u00e9dica en l\u00ednea.<\/p>\n<p>Si bien estas fueron buenas noticias, el estudio se\u00f1al\u00f3 que el cambio obviamente exacerb\u00f3 las barreras para la atenci\u00f3n adecuada de las personas con poca conexi\u00f3n a Internet acceso o bajos niveles de alfabetizaci\u00f3n tecnol\u00f3gica.<\/p>\n<p>Las dificultades para responder a los desaf\u00edos de salud mental en medio de la pandemia se debieron en gran medida a la \u00abfalta de inversi\u00f3n cr\u00f3nica\u00bb en dichos servicios antes de que llegara el COVID-19, dijo Gray.<\/p>\n<p>\u00abLas d\u00e9cadas de inversi\u00f3n insuficiente se est\u00e1n mostrando ahora en nuestra falta de preparaci\u00f3n para abordar la escala del problema\u00bb, dijo. <\/p>\n<p>Explore m\u00e1s<\/p>\n<p> Un estudio revela el impacto del confinamiento en la salud mental de los j\u00f3venes <\/p>\n<p> 2022 AFP <\/p>\n<p> <strong>Cita<\/strong>: COVID ha cobrado un alto precio en salud mental: OMS (2022, 2 de marzo) ) recuperado el 29 de agosto de 2022 de https:\/\/medicalxpress.com\/news\/2022-03-covid-severe-mental-health-toll.html Este documento est\u00e1 sujeto a derechos de autor. Aparte de cualquier trato justo con fines de estudio o investigaci\u00f3n privados, ninguna parte puede reproducirse sin el permiso por escrito. El contenido se proporciona \u00fanicamente con fines informativos.<\/p>\n","protected":false},"excerpt":{"rendered":"<p>Cr\u00e9dito: Pixabay\/CC0 Dominio p\u00fablico La pandemia de COVID ha tenido un grave efecto en la salud mental, dijo la OMS el mi\u00e9rcoles, indicando que los casos de ansiedad y depresi\u00f3n hab\u00edan aumentado en m\u00e1s de 25 por ciento a nivel mundial. En un nuevo informe cient\u00edfico, la Organizaci\u00f3n Mundial de la Salud tambi\u00e9n descubri\u00f3 que &hellip; <a href=\"https:\/\/www.biblia.work\/articulos-salud\/covid-ha-tenido-graves-efectos-en-la-salud-mental-oms\/\" class=\"more-link\">Continuar leyendo<span class=\"screen-reader-text\"> \u00abCOVID ha tenido graves efectos en la salud mental: OMS\u00bb<\/span><\/a><\/p>\n","protected":false},"author":1,"featured_media":0,"comment_status":"","ping_status":"","sticky":false,"template":"","format":"standard","meta":{"footnotes":""},"categories":[1],"tags":[],"class_list":["post-11213","post","type-post","status-publish","format-standard","hentry","category-general"],"_links":{"self":[{"href":"https:\/\/www.biblia.work\/articulos-salud\/wp-json\/wp\/v2\/posts\/11213","targetHints":{"allow":["GET"]}}],"collection":[{"href":"https:\/\/www.biblia.work\/articulos-salud\/wp-json\/wp\/v2\/posts"}],"about":[{"href":"https:\/\/www.biblia.work\/articulos-salud\/wp-json\/wp\/v2\/types\/post"}],"author":[{"embeddable":true,"href":"https:\/\/www.biblia.work\/articulos-salud\/wp-json\/wp\/v2\/users\/1"}],"replies":[{"embeddable":true,"href":"https:\/\/www.biblia.work\/articulos-salud\/wp-json\/wp\/v2\/comments?post=11213"}],"version-history":[{"count":0,"href":"https:\/\/www.biblia.work\/articulos-salud\/wp-json\/wp\/v2\/posts\/11213\/revisions"}],"wp:attachment":[{"href":"https:\/\/www.biblia.work\/articulos-salud\/wp-json\/wp\/v2\/media?parent=11213"}],"wp:term":[{"taxonomy":"category","embeddable":true,"href":"https:\/\/www.biblia.work\/articulos-salud\/wp-json\/wp\/v2\/categories?post=11213"},{"taxonomy":"post_tag","embeddable":true,"href":"https:\/\/www.biblia.work\/articulos-salud\/wp-json\/wp\/v2\/tags?post=11213"}],"curies":[{"name":"wp","href":"https:\/\/api.w.org\/{rel}","templated":true}]}}