{"id":11239,"date":"2022-08-30T04:31:35","date_gmt":"2022-08-30T09:31:35","guid":{"rendered":"https:\/\/www.biblia.work\/articulos-salud\/se-explora-el-vinculo-entre-la-vacunacion-contra-el-covid-19-y-la-sordera-subita\/"},"modified":"2022-08-30T04:31:35","modified_gmt":"2022-08-30T09:31:35","slug":"se-explora-el-vinculo-entre-la-vacunacion-contra-el-covid-19-y-la-sordera-subita","status":"publish","type":"post","link":"https:\/\/www.biblia.work\/articulos-salud\/se-explora-el-vinculo-entre-la-vacunacion-contra-el-covid-19-y-la-sordera-subita\/","title":{"rendered":"Se explora el v\u00ednculo entre la vacunaci\u00f3n contra el COVID-19 y la sordera s\u00fabita"},"content":{"rendered":"<p>La posible asociaci\u00f3n entre la vacunaci\u00f3n contra el COVID-19 y la p\u00e9rdida auditiva neurosensorial s\u00fabita (SSNHL, por sus siglas en ingl\u00e9s) no est\u00e1 clara, seg\u00fan dos estudios publicados en l\u00ednea el 24 de febrero en JAMA OtolaryngologyHead &amp; Neck Surgery . <\/p>\n<p>Eric J. Formeister, MD, de la Facultad de Medicina de la Universidad Johns Hopkins en Baltimore, y sus colegas examinaron la posible asociaci\u00f3n entre la vacunaci\u00f3n contra el COVID-19 y SSNHL en un an\u00e1lisis basado en la poblaci\u00f3n de 555 informes de incidentes de probable SSNHL informados desde diciembre Desde el 14 de julio de 2020 hasta el 16 de julio de 2021. Tambi\u00e9n se incluyeron datos de una serie de casos retrospectivos de 21 pacientes que desarrollaron SSNHL despu\u00e9s de la vacunaci\u00f3n contra el COVID-19. Los investigadores encontraron que la incidencia anualizada estimada fue de 0,6 a 28,0 casos de SSNHL por cada 100 000 personas por a\u00f1o. En los tres fabricantes de vacunas, las tasas de informes de incidentes de SSNHL fueron similares (0,16 casos por 100\u00a0000 dosis para las vacunas Pfizer-BioNTech y Moderna; 0,22 casos por 100\u00a0000 dosis para las vacunas Janssen\/Johnson &amp; Johnson). En la serie de casos, ocho de 14 con datos audiom\u00e9tricos posteriores al tratamiento experimentaron una mejor\u00eda despu\u00e9s de recibir tratamiento.<\/p>\n<p>Yoav Yanir, MD, del Centro M\u00e9dico Lady Davis Carmel en Haifa, Israel, y sus colegas examinaron la asociaci\u00f3n entre el BNT1626b2 La vacuna mRNA COVID-19 y SSNHL en un estudio de cohorte retrospectivo basado en la poblaci\u00f3n realizado desde el 20 de diciembre de 2020 hasta el 31 de mayo de 2021. Los investigadores observaron 91 casos de SSNHL informados entre 2\u00a0602\u00a0557 pacientes que recibieron las primeras dosis de BNT126b2 mRNA COVID -19 vacunas y 79 casos de SSNHL notificados entre 2.441.719 pacientes que recibieron la segunda dosis de vacuna. Los \u00edndices de incidencia estandarizados ponderados por edad y sexo fueron 1,35 (intervalo de confianza del 95 %, 1,09 a 1,65) y 1,23 (intervalo de confianza del 95 %, 0,98 a 1,53) despu\u00e9s de la primera y segunda dosis de vacuna, respectivamente.<\/p>\n<p> \u00abCompartir estos hallazgos con los profesionales de la salud que participan en la evaluaci\u00f3n de SSNHL podr\u00eda conducir a un reconocimiento y tratamiento tempranos, que son cruciales para mejorar el resultado\u00bb, escriben Yanir y sus colegas. <\/p>\n<p>Explore m\u00e1s<\/p>\n<p> Los efectos adversos graves de las vacunas contra el COVID-19 se informaron en raras ocasiones <strong>M\u00e1s informaci\u00f3n:<\/strong> Eric J. Formeister et al, Evaluaci\u00f3n de la p\u00e9rdida auditiva neurosensorial repentina despu\u00e9s de la vacunaci\u00f3n contra el COVID-19, JAMA OtolaryngologyHead y Cirug\u00eda de Cuello (2022). DOI: 10.1001\/jamaoto.2021.4414<\/p>\n<p>Yoav Yanir et al, Asociaci\u00f3n entre la vacuna COVID-19 de ARN mensajero BNT162b2 y el riesgo de p\u00e9rdida auditiva neurosensorial repentina, JAMA OtolaryngologyHead &amp; Neck Surgery (2022). DOI: 10.1001\/jamaoto.2021.4278<\/p>\n<p>Angela K. Ulrich et al, P\u00e9rdida auditiva neurosensorial s\u00fabita rara potencialmente asociada con la vacunaci\u00f3n contra el COVID-19 no supera el beneficio de las vacunas contra el COVID-19, Otorrinolaringolog\u00eda JAMA Cirug\u00eda de cabeza y cuello ( 2022). DOI: 10.1001\/jamaoto.2021.4279<\/p>\n<p>Dos autores del estudio de Formeister revelaron v\u00ednculos con la industria biofarmac\u00e9utica.<\/p>\n","protected":false},"excerpt":{"rendered":"<p>La posible asociaci\u00f3n entre la vacunaci\u00f3n contra el COVID-19 y la p\u00e9rdida auditiva neurosensorial s\u00fabita (SSNHL, por sus siglas en ingl\u00e9s) no est\u00e1 clara, seg\u00fan dos estudios publicados en l\u00ednea el 24 de febrero en JAMA OtolaryngologyHead &amp; Neck Surgery . Eric J. Formeister, MD, de la Facultad de Medicina de la Universidad Johns Hopkins &hellip; <a href=\"https:\/\/www.biblia.work\/articulos-salud\/se-explora-el-vinculo-entre-la-vacunacion-contra-el-covid-19-y-la-sordera-subita\/\" class=\"more-link\">Continuar leyendo<span class=\"screen-reader-text\"> \u00abSe explora el v\u00ednculo entre la vacunaci\u00f3n contra el COVID-19 y la sordera s\u00fabita\u00bb<\/span><\/a><\/p>\n","protected":false},"author":1,"featured_media":0,"comment_status":"","ping_status":"","sticky":false,"template":"","format":"standard","meta":{"footnotes":""},"categories":[1],"tags":[],"class_list":["post-11239","post","type-post","status-publish","format-standard","hentry","category-general"],"_links":{"self":[{"href":"https:\/\/www.biblia.work\/articulos-salud\/wp-json\/wp\/v2\/posts\/11239","targetHints":{"allow":["GET"]}}],"collection":[{"href":"https:\/\/www.biblia.work\/articulos-salud\/wp-json\/wp\/v2\/posts"}],"about":[{"href":"https:\/\/www.biblia.work\/articulos-salud\/wp-json\/wp\/v2\/types\/post"}],"author":[{"embeddable":true,"href":"https:\/\/www.biblia.work\/articulos-salud\/wp-json\/wp\/v2\/users\/1"}],"replies":[{"embeddable":true,"href":"https:\/\/www.biblia.work\/articulos-salud\/wp-json\/wp\/v2\/comments?post=11239"}],"version-history":[{"count":0,"href":"https:\/\/www.biblia.work\/articulos-salud\/wp-json\/wp\/v2\/posts\/11239\/revisions"}],"wp:attachment":[{"href":"https:\/\/www.biblia.work\/articulos-salud\/wp-json\/wp\/v2\/media?parent=11239"}],"wp:term":[{"taxonomy":"category","embeddable":true,"href":"https:\/\/www.biblia.work\/articulos-salud\/wp-json\/wp\/v2\/categories?post=11239"},{"taxonomy":"post_tag","embeddable":true,"href":"https:\/\/www.biblia.work\/articulos-salud\/wp-json\/wp\/v2\/tags?post=11239"}],"curies":[{"name":"wp","href":"https:\/\/api.w.org\/{rel}","templated":true}]}}