{"id":11242,"date":"2022-08-30T04:31:42","date_gmt":"2022-08-30T09:31:42","guid":{"rendered":"https:\/\/www.biblia.work\/articulos-salud\/el-impacto-de-la-covid-19-en-la-salud-mental-aun-se-siente-segun-un-estudio\/"},"modified":"2022-08-30T04:31:42","modified_gmt":"2022-08-30T09:31:42","slug":"el-impacto-de-la-covid-19-en-la-salud-mental-aun-se-siente-segun-un-estudio","status":"publish","type":"post","link":"https:\/\/www.biblia.work\/articulos-salud\/el-impacto-de-la-covid-19-en-la-salud-mental-aun-se-siente-segun-un-estudio\/","title":{"rendered":"El impacto de la COVID-19 en la salud mental a\u00fan se siente, seg\u00fan un estudio"},"content":{"rendered":"<p>Cr\u00e9dito: CC0 Public Domain <\/p>\n<p>El deterioro de la salud mental de las personas relacionado con la COVID-19 no muestra signos de volver a los niveles previos a la pandemia, seg\u00fan un nuevo estudio. <\/p>\n<p>Investigadores de la Escuela de Negocios de la Universidad de Exeter y la Escuela de Negocios Adam Smith de la Universidad de Glasgow utilizaron el Estudio Longitudinal de Hogares del Reino Unido para comparar la salud mental de m\u00e1s de 10 000 personas del Reino Unido.<\/p>\n<p>Descubrieron que en promedio, la angustia mental en el punto \u00e1lgido de la pandemia en abril de 2020 fue un 11 % m\u00e1s alta que antes de la pandemia en 2017-19.<\/p>\n<p>Pero en marzo de 2021, en medio del lanzamiento de la vacuna y con las restricciones comenzando a ascensor, los investigadores no encontraron evidencia de ninguna mejora en la salud mental de la poblaci\u00f3n. La angustia mental promedio en marzo de 2021 fue esencialmente la misma que en abril de 2020.<\/p>\n<p>La angustia mental se midi\u00f3 mediante el Cuestionario de salud general de 12 puntos (GHQ-12), un dispositivo de detecci\u00f3n para identificar trastornos psiqui\u00e1tricos menores. Los encuestados completaron el GHQ-12 una vez entre 2017 y 2019, nuevamente en abril de 2020 y nuevamente en marzo de 2021.<\/p>\n<p>Climent Quintana-Domeque, profesor de econom\u00eda en la Escuela de Negocios de la Universidad de Exeter, dijo: \u00bb Nuestro estudio muestra que la pandemia de COVID-19 ha afectado la salud mental de las personas en toda la sociedad, y que estas consecuencias negativas contin\u00faan sinti\u00e9ndose incluso cuando se nos dice que lo peor ya pas\u00f3\u00bb.<\/p>\n<p>Investigaciones anteriores han encontrado que las mujeres y las personas negras, asi\u00e1ticas y de minor\u00edas \u00e9tnicas experimentaron mayores aumentos en la angustia mental durante la pandemia.<\/p>\n<p>Los investigadores encontraron que estas brechas de g\u00e9nero y etnicidad persistieron en marzo de 2021.<\/p>\n<p>\u00abM\u00e1s necesidades para deben hacer los formuladores de pol\u00edticas para abordar estos niveles estancados de angustia mental y para explicar el deterioro diferencial del bienestar mental entre las mujeres y las personas pertenecientes a grupos \u00e9tnicos minoritarios\u00bb, dijo la profesora Quintana-Domeque. <\/p>\n<p>Explorar m\u00e1s<\/p>\n<p> La salud mental de las mujeres del Reino Unido, las minor\u00edas \u00e9tnicas especialmente afectadas durante la pandemia <strong>M\u00e1s informaci\u00f3n:<\/strong> Climent Quintana-Domeque et al, Sobre la persistencia del deterioro de la salud mental durante el COVID-19 Pandemia por sexo y etnia en el Reino Unido: evidencia de la comprensi\u00f3n de la sociedad, The BE Journal of Economic Analysis &amp; Policy (2022). DOI: 10.1515\/bejeap-2021-0394 Proporcionado por la Universidad de Exeter <strong>Cita<\/strong>: A\u00fan se siente el impacto de la COVID en la salud mental, seg\u00fan un estudio (2 de marzo de 2022) consultado el 29 de agosto de 2022 en https:\/\/medicalxpress .com\/news\/2022-03-mental-health-impact-covid-felt.html Este documento est\u00e1 sujeto a derechos de autor. Aparte de cualquier trato justo con fines de estudio o investigaci\u00f3n privados, ninguna parte puede reproducirse sin el permiso por escrito. El contenido se proporciona \u00fanicamente con fines informativos.<\/p>\n","protected":false},"excerpt":{"rendered":"<p>Cr\u00e9dito: CC0 Public Domain El deterioro de la salud mental de las personas relacionado con la COVID-19 no muestra signos de volver a los niveles previos a la pandemia, seg\u00fan un nuevo estudio. Investigadores de la Escuela de Negocios de la Universidad de Exeter y la Escuela de Negocios Adam Smith de la Universidad de &hellip; <a href=\"https:\/\/www.biblia.work\/articulos-salud\/el-impacto-de-la-covid-19-en-la-salud-mental-aun-se-siente-segun-un-estudio\/\" class=\"more-link\">Continuar leyendo<span class=\"screen-reader-text\"> \u00abEl impacto de la COVID-19 en la salud mental a\u00fan se siente, seg\u00fan un estudio\u00bb<\/span><\/a><\/p>\n","protected":false},"author":1,"featured_media":0,"comment_status":"","ping_status":"","sticky":false,"template":"","format":"standard","meta":{"footnotes":""},"categories":[1],"tags":[],"class_list":["post-11242","post","type-post","status-publish","format-standard","hentry","category-general"],"_links":{"self":[{"href":"https:\/\/www.biblia.work\/articulos-salud\/wp-json\/wp\/v2\/posts\/11242","targetHints":{"allow":["GET"]}}],"collection":[{"href":"https:\/\/www.biblia.work\/articulos-salud\/wp-json\/wp\/v2\/posts"}],"about":[{"href":"https:\/\/www.biblia.work\/articulos-salud\/wp-json\/wp\/v2\/types\/post"}],"author":[{"embeddable":true,"href":"https:\/\/www.biblia.work\/articulos-salud\/wp-json\/wp\/v2\/users\/1"}],"replies":[{"embeddable":true,"href":"https:\/\/www.biblia.work\/articulos-salud\/wp-json\/wp\/v2\/comments?post=11242"}],"version-history":[{"count":0,"href":"https:\/\/www.biblia.work\/articulos-salud\/wp-json\/wp\/v2\/posts\/11242\/revisions"}],"wp:attachment":[{"href":"https:\/\/www.biblia.work\/articulos-salud\/wp-json\/wp\/v2\/media?parent=11242"}],"wp:term":[{"taxonomy":"category","embeddable":true,"href":"https:\/\/www.biblia.work\/articulos-salud\/wp-json\/wp\/v2\/categories?post=11242"},{"taxonomy":"post_tag","embeddable":true,"href":"https:\/\/www.biblia.work\/articulos-salud\/wp-json\/wp\/v2\/tags?post=11242"}],"curies":[{"name":"wp","href":"https:\/\/api.w.org\/{rel}","templated":true}]}}