{"id":11271,"date":"2022-08-30T04:32:46","date_gmt":"2022-08-30T09:32:46","guid":{"rendered":"https:\/\/www.biblia.work\/articulos-salud\/las-infecciones-respiratorias-como-la-tos-ferina-y-la-gripe-se-han-desplomado-en-medio-de-covid-pero-la-recuperacion-es-una-preocupacion\/"},"modified":"2022-08-30T04:32:46","modified_gmt":"2022-08-30T09:32:46","slug":"las-infecciones-respiratorias-como-la-tos-ferina-y-la-gripe-se-han-desplomado-en-medio-de-covid-pero-la-recuperacion-es-una-preocupacion","status":"publish","type":"post","link":"https:\/\/www.biblia.work\/articulos-salud\/las-infecciones-respiratorias-como-la-tos-ferina-y-la-gripe-se-han-desplomado-en-medio-de-covid-pero-la-recuperacion-es-una-preocupacion\/","title":{"rendered":"Las infecciones respiratorias como la tos ferina y la gripe se han desplomado en medio de COVID. Pero la &#8216;recuperaci\u00f3n&#8217; es una preocupaci\u00f3n"},"content":{"rendered":"<p>Cr\u00e9dito: Shutterstock <\/p>\n<p>Las medidas de salud p\u00fablica para controlar el COVID, incluido el distanciamiento social, las m\u00e1scaras, el cierre de fronteras y la reducci\u00f3n de los viajes internacionales, han funcionado para reducir el impacto del COVID. <\/p>\n<p>Pero tambi\u00e9n condujeron a una reducci\u00f3n, o cambiaron el patr\u00f3n, de otras infecciones respiratorias como la influenza, la tos ferina y el virus respiratorio sincitial (VSR).<\/p>\n<p>Un informe de la Comisi\u00f3n de Productividad publicado el mes pasado mostr\u00f3 que las tasas de tos ferina en 202021 fueron las m\u00e1s bajas en a\u00f1os.<\/p>\n<p>Australia tampoco experiment\u00f3 mucha temporada de gripe en 2020 o 2021. Esta es una buena noticia, ya que no quer\u00edamos tienen tanto la gripe como el COVID circulando en grandes cantidades.<\/p>\n<p>Sin embargo, una preocupaci\u00f3n es que estas bajas tasas pueden habernos llevado a la autocomplacencia. Puede significar que muchas personas no han tenido prisa por vacunarse contra la influenza.<\/p>\n<p>Adem\u00e1s, debido a que muy pocos de nosotros hemos tenido estas infecciones en los \u00faltimos dos a\u00f1os, probablemente hayamos experimentado menos aumentar cualquier inmunidad \u00abnatural\u00bb.<\/p>\n<p>Debemos tener cuidado con estas infecciones que se recuperan, especialmente a medida que nos acercamos al invierno y nuestras fronteras se abren a los viajeros internacionales.<\/p>\n<p>The Australian Technical El Grupo Asesor sobre Inmunizaci\u00f3n (ATAGI) public\u00f3 la semana pasada un consejo instando a todos los australianos a vacunarse contra la gripe una vez que est\u00e9 disponible, lo que probablemente sea en marzo.<\/p>\n<p>Las tasas de gripe est\u00e1n muy bajas<\/p>\n<p>Influenza La Organizaci\u00f3n Mundial de la Salud realiza un seguimiento de la actividad a nivel mundial y la utiliza para decidir qu\u00e9 cepas de gripe est\u00e1n cubiertas en la vacuna cada a\u00f1o.<\/p>\n<p>En Australia es una \u00abenfermedad de notificaci\u00f3n obligatoria\u00bb. Esto significa que los casos confirmados por laboratorio se informan a nuestro Sistema Nacional de Vigilancia de Enfermedades de Declaraci\u00f3n Obligatoria. <\/p>\n<p>En 2020, hubo 21\u00a0266 notificaciones de influenza confirmada por laboratorio a este sistema, casi ocho veces menos que el promedio de cinco a\u00f1os, que es de 163\u00a0015.<\/p>\n<p>En 2021, solo hubo 598 notificaciones hasta principios de noviembre.<\/p>\n<p>Es importante tener en cuenta que parte de la reducci\u00f3n en los casos de gripe notificados podr\u00eda deberse a que menos personas acuden a los centros de atenci\u00f3n m\u00e9dica y se hacen las pruebas. Esto significa que podemos subestimar los casos de gripe, especialmente los leves.<\/p>\n<p>Sin embargo, tambi\u00e9n hemos visto una reducci\u00f3n en los casos m\u00e1s graves que conducen a hospitalizaciones y muertes a causa de la gripe, lo que sugiere que es una disminuci\u00f3n real.<\/p>\n<p>La tos ferina tambi\u00e9n ha bajado<\/p>\n<p>La tos ferina (tambi\u00e9n llamada tos ferina) se encuentra en niveles hist\u00f3ricamente bajos.<\/p>\n<p>Por lo general, experimentamos un aumento en los casos de tos ferina cada tres a cinco a\u00f1os. Esto probablemente se deba a que recibimos un impulso inmunol\u00f3gico natural despu\u00e9s de la exposici\u00f3n, que luego tiende a limitar la propagaci\u00f3n y, por lo tanto, la epidemia termina; sin embargo, cuando nuestro impulso inmunol\u00f3gico natural disminuye, es posible que aumentemos los casos.<\/p>\n<p>Es tambi\u00e9n una \u00abenfermedad de notificaci\u00f3n obligatoria\u00bb.<\/p>\n<p>Nuestro \u00faltimo gran a\u00f1o fue 201516, y si seguimos el patr\u00f3n normal deber\u00edamos haber visto un aumento en 202021.<\/p>\n<p>En a\u00f1os anteriores, las notificaciones de tos ferina ha sido superior a 100 por 100.000 ni\u00f1os, con las tasas m\u00e1s altas de 287 por 100.000 en 201516 y 357 por 100.000 en 201112.<\/p>\n<p>Pero en 202021 solo se notificaron 116 casos en ni\u00f1os menores de 14 a\u00f1os. Esa es una tasa de 2,4 por cada 100\u00a0000 ni\u00f1os, sustancialmente m\u00e1s baja que la de 201112 y 201516.<\/p>\n<p>El RSV ha cambiado<\/p>\n<p>El virus sincitial respiratorio (RSV) es una infecci\u00f3n viral com\u00fan que generalmente conduce a un aumento en hospitalizaciones cada a\u00f1o, muchas veces antes de la llegada de la gripe. Puede ser particularmente grave en beb\u00e9s menores de un a\u00f1o.<\/p>\n<p>La pandemia de COVID y las medidas de salud p\u00fablica asociadas pueden estar detr\u00e1s de un cambio en el momento de las infecciones por RSV.<\/p>\n<p>En NSW desde 2015 al 2019, el pico de contagios fue en oto\u00f1o e invierno. Pero en 2020, el pico de infecciones se desplaz\u00f3 a principios del verano.<\/p>\n<p>En 2020, las hospitalizaciones por RSV fueron m\u00e1s bajas en beb\u00e9s menores de 12 meses y m\u00e1s altas en ni\u00f1os de dos a cuatro a\u00f1os, en comparaci\u00f3n con a\u00f1os anteriores (201419).<\/p>\n<p>Las vacunas tambi\u00e9n son importantes para otras enfermedades<\/p>\n<p>La reducci\u00f3n de la gripe, el RSV y la tos ferina probablemente se deba a las medidas de salud p\u00fablica relacionadas con el COVID.<\/p>\n<p>Sin embargo, para la tos ferina, la protecci\u00f3n de nuestros beb\u00e9s m\u00e1s peque\u00f1os probablemente tambi\u00e9n se deba al impacto de las vacunas maternas contra la tos ferina durante el embarazo.<\/p>\n<p>Todav\u00eda no tenemos muchos datos sobre esto, pero un art\u00edculo de Victoria mostr\u00f3 un aumento en Vacunaci\u00f3n contra la tos ferina en mujeres embarazadas. Aument\u00f3 de alrededor del 38 % a m\u00e1s del 80 % entre 2015 y 2017. Otro art\u00edculo del sureste de Queensland mostr\u00f3 que la cobertura de la vacuna contra la tos ferina en mujeres embarazadas era de aproximadamente el 70 %.<\/p>\n<p>Estudios de efectividad en el mundo real han demostrado que una vacuna contra la tos ferina durante el embarazo tiene una eficacia superior al 90 % en la prevenci\u00f3n de hospitalizaciones de beb\u00e9s peque\u00f1os a causa de la enfermedad. <\/p>\n<p>Por esta raz\u00f3n, las autoridades sanitarias de Australia, EE. UU. y el Reino Unido recomiendan que se administre una vacuna contra la tos ferina durante cada embarazo.<\/p>\n<p>Las autoridades sanitarias australianas tambi\u00e9n recomiendan que las mujeres embarazadas se vacunen contra la gripe y el COVID .<\/p>\n<p>No podemos ser complacientes<\/p>\n<p>Las preocupaciones sobre las visitas a los proveedores de atenci\u00f3n m\u00e9dica durante el COVID pueden haber significado una ca\u00edda en la cobertura de vacunas para otras enfermedades. Esto ha ocurrido en algunos pa\u00edses y ha provocado una alerta de la Organizaci\u00f3n Mundial de la Salud.<\/p>\n<p>Adem\u00e1s, est\u00e1 claro que menos personas han estado expuestas naturalmente a la gripe en los \u00faltimos dos a\u00f1os. Es posible que tener una infecci\u00f3n de gripe en un a\u00f1o le brinde cierta protecci\u00f3n en los a\u00f1os siguientes (aunque realmente no quiere contraer la gripe).<\/p>\n<p>Ambos factores pueden significar que tenemos una protecci\u00f3n m\u00e1s baja cuando finalmente conseguir una temporada de gripe. <\/p>\n<p>Con la llegada del invierno y la apertura de las fronteras, es posible que veamos la aparici\u00f3n de la gripe nuevamente este a\u00f1o.<\/p>\n<p>Mientras tanto, hable con su m\u00e9dico de cabecera sobre cualquier vacuna, incluida la gripe, cuando est\u00e9 disponible. y sus hijos pueden necesitar ponerse al d\u00eda. <\/p>\n<p>Explore m\u00e1s<\/p>\n<p> Un estudio reconoce la mejor manera de comunicar la importancia de las vacunas durante el embarazo Proporcionado por The Conversation <\/p>\n<p> Este art\u00edculo se vuelve a publicar de The Conversation bajo una licencia Creative Commons. Lea el art\u00edculo original. <\/p>\n<p> <strong>Cita<\/strong>: Las infecciones respiratorias como la tos ferina y la gripe se han desplomado en medio de la COVID. Pero &#8216;recuperarse&#8217; es una preocupaci\u00f3n (2022, 1 de marzo) recuperado el 29 de agosto de 2022 de https:\/\/medicalxpress.com\/news\/2022-03-respiratory-infections-whooping-flu-plummeted.html Este documento est\u00e1 sujeto a derechos de autor . Aparte de cualquier trato justo con fines de estudio o investigaci\u00f3n privados, ninguna parte puede reproducirse sin el permiso por escrito. El contenido se proporciona \u00fanicamente con fines informativos.<\/p>\n","protected":false},"excerpt":{"rendered":"<p>Cr\u00e9dito: Shutterstock Las medidas de salud p\u00fablica para controlar el COVID, incluido el distanciamiento social, las m\u00e1scaras, el cierre de fronteras y la reducci\u00f3n de los viajes internacionales, han funcionado para reducir el impacto del COVID. Pero tambi\u00e9n condujeron a una reducci\u00f3n, o cambiaron el patr\u00f3n, de otras infecciones respiratorias como la influenza, la tos &hellip; <a href=\"https:\/\/www.biblia.work\/articulos-salud\/las-infecciones-respiratorias-como-la-tos-ferina-y-la-gripe-se-han-desplomado-en-medio-de-covid-pero-la-recuperacion-es-una-preocupacion\/\" class=\"more-link\">Continuar leyendo<span class=\"screen-reader-text\"> \u00abLas infecciones respiratorias como la tos ferina y la gripe se han desplomado en medio de COVID. Pero la &#8216;recuperaci\u00f3n&#8217; es una preocupaci\u00f3n\u00bb<\/span><\/a><\/p>\n","protected":false},"author":1,"featured_media":0,"comment_status":"","ping_status":"","sticky":false,"template":"","format":"standard","meta":{"footnotes":""},"categories":[1],"tags":[],"class_list":["post-11271","post","type-post","status-publish","format-standard","hentry","category-general"],"_links":{"self":[{"href":"https:\/\/www.biblia.work\/articulos-salud\/wp-json\/wp\/v2\/posts\/11271","targetHints":{"allow":["GET"]}}],"collection":[{"href":"https:\/\/www.biblia.work\/articulos-salud\/wp-json\/wp\/v2\/posts"}],"about":[{"href":"https:\/\/www.biblia.work\/articulos-salud\/wp-json\/wp\/v2\/types\/post"}],"author":[{"embeddable":true,"href":"https:\/\/www.biblia.work\/articulos-salud\/wp-json\/wp\/v2\/users\/1"}],"replies":[{"embeddable":true,"href":"https:\/\/www.biblia.work\/articulos-salud\/wp-json\/wp\/v2\/comments?post=11271"}],"version-history":[{"count":0,"href":"https:\/\/www.biblia.work\/articulos-salud\/wp-json\/wp\/v2\/posts\/11271\/revisions"}],"wp:attachment":[{"href":"https:\/\/www.biblia.work\/articulos-salud\/wp-json\/wp\/v2\/media?parent=11271"}],"wp:term":[{"taxonomy":"category","embeddable":true,"href":"https:\/\/www.biblia.work\/articulos-salud\/wp-json\/wp\/v2\/categories?post=11271"},{"taxonomy":"post_tag","embeddable":true,"href":"https:\/\/www.biblia.work\/articulos-salud\/wp-json\/wp\/v2\/tags?post=11271"}],"curies":[{"name":"wp","href":"https:\/\/api.w.org\/{rel}","templated":true}]}}