{"id":11729,"date":"2022-08-30T08:04:45","date_gmt":"2022-08-30T13:04:45","guid":{"rendered":"https:\/\/www.biblia.work\/articulos-salud\/mas-alla-de-las-metricas-de-memoria-para-la-identificacion-temprana-del-riesgo-de-alzheimer\/"},"modified":"2022-08-30T08:04:45","modified_gmt":"2022-08-30T13:04:45","slug":"mas-alla-de-las-metricas-de-memoria-para-la-identificacion-temprana-del-riesgo-de-alzheimer","status":"publish","type":"post","link":"https:\/\/www.biblia.work\/articulos-salud\/mas-alla-de-las-metricas-de-memoria-para-la-identificacion-temprana-del-riesgo-de-alzheimer\/","title":{"rendered":"M\u00e1s all\u00e1 de las m\u00e9tricas de memoria para la identificaci\u00f3n temprana del riesgo de Alzheimer"},"content":{"rendered":"<p>Cr\u00e9dito: Pixabay\/CC0 Public Domain <\/p>\n<p>Diga las palabras \u00abenfermedad de Alzheimer\u00bb y la siguiente palabra que le viene a la mente probablemente sea \u00abmemoria\u00bb. De hecho, uno de los efectos m\u00e1s devastadores de la enfermedad de Alzheimer es el costo que cobra en la memoria de una persona. Sin embargo, mucho antes de que disminuyan las capacidades de la memoria, los cambios cerebrales ocurren ya en la mediana edad, en algunos casos d\u00e9cadas antes de un diagn\u00f3stico de demencia debido al Alzheimer. El trabajo de los neurocient\u00edficos cognitivos para identificar estos cambios en la mediana edad se\u00f1ala el camino hacia nuevos diagn\u00f3sticos e intervenciones, como se present\u00f3 hoy en la reuni\u00f3n anual de la Sociedad de Neurociencia Cognitiva (CNS) en San Francisco. <\/p>\n<p>\u00abEl proceso patol\u00f3gico de la enfermedad de Alzheimer comienza d\u00e9cadas antes de la aparici\u00f3n de la demencia\u00bb, dice William Kremen, de la Universidad de California en San Diego. \u00abCuanto antes podamos identificar a las personas en riesgo, m\u00e1s posibilidades tendremos de intervenir para retrasar el proceso de la enfermedad\u00bb. <\/p>\n<p>El trabajo de Kremen que muestra c\u00f3mo una disminuci\u00f3n en la funci\u00f3n ejecutiva en la mediana edad predice la enfermedad de Alzheimer m\u00e1s adelante en la vida es solo uno de los hallazgos que se presentar\u00e1n hoy en la reuni\u00f3n del CNS en un simposio sobre envejecimiento cognitivo y cerebral. Anja Soldan y Corinne Pettigrew, ambas de la Universidad Johns Hopkins, organizaron el simposio para mostrar la investigaci\u00f3n y comprender mejor c\u00f3mo diferenciar el envejecimiento cognitivo \u00abnormal\u00bb del envejecimiento cognitivo relacionado con enfermedades. <\/p>\n<p>\u00abAhora sabemos que muchos trastornos relacionados con la edad, incluidas la enfermedad de Alzheimer y la enfermedad cerebrovascular, tienen una fase precl\u00ednica que precede a la aparici\u00f3n de los s\u00edntomas cl\u00ednicos por muchos a\u00f1os\u00bb, dice Soldan. \u00abEsto hace que sea realmente dif\u00edcil decir si los cambios cognitivos relacionados con la edad reflejan cambios &#8216;normales&#8217; relacionados con la edad o cambios tempranos relacionados con enfermedades. Comprender el envejecimiento cognitivo realmente requiere un enfoque de ciclo de vida, pero eso es muy dif\u00edcil de lograr\u00bb.<\/p>\n<p>Sin embargo, las nuevas tecnolog\u00edas de salud digital y el trabajo con biomarcadores, junto con estudios longitudinales a gran escala, est\u00e1n arrojando m\u00e1s luz sobre los cambios cerebrales asociados con el Alzheimer y otras enfermedades neurodegenerativas en etapas tempranas de la vida. <\/p>\n<p>Un ojo hacia la funci\u00f3n ejecutiva<\/p>\n<p>Kremen se interes\u00f3 por primera vez en comprender el envejecimiento del cerebro cuando realizaba estudios de cognici\u00f3n en gemelos. \u00abUna tarde, un par de colegas y yo est\u00e1bamos haciendo una lluvia de ideas sobre los pr\u00f3ximos pasos en nuestra investigaci\u00f3n\u00bb, recuerda. \u00abNos dimos cuenta de que si estudi\u00e1bamos esta muestra de gemelos sistem\u00e1ticamente a lo largo del tiempo, podr\u00edamos tener un estudio realmente interesante y valioso sobre el envejecimiento cognitivo y cerebral. Ahora estoy muy interesado en el tremendo crecimiento de la investigaci\u00f3n gen\u00e9tica para que podamos entender mejor lo que es la gen\u00e9tica y la los factores ambientales influyen en el envejecimiento cognitivo y cerebral normal y patol\u00f3gico\u00bb.<\/p>\n<p>En su \u00faltimo trabajo con Rongxiang Tang y Daniel Gustavson, Kremen busc\u00f3 vincular la cognici\u00f3n, el cerebro y la gen\u00e9tica. Al analizar los datos gen\u00e9ticos de 1168 personas y los datos de resonancia magn\u00e9tica de 267 personas con edades comprendidas entre los 51 y los 73 a\u00f1os a lo largo de 12 a\u00f1os, descubrieron que la funci\u00f3n ejecutiva es un \u00e1rea de estudio importante para comprender los cambios cerebrales relacionados con la edad en las personas con Alzheimer<\/p>\n<p>\u00abEn la enfermedad de Alzheimer, la atenci\u00f3n se centra predominantemente en la memoria, pero quer\u00edamos resaltar el hecho de que la funci\u00f3n ejecutiva tambi\u00e9n es importante\u00bb, explica. \u00abLa funci\u00f3n ejecutiva es importante para muchos aspectos de la vida diaria, ya que implica la planificaci\u00f3n y la anticipaci\u00f3n, la organizaci\u00f3n, la capacidad de cambiar adecuadamente de una tarea o tema a otro, y la inhibici\u00f3n de pensamientos o est\u00edmulos irrelevantes para que una persona pueda concentrarse en la tarea en cuesti\u00f3n. .\u00bb<\/p>\n<p>En un trabajo a\u00fan no publicado, Tang y sus colegas identificaron una \u00abred de controlabilidad modal\u00bb que subyace tanto en la funci\u00f3n ejecutiva en la mediana edad como en los cambios en la funci\u00f3n ejecutiva m\u00e1s adelante en la vida. \u00abLa controlabilidad modal se refiere a la capacidad de las regiones del cerebro para facilitar transiciones distantes y esforzadas a estados dif\u00edciles de alcanzar, que es de lo que se trata la funci\u00f3n ejecutiva\u00bb, explica Kremen. \u00abLos cambios en la capacidad de control de la red pueden ser un mecanismo clave que subyace a la disminuci\u00f3n de la funci\u00f3n ejecutiva relacionada con el envejecimiento\u00bb.<\/p>\n<p>Tambi\u00e9n encontraron que una funci\u00f3n ejecutiva m\u00e1s deficiente se asoci\u00f3 con puntajes de riesgo gen\u00e9tico m\u00e1s altos de la enfermedad de Alzheimer, que se bas\u00f3 en un trabajo previo mostrando que una funci\u00f3n ejecutiva m\u00e1s deficiente se asoci\u00f3 con un mayor riesgo de progresi\u00f3n a deterioro cognitivo leve (DCL), que puede ser un precursor de la enfermedad de Alzheimer. Seg\u00fan Kremen, este y otros trabajos anteriores sugieren que \u00abla funci\u00f3n ejecutiva en la mediana edad predice la progresi\u00f3n\u00bb de la enfermedad de Alzheimer. <\/p>\n<p>Kremen y su equipo quieren seguir estudiando el cerebro y los factores gen\u00e9ticos asociados con la enfermedad de Alzheimer con la misma cohorte de participantes a medida que envejecen. El objetivo, dice, es la identificaci\u00f3n temprana, y cree que la combinaci\u00f3n de investigaci\u00f3n gen\u00e9tica y cognitiva muestra un camino prometedor.<\/p>\n<p>Identificaci\u00f3n de biomarcadores para la detecci\u00f3n temprana<\/p>\n<p>Corinne Pettigrew se interes\u00f3 en el cerebro envejecido cuando se trabaja con pacientes con accidente cerebrovascular en la escuela de posgrado. Ahora trabaja para comprender los cambios cognitivos y los biomarcadores en adultos mayores que corren el riesgo de padecer la enfermedad de Alzheimer y otros trastornos cognitivos. <\/p>\n<p>En la reuni\u00f3n de la CNS, Pettigrew presentar\u00e1 los resultados del estudio BIOCARD, un estudio longitudinal que comenz\u00f3 en 1995 y en el que participaron unos 350 adultos, principalmente de mediana edad. \u00abDebido a que el estudio a\u00fan est\u00e1 en curso, muchos de estos generosos voluntarios ahora han sido seguidos durante m\u00e1s de 20 a\u00f1os\u00bb, dice Pettigrew. \u00abGracias a su dedicaci\u00f3n, estamos en una posici\u00f3n relativamente \u00fanica para examinar c\u00f3mo los factores de riesgo y de protecci\u00f3n de la mediana edad y los cambios cerebrales afectan los resultados cognitivos de la vida posterior, incluido el deterioro cognitivo y la demencia\u00bb.<\/p>\n<p>Uno de los principales hallazgos de La investigaci\u00f3n de Pettigrew hasta el momento es que algunos de los cambios cerebrales subyacentes a la enfermedad de Alzheimer comienzan en la mediana edad. \u00abPor lo tanto, la mediana edad puede ser un momento muy importante para intervenir, para retrasar o prevenir el futuro deterioro cognitivo o los s\u00edntomas de la demencia\u00bb, dice.<\/p>\n<p>En un estudio de 2020 publicado en Neurology, por ejemplo, Pettigrew, Soldan , y sus colegas informaron sobre c\u00f3mo las puntuaciones de riesgo vascular (observando factores como la hipertensi\u00f3n, los niveles de colesterol, la diabetes y el tabaquismo, por ejemplo) y los biomarcadores de prote\u00edna tau y amiloide (asociados con la enfermedad de Alzheimer) de la mediana edad se correlacionaron con el cambio cognitivo. Descubrieron que los riesgos vasculares y los biomarcadores de Alzheimer se asociaron de forma independiente con el deterioro cognitivo durante aproximadamente 14 a\u00f1os. <\/p>\n<p>\u00abNuestros hallazgos de biomarcadores sugieren que los cambios cerebrales relacionados con la enfermedad de Azheimer son evidentes en la mediana edad o antes, particularmente entre las personas con mayor riesgo de progresar a un deterioro cognitivo leve o demencia\u00bb, dice Pettigrew. Aunque todav\u00eda no existen tratamientos efectivos para la demencia, se est\u00e1 volviendo cada vez m\u00e1s claro, dice Pettigrew, que proteger la salud cerebral y vascular a lo largo de toda la vida, incluso manteni\u00e9ndose activo cognitiva y f\u00edsicamente, es fundamental para reducir el riesgo de deterioro cognitivo, incluso entre aquellos tienen un mayor riesgo gen\u00e9tico de demencia.<\/p>\n<p>Soldan dice: \u00abCreo que este simposio ilustra muy bien el hecho de que las trayectorias de envejecimiento cognitivo est\u00e1n influenciadas por una gran cantidad de factores y que puede haber cosas que podamos hacer, como cambios f\u00edsicos la actividad f\u00edsica y el manejo de los riesgos vasculares, como la presi\u00f3n arterial y el colesterol, para mantenerse en una trayectoria m\u00e1s positiva\u00bb. <\/p>\n<p>Soldan ve un futuro emocionante para la integraci\u00f3n de la tecnolog\u00eda digital en el estudio del cerebro y el envejecimiento cognitivo. \u00abEsto incluye varios dispositivos inteligentes que las personas pueden usar en casa mientras realizan su vida normal y que permiten a los investigadores aprender sobre sus ciclos de sue\u00f1o y vigilia, niveles de actividad f\u00edsica, frecuencia card\u00edaca, presi\u00f3n arterial, etc., que est\u00e1n relacionados con el cerebro y salud cognitiva\u00bb, dice ella. \u00abEsto puede permitirnos llegar a una poblaci\u00f3n m\u00e1s amplia y diversa\u00bb.<\/p>\n<p>Tambi\u00e9n est\u00e1 emocionada por el progreso que se est\u00e1 logrando en el desarrollo de biomarcadores basados en la sangre para la enfermedad de Alzheimer y otras afecciones. \u00abEn un futuro no muy lejano, esto podr\u00eda permitirnos detectar temprano la enfermedad de Alzheimer durante la atenci\u00f3n cl\u00ednica de rutina, lo que podr\u00eda ayudar a desarrollar intervenciones m\u00e1s efectivas para el deterioro cognitivo\u00bb. <\/p>\n<p>Explore m\u00e1s<\/p>\n<p> La &#8216;edad&#8217; epigen\u00e9tica predice la funci\u00f3n cognitiva <strong>Informaci\u00f3n de la revista:<\/strong> Neurology <\/p>\n<p> Proporcionado por Cognitive Neuroscience Society <strong>Cita<\/strong>: Ir m\u00e1s all\u00e1 de las m\u00e9tricas de memoria para identificaci\u00f3n temprana del riesgo de Alzheimer (25 de abril de 2022) consultado el 29 de agosto de 2022 de https:\/\/medicalxpress.com\/news\/2022-04-memory-metrics-early-identification-alzheimer.html Este documento est\u00e1 sujeto a derechos de autor. Aparte de cualquier trato justo con fines de estudio o investigaci\u00f3n privados, ninguna parte puede reproducirse sin el permiso por escrito. El contenido se proporciona \u00fanicamente con fines informativos.<\/p>\n","protected":false},"excerpt":{"rendered":"<p>Cr\u00e9dito: Pixabay\/CC0 Public Domain Diga las palabras \u00abenfermedad de Alzheimer\u00bb y la siguiente palabra que le viene a la mente probablemente sea \u00abmemoria\u00bb. De hecho, uno de los efectos m\u00e1s devastadores de la enfermedad de Alzheimer es el costo que cobra en la memoria de una persona. Sin embargo, mucho antes de que disminuyan las &hellip; <a href=\"https:\/\/www.biblia.work\/articulos-salud\/mas-alla-de-las-metricas-de-memoria-para-la-identificacion-temprana-del-riesgo-de-alzheimer\/\" class=\"more-link\">Continuar leyendo<span class=\"screen-reader-text\"> \u00abM\u00e1s all\u00e1 de las m\u00e9tricas de memoria para la identificaci\u00f3n temprana del riesgo de Alzheimer\u00bb<\/span><\/a><\/p>\n","protected":false},"author":1,"featured_media":0,"comment_status":"","ping_status":"","sticky":false,"template":"","format":"standard","meta":{"footnotes":""},"categories":[1],"tags":[],"class_list":["post-11729","post","type-post","status-publish","format-standard","hentry","category-general"],"_links":{"self":[{"href":"https:\/\/www.biblia.work\/articulos-salud\/wp-json\/wp\/v2\/posts\/11729","targetHints":{"allow":["GET"]}}],"collection":[{"href":"https:\/\/www.biblia.work\/articulos-salud\/wp-json\/wp\/v2\/posts"}],"about":[{"href":"https:\/\/www.biblia.work\/articulos-salud\/wp-json\/wp\/v2\/types\/post"}],"author":[{"embeddable":true,"href":"https:\/\/www.biblia.work\/articulos-salud\/wp-json\/wp\/v2\/users\/1"}],"replies":[{"embeddable":true,"href":"https:\/\/www.biblia.work\/articulos-salud\/wp-json\/wp\/v2\/comments?post=11729"}],"version-history":[{"count":0,"href":"https:\/\/www.biblia.work\/articulos-salud\/wp-json\/wp\/v2\/posts\/11729\/revisions"}],"wp:attachment":[{"href":"https:\/\/www.biblia.work\/articulos-salud\/wp-json\/wp\/v2\/media?parent=11729"}],"wp:term":[{"taxonomy":"category","embeddable":true,"href":"https:\/\/www.biblia.work\/articulos-salud\/wp-json\/wp\/v2\/categories?post=11729"},{"taxonomy":"post_tag","embeddable":true,"href":"https:\/\/www.biblia.work\/articulos-salud\/wp-json\/wp\/v2\/tags?post=11729"}],"curies":[{"name":"wp","href":"https:\/\/api.w.org\/{rel}","templated":true}]}}