{"id":11751,"date":"2022-08-30T08:05:32","date_gmt":"2022-08-30T13:05:32","guid":{"rendered":"https:\/\/www.biblia.work\/articulos-salud\/temporadas-de-alergias-que-empeoran-es-el-cambio-climatico-el-culpable\/"},"modified":"2022-08-30T08:05:32","modified_gmt":"2022-08-30T13:05:32","slug":"temporadas-de-alergias-que-empeoran-es-el-cambio-climatico-el-culpable","status":"publish","type":"post","link":"https:\/\/www.biblia.work\/articulos-salud\/temporadas-de-alergias-que-empeoran-es-el-cambio-climatico-el-culpable\/","title":{"rendered":"Temporadas de alergias que empeoran: \u00bfes el cambio clim\u00e1tico el culpable?"},"content":{"rendered":"<p>Cr\u00e9dito: CC0 Public Domain <\/p>\n<p>Los cient\u00edficos saben desde hace tiempo que a medida que la Tierra se calienta debido al cambio clim\u00e1tico, las plantas producen m\u00e1s polen, lo que hace que la temporada de alergias sea m\u00e1s prolongada y pronunciada. <\/p>\n<p>Ahora, una nueva encuesta encuentra que las personas que padecen fiebre del heno se est\u00e1n dando cuenta cada vez m\u00e1s.<\/p>\n<p>En una encuesta de m\u00e1s de 2000 adultos estadounidenses realizada por Harris Poll en asociaci\u00f3n con HealthDay, solo 1 de cada 3 inform\u00f3 haber recibido un diagn\u00f3stico oficial de fiebre del heno de un m\u00e9dico, pero 3 de cada 4 dijeron que han experimentado s\u00edntomas de alergia estacional.<\/p>\n<p>Para la mayor\u00eda de estas personas, los estornudos estacionales no son pan comido. El 74 % dijo que sus s\u00edntomas tienen un impacto negativo en su salud general. calidad de vida. Y seg\u00fan Kathy Steinberg, vicepresidenta de Harris Poll, \u00abotros puntos de la encuesta sugieren que la situaci\u00f3n solo empeorar\u00e1\u00bb.<\/p>\n<p>Como parte de la encuesta, estas aproximadamente 1500 personas al\u00e9rgicas- Los encuestados que sufr\u00edan calificaron su grado de acuerdo o desacuerdo con una lista de declaraciones, que incluyen: \u00abSiento que mis alergias estacionales est\u00e1n empeorando cada a\u00f1o\u00bb. \u00abMis s\u00edntomas de alergia estacional comenzaron m\u00e1s temprano en la temporada en los \u00faltimos a\u00f1os\u00bb. \u00abAhora experimento s\u00edntomas de alergias estacionales durante todo el a\u00f1o\u00bb. <\/p>\n<p>En respuesta a estas declaraciones, los participantes estaban divididos. Aproximadamente la mitad estuvo muy o algo de acuerdo con las afirmaciones, mientras que los dem\u00e1s estuvieron muy o algo en desacuerdo.<\/p>\n<p>\u00abPara muchos, sus s\u00edntomas empeoran cada a\u00f1o, o ocurren durante todo el a\u00f1o, o son comenzando m\u00e1s temprano en la temporada que en los \u00faltimos a\u00f1os\u00bb, dijo Steinberg.<\/p>\n<p>Es probable que la tendencia hacia temporadas de polen m\u00e1s prolongadas e intensas se vuelva cada vez m\u00e1s inconfundible para los afectados a medida que avanza el calentamiento global. <\/p>\n<p>\u00abLas personas que dicen que [sus alergias] parecen estar empeorando, muy bien podr\u00edan estar teniendo m\u00e1s problemas seg\u00fan los datos cient\u00edficos que tenemos sobre el aumento de la temperatura y el aumento del polen\u00bb, dijo el Dr. Stanley Fineman durante una entrevista de HealthDay Now. Fineman es alergista en Atlanta Allergy &amp; Asthma y expresidente del American College of Allergy, Asthma and Immunology. <\/p>\n<p>\u00abSi seguimos teniendo tantas tendencias de calentamiento como las que tenemos, es probable que veamos recuentos de polen cada vez m\u00e1s altos con las temporadas comenzando antes\u00bb, dijo.<\/p>\n<p> En un estudio reciente, los investigadores modelaron la producci\u00f3n futura de polen y concluyeron que las emisiones totales de polen podr\u00edan aumentar hasta en un 40 % para el a\u00f1o 2100. Descubrieron que se espera que la temporada de polen de primavera comience entre 10 y 40 d\u00edas antes, mientras que las alergias estacionales del oto\u00f1o continuar\u00e1n hasta 19 d\u00edas m\u00e1s. <\/p>\n<p>Estas escaladas se sumar\u00edan a los aumentos existentes en la producci\u00f3n de polen que comenzaron hace d\u00e9cadas. A partir de 2018, los recuentos de polen ya eran un 20 % m\u00e1s altos que en 1990, seg\u00fan otro estudio.<\/p>\n<p>Temperaturas m\u00e1s altas, floraciones m\u00e1s grandes<\/p>\n<p>El cambio clim\u00e1tico tiene un efecto doble en el recuento de polen: temperaturas m\u00e1s c\u00e1lidas y Las emisiones m\u00e1s altas de di\u00f3xido de carbono son impulsores de la producci\u00f3n de polen, seg\u00fan William Anderegg, profesor asociado de biolog\u00eda en la Universidad de Utah. <\/p>\n<p>\u00abLa ciencia que relaciona el cambio clim\u00e1tico con temporadas de polen m\u00e1s largas y severas es incre\u00edblemente, incre\u00edblemente clara. Cuando sube la temperatura o aumenta la cantidad de CO2 en la atm\u00f3sfera, las plantas tienden a producir m\u00e1s polen, dijo Anderegg. \u00abTienden a crecer m\u00e1s y producir m\u00e1s polen por planta\u00bb. <\/p>\n<p>Estos subproductos de la actividad humana tambi\u00e9n acortan el invierno y prolongan las temporadas de crecimiento en primavera y oto\u00f1o. Las temporadas de crecimiento m\u00e1s largas dan tiempo a las plantas para producir m\u00e1s polen.<\/p>\n<p>Fineman y su pr\u00e1ctica en Atlanta han rastreado los niveles diarios de polen en el \u00e1rea durante m\u00e1s de 40 a\u00f1os. En 2021, usaron estos datos para publicar un estudio que demuestra que las emisiones de polen de los robles aumentaron un 5 % cada a\u00f1o durante los 27 a\u00f1os anteriores.<\/p>\n<p>Fineman dijo que, por lo general, recomienda a los pacientes que comiencen a tomar sus medicamentos para la alergia dos semanas antes de que comience la temporada de polen. Y esa fecha ha llegado cada vez m\u00e1s temprano a lo largo de los a\u00f1os de acuerdo con el alargamiento de la temporada de polen. <\/p>\n<p>Durante muchos a\u00f1os, fue alrededor del D\u00eda de San Patricio. A continuaci\u00f3n, fue el d\u00eda de San Valent\u00edn. Y en los \u00faltimos dos a\u00f1os, los recuentos de polen en el \u00e1rea de Atlanta alcanzaron un punto alto, lo que lo oblig\u00f3 a notificar a los pacientes alrededor del D\u00eda de la Marmota.<\/p>\n<p>Estos cambios pueden confundir a las personas que padecen alergias desde hace mucho tiempo y que est\u00e1n acostumbradas a estallar el antihistam\u00ednicos o recibir su primera inyecci\u00f3n de inmunoterapia en momentos predecibles cada a\u00f1o. Por lo general, los tratamientos para las alergias son m\u00e1s efectivos cuando se inician antes de que aparezcan los s\u00edntomas.<\/p>\n<p>Cuando los pacientes no est\u00e1n preparados, \u00abes cuando las cosas pueden empeorar mucho\u00bb, dijo Anderegg. \u00abY escucho mucho esto de los alerg\u00f3logos. Los pacientes son sorprendidos porque las temporadas de polen comienzan mucho antes\u00bb.<\/p>\n<p>La trayectoria actual de las alergias estacionales tiene consecuencias significativas en la salud p\u00fablica y el bienestar. Entre el 10% y el 30% de la poblaci\u00f3n mundial se ve afectada por la fiebre del heno, y la prevalencia va en aumento. Para muchos, la condici\u00f3n es una carga significativa con efectos de gran alcance. Por ejemplo, m\u00e1s del 70 % de las personas al\u00e9rgicas en la encuesta de HealthDay\/Harris Poll dijeron que sus s\u00edntomas afectan su capacidad para descansar bien por la noche.<\/p>\n<p>Las consecuencias de las alergias estacionales y el aumento de los niveles de polen tambi\u00e9n se sienten en maneras indirectas.<\/p>\n<p>\u00abExiste literatura bastante amplia que lo relaciona con la productividad econ\u00f3mica, qu\u00e9 tan bien los trabajadores pueden hacer su trabajo y con los ni\u00f1os\u00bb, explic\u00f3 Anderegg. \u00abCuando los ni\u00f1os tambi\u00e9n sufren, es muy dif\u00edcil para ellos aprender y tener \u00e9xito en la escuela\u00bb. <\/p>\n<p>Otra ramificaci\u00f3n econ\u00f3mica La atenci\u00f3n m\u00e9dica asociada con el polen cuesta m\u00e1s de $3 mil millones cada a\u00f1o, seg\u00fan los Centros para el Control y la Prevenci\u00f3n de Enfermedades de EE. UU.<\/p>\n<p>Con el empeoramiento y el alargamiento de la temporada de polen, millones de personas ahora est\u00e1n experimentando un efecto del cambio clim\u00e1tico de primera mano. Teniendo en cuenta la omnipresencia de las alergias estacionales, esta tendencia presenta una oportunidad. <\/p>\n<p>\u00abHacer frente al cambio clim\u00e1tico de manera proactiva y urgente ofrece grandes beneficios\u00bb, dijo Anderegg. \u00abPodemos evitar que aproximadamente la mitad del aumento en la temporada de polen empeore si abordamos el cambio clim\u00e1tico, tal vez incluso m\u00e1s que eso\u00bb. <\/p>\n<p>Explora m\u00e1s<\/p>\n<p> \u00bfPor qu\u00e9 el polen te hace sentir miserable? He aqu\u00ed por qu\u00e9 desencadena alergias y algunos consejos <strong>M\u00e1s informaci\u00f3n:<\/strong> Los Centros para el Control y la Prevenci\u00f3n de Enfermedades de EE. UU. tienen m\u00e1s informaci\u00f3n sobre las alergias estacionales y el cambio clim\u00e1tico. <\/p>\n<p>Yingxiao Zhang et al, Cambios impulsados por el clima proyectados en la duraci\u00f3n y magnitud de la temporada de emisi\u00f3n de polen en los Estados Unidos continentales, Nature Communications (2022). DOI: 10.1038\/s41467-022-28764-0 <\/p>\n<p>William RL Anderegg et al, El cambio clim\u00e1tico antropog\u00e9nico est\u00e1 empeorando las temporadas de polen en Am\u00e9rica del Norte, Actas de la Academia Nacional de Ciencias (2021). DOI: 10.1073\/pnas.2013284118 <strong>Informaci\u00f3n de la revista:<\/strong> Actas de la Academia Nacional de Ciencias , Nature Communications <\/p>\n","protected":false},"excerpt":{"rendered":"<p>Cr\u00e9dito: CC0 Public Domain Los cient\u00edficos saben desde hace tiempo que a medida que la Tierra se calienta debido al cambio clim\u00e1tico, las plantas producen m\u00e1s polen, lo que hace que la temporada de alergias sea m\u00e1s prolongada y pronunciada. Ahora, una nueva encuesta encuentra que las personas que padecen fiebre del heno se est\u00e1n &hellip; <a href=\"https:\/\/www.biblia.work\/articulos-salud\/temporadas-de-alergias-que-empeoran-es-el-cambio-climatico-el-culpable\/\" class=\"more-link\">Continuar leyendo<span class=\"screen-reader-text\"> \u00abTemporadas de alergias que empeoran: \u00bfes el cambio clim\u00e1tico el culpable?\u00bb<\/span><\/a><\/p>\n","protected":false},"author":1,"featured_media":0,"comment_status":"","ping_status":"","sticky":false,"template":"","format":"standard","meta":{"footnotes":""},"categories":[1],"tags":[],"class_list":["post-11751","post","type-post","status-publish","format-standard","hentry","category-general"],"_links":{"self":[{"href":"https:\/\/www.biblia.work\/articulos-salud\/wp-json\/wp\/v2\/posts\/11751","targetHints":{"allow":["GET"]}}],"collection":[{"href":"https:\/\/www.biblia.work\/articulos-salud\/wp-json\/wp\/v2\/posts"}],"about":[{"href":"https:\/\/www.biblia.work\/articulos-salud\/wp-json\/wp\/v2\/types\/post"}],"author":[{"embeddable":true,"href":"https:\/\/www.biblia.work\/articulos-salud\/wp-json\/wp\/v2\/users\/1"}],"replies":[{"embeddable":true,"href":"https:\/\/www.biblia.work\/articulos-salud\/wp-json\/wp\/v2\/comments?post=11751"}],"version-history":[{"count":0,"href":"https:\/\/www.biblia.work\/articulos-salud\/wp-json\/wp\/v2\/posts\/11751\/revisions"}],"wp:attachment":[{"href":"https:\/\/www.biblia.work\/articulos-salud\/wp-json\/wp\/v2\/media?parent=11751"}],"wp:term":[{"taxonomy":"category","embeddable":true,"href":"https:\/\/www.biblia.work\/articulos-salud\/wp-json\/wp\/v2\/categories?post=11751"},{"taxonomy":"post_tag","embeddable":true,"href":"https:\/\/www.biblia.work\/articulos-salud\/wp-json\/wp\/v2\/tags?post=11751"}],"curies":[{"name":"wp","href":"https:\/\/api.w.org\/{rel}","templated":true}]}}