{"id":11755,"date":"2022-08-30T08:05:40","date_gmt":"2022-08-30T13:05:40","guid":{"rendered":"https:\/\/www.biblia.work\/articulos-salud\/eticistas-piden-un-modelo-de-atencion-de-covid-19-mas-global\/"},"modified":"2022-08-30T08:05:40","modified_gmt":"2022-08-30T13:05:40","slug":"eticistas-piden-un-modelo-de-atencion-de-covid-19-mas-global","status":"publish","type":"post","link":"https:\/\/www.biblia.work\/articulos-salud\/eticistas-piden-un-modelo-de-atencion-de-covid-19-mas-global\/","title":{"rendered":"Eticistas piden un modelo de atenci\u00f3n de COVID-19 m\u00e1s global"},"content":{"rendered":"<p>Cr\u00e9dito: Pixabay\/CC0 Dominio p\u00fablico <\/p>\n<p>La subvariante omicron BA.2 est\u00e1 causando una nueva ola de casos de COVID-19 en los Estados Unidos y otras regiones del mundo. Mientras tanto, se informa que el esfuerzo por vacunar al 70% de la poblaci\u00f3n mundial est\u00e1 perdiendo impulso. <\/p>\n<p>En nuestra nueva normalidad compartida, es probable que los hospitales de todo el mundo contin\u00faen tratando a pacientes con SARS-CoV-2 en el futuro previsible y necesiten medicamentos cuyo suministro puede reducirse dr\u00e1sticamente durante los picos. <\/p>\n<p>Para garantizar que la escasez de medicamentos no siempre recaiga en los pa\u00edses de ingresos bajos y medianos, los gobiernos y las organizaciones de salud p\u00fablica deben comprometerse con una solidaridad colectiva y compartir recursos m\u00e1s que nunca, dice Nancy Jecker, bioeticista. en la Escuela de Medicina de la Universidad de Washington y Fulbright US Scholar para Sud\u00e1frica.<\/p>\n<p>Jecker ha publicado varios an\u00e1lisis de los aspectos \u00e9ticos de COVID-19, el m\u00e1s reciente de los cuales aparece hoy en la revista Bioethics. El coautor del art\u00edculo es Caesar Atuire, especialista en \u00e9tica de la salud de la Universidad de Ghana.<\/p>\n<p>\u00abEl art\u00edculo se centra en lo que creemos que es la forma m\u00e1s justa de asignar las terapias para la COVID-19 frente a la escasez en el niveles local, nacional y global\u00bb, dijo Jecker. \u00abEs inevitable que tengamos que aprender a vivir con el nuevo coronavirus, y eso significa tener un plan para cuando surja la escasez de medicamentos\u00bb.<\/p>\n<p>Dijo que dicho plan debe basarse en la \u00e9tica global de la solidaridad y la equidad. en lugar de los principios de autonom\u00eda y utilidad que hist\u00f3ricamente han guiado las respuestas de las naciones a las amenazas a la salud p\u00fablica.<\/p>\n<p>\u00abEnfrentaremos cada vez m\u00e1s problemas de alcance global, m\u00e1s zoonosis y enfermedades infecciosas emergentes. La solidaridad debe convertirse en una caracter\u00edstica esencial de la \u00e9tica de la salud p\u00fablica porque los contagios que se transforman y se propagan con facilidad nos hacen vulnerables a todos, vacunados o no\u00bb, dijo Jecker.<\/p>\n<p>El documento argumenta que los grupos de poblaci\u00f3n con el mayor riesgo de enfermedad grave y muerte deben ser priorizados cuando los medicamentos para el COVID-19 escaseen. Jecker cit\u00f3 datos de los Centros para el Control y la Prevenci\u00f3n de Enfermedades que identifican el riesgo mucho m\u00e1s alto que enfrentan las personas de 65 a\u00f1os o m\u00e1s. <\/p>\n<p>\u00abLa humanidad tiene deberes especiales para con los menos favorecidos. Necesitamos que la equidad en salud sea fundamental para la asignaci\u00f3n de medicamentos y considere a cada persona como merecedora de recibir un recurso escaso que podr\u00eda mantenerlos bien. Debemos no dejar fuera a franjas enteras de la humanidad porque tienen una probabilidad un poco menor de sobrevivir o prosperar despu\u00e9s del procedimiento\u00bb, dijo.<\/p>\n<p>Dar prioridad a los tratamientos m\u00e9dicos para las personas con mayor riesgo se opone a los tratamientos de larga data convenciones de triaje m\u00e9dico, que dan prioridad a los pacientes que tienen una mejor probabilidad de supervivencia basada en la evidencia y una mejor calidad de vida relacionada con la salud.<\/p>\n<p>Jecker se\u00f1al\u00f3 que una mentalidad tan utilitaria afecta injustamente a las personas cuyas vidas son socialmente desfavorecidas. m\u00e1s all\u00e1 de su necesidad de salud aguda inmediata.<\/p>\n<p>\u00abUna asignaci\u00f3n utilitaria estricta de los tratamientos para el COVID-19 seleccionar\u00eda a pacientes m\u00e1s j\u00f3venes, saludables y sin discapacidad que probablemente tambi\u00e9n tengan m\u00e1s probabilidades de ser acomodados y blancos\u00bb. \u00bfEs eso justo? ha sido est\u00e1ndar, pero se est\u00e1 cuestionando cada vez m\u00e1s\u00bb.<\/p>\n<p>Acontecimientos recientes, como la promesa de Moderna de nunca hacer cumplir las patentes de vacunas contra el COVID-19, insin\u00faan un cambio en marcha entre las principales partes interesadas para apoyar a empresas m\u00e1s globales y con conciencia de equidad. modelos de prevenci\u00f3n de enfermedades.<\/p>\n<p>\u00abHay una conversaci\u00f3n en curso en este momento en (Naciones Unidas) para un tratado internacional sobre preparaci\u00f3n y respuesta ante una pandemia para 2024. Hay un cronograma y un borrador de trabajo, y un progreso El informe se presentar\u00e1 a la Asamblea Mundial de la Salud el pr\u00f3ximo a\u00f1o\u00bb, dijo Jecker.<\/p>\n<p>Un tratado es valioso porque es m\u00e1s f\u00e1cil lograr que los gobiernos y las organizaciones se sumen a un marco de salud p\u00fablica que apele a la ley y la justicia internacionales en lugar de buena voluntad y caridad, agreg\u00f3. Jecker cit\u00f3 un precedente para aplicar el derecho internacional a la salud: la Convenci\u00f3n para el Control del Tabaco de la Organizaci\u00f3n Mundial de la Salud. <\/p>\n<p>\u00abCreo que no solo se est\u00e1 dando cuenta de que la antigua forma de manejar las enfermedades globales est\u00e1 fallando, sino tambi\u00e9n de que los nuevos modelos deben tener la equidad en salud como una consideraci\u00f3n principal. Estas l\u00edneas que hemos trazado entre &#8216;nosotros&#8217; y &#8216;ellos&#8217; realmente distorsionan nuestro pensamiento\u00bb. <\/p>\n<p>Explore m\u00e1s<\/p>\n<p> Resurgen las pol\u00edticas de cero-COVID, con crueles sesgos inherentes <strong>M\u00e1s informaci\u00f3n:<\/strong> Nancy S. Jecker et al, Global sharing of COVID19 therapys during a \u00abNew Normal\u00bb, Bioethics ( 2022). DOI: 10.1111\/bioe.13028 Proporcionado por la Universidad de Washington <strong>Cita<\/strong>: Los especialistas en \u00e9tica apelan a un modelo de atenci\u00f3n de COVID-19 m\u00e1s global (2022, 25 de abril) consultado el 29 de agosto de 2022 en https:\/\/medicalxpress.com \/news\/2022-04-ethicists-appeal-global-covid-.html Este documento est\u00e1 sujeto a derechos de autor. Aparte de cualquier trato justo con fines de estudio o investigaci\u00f3n privados, ninguna parte puede reproducirse sin el permiso por escrito. El contenido se proporciona \u00fanicamente con fines informativos.<\/p>\n","protected":false},"excerpt":{"rendered":"<p>Cr\u00e9dito: Pixabay\/CC0 Dominio p\u00fablico La subvariante omicron BA.2 est\u00e1 causando una nueva ola de casos de COVID-19 en los Estados Unidos y otras regiones del mundo. Mientras tanto, se informa que el esfuerzo por vacunar al 70% de la poblaci\u00f3n mundial est\u00e1 perdiendo impulso. En nuestra nueva normalidad compartida, es probable que los hospitales de &hellip; <a href=\"https:\/\/www.biblia.work\/articulos-salud\/eticistas-piden-un-modelo-de-atencion-de-covid-19-mas-global\/\" class=\"more-link\">Continuar leyendo<span class=\"screen-reader-text\"> \u00abEticistas piden un modelo de atenci\u00f3n de COVID-19 m\u00e1s global\u00bb<\/span><\/a><\/p>\n","protected":false},"author":1,"featured_media":0,"comment_status":"","ping_status":"","sticky":false,"template":"","format":"standard","meta":{"footnotes":""},"categories":[1],"tags":[],"class_list":["post-11755","post","type-post","status-publish","format-standard","hentry","category-general"],"_links":{"self":[{"href":"https:\/\/www.biblia.work\/articulos-salud\/wp-json\/wp\/v2\/posts\/11755","targetHints":{"allow":["GET"]}}],"collection":[{"href":"https:\/\/www.biblia.work\/articulos-salud\/wp-json\/wp\/v2\/posts"}],"about":[{"href":"https:\/\/www.biblia.work\/articulos-salud\/wp-json\/wp\/v2\/types\/post"}],"author":[{"embeddable":true,"href":"https:\/\/www.biblia.work\/articulos-salud\/wp-json\/wp\/v2\/users\/1"}],"replies":[{"embeddable":true,"href":"https:\/\/www.biblia.work\/articulos-salud\/wp-json\/wp\/v2\/comments?post=11755"}],"version-history":[{"count":0,"href":"https:\/\/www.biblia.work\/articulos-salud\/wp-json\/wp\/v2\/posts\/11755\/revisions"}],"wp:attachment":[{"href":"https:\/\/www.biblia.work\/articulos-salud\/wp-json\/wp\/v2\/media?parent=11755"}],"wp:term":[{"taxonomy":"category","embeddable":true,"href":"https:\/\/www.biblia.work\/articulos-salud\/wp-json\/wp\/v2\/categories?post=11755"},{"taxonomy":"post_tag","embeddable":true,"href":"https:\/\/www.biblia.work\/articulos-salud\/wp-json\/wp\/v2\/tags?post=11755"}],"curies":[{"name":"wp","href":"https:\/\/api.w.org\/{rel}","templated":true}]}}