{"id":11756,"date":"2022-08-30T08:05:42","date_gmt":"2022-08-30T13:05:42","guid":{"rendered":"https:\/\/www.biblia.work\/articulos-salud\/los-principales-lideres-intelectuales-abordan-las-desigualdades-en-la-atencion-medica-en-la-gestion-de-la-salud-de-la-poblacion\/"},"modified":"2022-08-30T08:05:42","modified_gmt":"2022-08-30T13:05:42","slug":"los-principales-lideres-intelectuales-abordan-las-desigualdades-en-la-atencion-medica-en-la-gestion-de-la-salud-de-la-poblacion","status":"publish","type":"post","link":"https:\/\/www.biblia.work\/articulos-salud\/los-principales-lideres-intelectuales-abordan-las-desigualdades-en-la-atencion-medica-en-la-gestion-de-la-salud-de-la-poblacion\/","title":{"rendered":"Los principales l\u00edderes intelectuales abordan las desigualdades en la atenci\u00f3n m\u00e9dica en la gesti\u00f3n de la salud de la poblaci\u00f3n"},"content":{"rendered":"<p>Cr\u00e9dito: CC0 Public Domain <\/p>\n<p>La continuaci\u00f3n de la prestaci\u00f3n de atenci\u00f3n de telesalud m\u00e1s all\u00e1 de la pandemia de COVID-19 beneficiar\u00e1 a los ni\u00f1os con seguro p\u00fablico si se les garantiza un acceso equitativo a los servicios de telesalud. El hallazgo de este estudio es parte de una edici\u00f3n especial sobre \u00abReducci\u00f3n de las disparidades de salud en las poblaciones desatendidas\u00bb en la revista revisada por pares Population Health Management. <\/p>\n<p>En su art\u00edculo, Bisakha Sen, Ph.D., de la Universidad de Alabama en Birmingham, y los coautores examinaron las disparidades en la utilizaci\u00f3n de la telesalud en una poblaci\u00f3n de ni\u00f1os con seguro p\u00fablico. Encontraron evidencia de disparidades en el uso de la telesalud por raza\/etnicidad, ruralidad e ingresos familiares. \u00abAquellos en el grupo de tarifa basada en el ingreso familiar m\u00e1s alto ten\u00edan mayores probabilidades de uso de telesalud que el grupo de tarifa basada en el ingreso familiar m\u00e1s bajo\u00bb, afirmaron los autores. \u00abDado que la telesalud probablemente seguir\u00e1 desempe\u00f1ando un papel importante en la prestaci\u00f3n de atenci\u00f3n m\u00e9dica, se requieren esfuerzos\/inversiones adicionales para garantizar que la telesalud no exacerbe a\u00fan m\u00e1s las desigualdades en el acceso a la atenci\u00f3n m\u00e9dica pedi\u00e1trica\u00bb.<\/p>\n<p>Tambi\u00e9n en este tema se encuentra la art\u00edculo titulado \u00abCl\u00ednicas m\u00e9dicas m\u00f3viles en los Estados Unidos despu\u00e9s de la Ley del Cuidado de Salud a Bajo Precio: una revisi\u00f3n integradora\u00bb por Angela Coaston, Ph.D., RN, de la Universidad de California en San Francisco, Escuela de Enfermer\u00eda, y coautores. Descubrieron que las cl\u00ednicas m\u00e9dicas m\u00f3viles \u00abbrindan un retorno de la inversi\u00f3n al evitar la sala de emergencias, disminuir la duraci\u00f3n de la estad\u00eda en el hospital y mejorar el manejo de enfermedades cr\u00f3nicas\u00bb. Concluyeron: \u00abA medida que se reconoce la importancia de los determinantes sociales de la salud y las conexiones entre la comunidad y la cl\u00ednica, las cl\u00ednicas m\u00e9dicas m\u00f3viles est\u00e1n posicionadas para informar las pol\u00edticas, mejorar los resultados de salud de las enfermedades cr\u00f3nicas y promover la equidad en la salud entre las poblaciones vulnerables\u00bb.<\/p>\n<p>En el art\u00edculo titulado \u00abA Tale of Four Babies: Health Equity at the Center of the Quadruple Aim\u00bb, J. Nwando Olayiwola, MD, MPH, director de equidad en salud y vicepresidente s\u00e9nior de Humana, Inc. observa que las comunidades de color fueron los m\u00e1s afectados por la pandemia de COVID-19. Ella examina las ra\u00edces fundamentales de esta inequidad, \u00abespec\u00edficamente el racismo estructural arraigado que da forma a las pol\u00edticas que en \u00faltima instancia dan forma a los resultados de salud\u00bb. Tambi\u00e9n brinda una perspectiva hist\u00f3rica sobre el racismo en la atenci\u00f3n m\u00e9dica estadounidense. Se\u00f1ala que el objetivo cu\u00e1druple se ha convertido en el est\u00e1ndar de oro en la atenci\u00f3n m\u00e9dica: \u00abPriorizar la experiencia del paciente, reducir costos, abordar la salud de la poblaci\u00f3n y atender a los proveedores que brindan esa atenci\u00f3n\u00bb.<\/p>\n<p>\u00abNing\u00fan ciudadano pueden recibir atenci\u00f3n de alta calidad hasta que todos podamos. Esta edici\u00f3n especial re\u00fane a los principales l\u00edderes intelectuales de todo el pa\u00eds para abordar uno de los mayores desaf\u00edos de nuestra industria. En el centro de una sociedad justa est\u00e1 nuestra capacidad para reducir la desigualdad en la atenci\u00f3n m\u00e9dica \u00ab, dice David Nash, MD, MBA, Editor en Jefe de Gesti\u00f3n de la Salud de la Poblaci\u00f3n y Decano Fundador Em\u00e9rito y Profesor Dr. Raymond C. y Doris N. Grandon, Jefferson College of Population Health, Filadelfia, PA. <\/p>\n<p>Explore m\u00e1s<\/p>\n<p> La telesalud de solo audio sigue siendo com\u00fan en las cl\u00ednicas de salud de la red de seguridad <strong>M\u00e1s informaci\u00f3n:<\/strong> David B. Nash, Reducing Health Disparities in Undertended Populations: A Spotlight on Health Inequities, Population Health Gesti\u00f3n (2022). DOI: 10.1089\/pop.2022.0027 Proporcionado por Mary Ann Liebert, Inc <strong>Cita<\/strong>: Los principales l\u00edderes intelectuales abordan las inequidades en la atenci\u00f3n m\u00e9dica en la gesti\u00f3n de la salud de la poblaci\u00f3n (2022, 25 de abril) consultado el 29 de agosto de 2022 en https:\/\/medicalxpress .com\/news\/2022-04-thought-leaders-tackle-health-inequities.html Este documento est\u00e1 sujeto a derechos de autor. Aparte de cualquier trato justo con fines de estudio o investigaci\u00f3n privados, ninguna parte puede reproducirse sin el permiso por escrito. El contenido se proporciona \u00fanicamente con fines informativos.<\/p>\n","protected":false},"excerpt":{"rendered":"<p>Cr\u00e9dito: CC0 Public Domain La continuaci\u00f3n de la prestaci\u00f3n de atenci\u00f3n de telesalud m\u00e1s all\u00e1 de la pandemia de COVID-19 beneficiar\u00e1 a los ni\u00f1os con seguro p\u00fablico si se les garantiza un acceso equitativo a los servicios de telesalud. El hallazgo de este estudio es parte de una edici\u00f3n especial sobre \u00abReducci\u00f3n de las disparidades &hellip; <a href=\"https:\/\/www.biblia.work\/articulos-salud\/los-principales-lideres-intelectuales-abordan-las-desigualdades-en-la-atencion-medica-en-la-gestion-de-la-salud-de-la-poblacion\/\" class=\"more-link\">Continuar leyendo<span class=\"screen-reader-text\"> \u00abLos principales l\u00edderes intelectuales abordan las desigualdades en la atenci\u00f3n m\u00e9dica en la gesti\u00f3n de la salud de la poblaci\u00f3n\u00bb<\/span><\/a><\/p>\n","protected":false},"author":1,"featured_media":0,"comment_status":"","ping_status":"","sticky":false,"template":"","format":"standard","meta":{"footnotes":""},"categories":[1],"tags":[],"class_list":["post-11756","post","type-post","status-publish","format-standard","hentry","category-general"],"_links":{"self":[{"href":"https:\/\/www.biblia.work\/articulos-salud\/wp-json\/wp\/v2\/posts\/11756","targetHints":{"allow":["GET"]}}],"collection":[{"href":"https:\/\/www.biblia.work\/articulos-salud\/wp-json\/wp\/v2\/posts"}],"about":[{"href":"https:\/\/www.biblia.work\/articulos-salud\/wp-json\/wp\/v2\/types\/post"}],"author":[{"embeddable":true,"href":"https:\/\/www.biblia.work\/articulos-salud\/wp-json\/wp\/v2\/users\/1"}],"replies":[{"embeddable":true,"href":"https:\/\/www.biblia.work\/articulos-salud\/wp-json\/wp\/v2\/comments?post=11756"}],"version-history":[{"count":0,"href":"https:\/\/www.biblia.work\/articulos-salud\/wp-json\/wp\/v2\/posts\/11756\/revisions"}],"wp:attachment":[{"href":"https:\/\/www.biblia.work\/articulos-salud\/wp-json\/wp\/v2\/media?parent=11756"}],"wp:term":[{"taxonomy":"category","embeddable":true,"href":"https:\/\/www.biblia.work\/articulos-salud\/wp-json\/wp\/v2\/categories?post=11756"},{"taxonomy":"post_tag","embeddable":true,"href":"https:\/\/www.biblia.work\/articulos-salud\/wp-json\/wp\/v2\/tags?post=11756"}],"curies":[{"name":"wp","href":"https:\/\/api.w.org\/{rel}","templated":true}]}}