{"id":11762,"date":"2022-08-30T08:05:56","date_gmt":"2022-08-30T13:05:56","guid":{"rendered":"https:\/\/www.biblia.work\/articulos-salud\/reduccion-de-vacunas-expone-a-ninos-latinoamericanos-a-enfermedades-informe\/"},"modified":"2022-08-30T08:05:56","modified_gmt":"2022-08-30T13:05:56","slug":"reduccion-de-vacunas-expone-a-ninos-latinoamericanos-a-enfermedades-informe","status":"publish","type":"post","link":"https:\/\/www.biblia.work\/articulos-salud\/reduccion-de-vacunas-expone-a-ninos-latinoamericanos-a-enfermedades-informe\/","title":{"rendered":"Reducci\u00f3n de vacunas expone a ni\u00f1os latinoamericanos a enfermedades: informe"},"content":{"rendered":"<p>Cr\u00e9dito: Pixabay\/CC0 Public Domain <\/p>\n<p>Uno de cada cuatro ni\u00f1os en Am\u00e9rica Latina y el Caribe no tiene protecci\u00f3n vacunal contra tres enfermedades potencialmente mortales, dijo el lunes un informe de la ONU, advertencia de la ca\u00edda en picado de las tasas de inoculaci\u00f3n. <\/p>\n<p>Mientras que el 90 por ciento de los ni\u00f1os de la regi\u00f3n en 2015 hab\u00edan recibido la vacuna contra la difteria, el t\u00e9tanos y la tos ferina (DTP3), para 2020 la cobertura se hab\u00eda reducido a las tres cuartas partes, seg\u00fan el Fondo de las Naciones Unidas para la Infancia (UNICEF) y el Pan Organizaci\u00f3n Estadounidense de la Salud (OPS), una oficina regional de la OMS.<\/p>\n<p>Esto significa que unos 2,5 millones de ni\u00f1os no estaban totalmente protegidos y 1,5 millones de ellos no han recibido ni una dosis del r\u00e9gimen de tres inyecciones.<\/p>\n<p>A nivel mundial, seg\u00fan la Organizaci\u00f3n Mundial de la Salud, 17,1 millones de beb\u00e9s no recibieron una dosis inicial de la vacuna DTP3 en 2020, y otros 5,6 millones solo recibieron una inyecci\u00f3n parcial.<\/p>\n<p>Brotes de enfermedades prevenibles \u00bb ya han ocurrido\u00bb en Am\u00e9rica Latina y el Caribe, dijeron las agencias.<\/p>\n<p>En 2013, solo cinco personas en la regi\u00f3n contrajeron difteria, una enfermedad bacteriana que puede causar dificultades respiratorias, insuficiencia card\u00edaca y potencialmente la muerte.<\/p>\n<p>Cinco a\u00f1os despu\u00e9s, el n\u00famero era casi 900.<\/p>\n<p>Empeorado por COVID<\/p>\n<p>Tambi\u00e9n ha habido un aumento en los casos de sarampi\u00f3n, otra enfermedad que se puede prevenir con la inoculaci\u00f3n, de casi 500 casos en 2013 a m\u00e1s de 23,000 en 2019, seg\u00fan el comunicado.<\/p>\n<p>\u00abLa disminuci\u00f3n en Las tasas de vacunaci\u00f3n en la regi\u00f3n son alarmantes\u00bb, dijo Jean Gough, directora regional de UNICEF.<\/p>\n<p>Las razones eran m\u00faltiples. <\/p>\n<p>\u00abEl contexto en la regi\u00f3n ha cambiado en los \u00faltimos cinco a\u00f1os. Los gobiernos han centrado su atenci\u00f3n en otros problemas emergentes de salud p\u00fablica como el zika, el chikungunya y, m\u00e1s recientemente, el COVID-19\u00bb, Ralph Midy, experto en neonatolog\u00eda de UNICEF. dijo a la AFP. <\/p>\n<p>\u201cLa existencia de poblaci\u00f3n migrante de dif\u00edcil localizaci\u00f3n y que no siempre tienen acceso a servicios regulares de salud, adem\u00e1s de personas que viven en zonas aisladas o de dif\u00edcil acceso, tambi\u00e9n dificulta el proceso de vacunaci\u00f3n. \u00ab<\/p>\n<p>La tendencia a la baja comenz\u00f3 incluso antes de la epidemia de COVID-19, que empeor\u00f3 la situaci\u00f3n al interrumpir los servicios de atenci\u00f3n primaria de salud y provocar que algunas personas evitaran las cl\u00ednicas y hospitales por miedo al virus.<\/p>\n<p>\u00abA medida que los pa\u00edses se recuperan de la pandemia, se necesitan acciones inmediatas para evitar que las tasas de cobertura (de vacunas) sigan cayendo, porque el resurgimiento de brotes de enfermedades representa un grave riesgo para toda la sociedad\u00bb, dijo Gough. <\/p>\n<p>Explore m\u00e1s<\/p>\n<p> La inmunizaci\u00f3n contra la difteria en la regi\u00f3n europea de la OMS fue un \u00e9xito, pero todav\u00eda se presentan algunos casos espor\u00e1dicos <\/p>\n<p> 2022 AFP <\/p>\n<p> <strong>Cita<\/strong>: La disminuci\u00f3n de las vacunas expone a los ni\u00f1os de Am\u00e9rica Latina a la enfermedad: informe (2022, 25 de abril) recuperado el 29 de agosto de 2022 de https:\/\/medicalxpress.com\/news\/2022-04-vaccines-exposes-latam-kids-disease.html Este documento est\u00e1 sujeto a derechos de autor. Aparte de cualquier trato justo con fines de estudio o investigaci\u00f3n privados, ninguna parte puede reproducirse sin el permiso por escrito. El contenido se proporciona \u00fanicamente con fines informativos.<\/p>\n","protected":false},"excerpt":{"rendered":"<p>Cr\u00e9dito: Pixabay\/CC0 Public Domain Uno de cada cuatro ni\u00f1os en Am\u00e9rica Latina y el Caribe no tiene protecci\u00f3n vacunal contra tres enfermedades potencialmente mortales, dijo el lunes un informe de la ONU, advertencia de la ca\u00edda en picado de las tasas de inoculaci\u00f3n. Mientras que el 90 por ciento de los ni\u00f1os de la regi\u00f3n &hellip; <a href=\"https:\/\/www.biblia.work\/articulos-salud\/reduccion-de-vacunas-expone-a-ninos-latinoamericanos-a-enfermedades-informe\/\" class=\"more-link\">Continuar leyendo<span class=\"screen-reader-text\"> \u00abReducci\u00f3n de vacunas expone a ni\u00f1os latinoamericanos a enfermedades: informe\u00bb<\/span><\/a><\/p>\n","protected":false},"author":1,"featured_media":0,"comment_status":"","ping_status":"","sticky":false,"template":"","format":"standard","meta":{"footnotes":""},"categories":[1],"tags":[],"class_list":["post-11762","post","type-post","status-publish","format-standard","hentry","category-general"],"_links":{"self":[{"href":"https:\/\/www.biblia.work\/articulos-salud\/wp-json\/wp\/v2\/posts\/11762","targetHints":{"allow":["GET"]}}],"collection":[{"href":"https:\/\/www.biblia.work\/articulos-salud\/wp-json\/wp\/v2\/posts"}],"about":[{"href":"https:\/\/www.biblia.work\/articulos-salud\/wp-json\/wp\/v2\/types\/post"}],"author":[{"embeddable":true,"href":"https:\/\/www.biblia.work\/articulos-salud\/wp-json\/wp\/v2\/users\/1"}],"replies":[{"embeddable":true,"href":"https:\/\/www.biblia.work\/articulos-salud\/wp-json\/wp\/v2\/comments?post=11762"}],"version-history":[{"count":0,"href":"https:\/\/www.biblia.work\/articulos-salud\/wp-json\/wp\/v2\/posts\/11762\/revisions"}],"wp:attachment":[{"href":"https:\/\/www.biblia.work\/articulos-salud\/wp-json\/wp\/v2\/media?parent=11762"}],"wp:term":[{"taxonomy":"category","embeddable":true,"href":"https:\/\/www.biblia.work\/articulos-salud\/wp-json\/wp\/v2\/categories?post=11762"},{"taxonomy":"post_tag","embeddable":true,"href":"https:\/\/www.biblia.work\/articulos-salud\/wp-json\/wp\/v2\/tags?post=11762"}],"curies":[{"name":"wp","href":"https:\/\/api.w.org\/{rel}","templated":true}]}}