{"id":11763,"date":"2022-08-30T08:05:58","date_gmt":"2022-08-30T13:05:58","guid":{"rendered":"https:\/\/www.biblia.work\/articulos-salud\/investigadores-investigan-la-conexion-entre-la-perdida-de-motivacion-y-la-progresion-de-la-enfermedad-de-alzheimer\/"},"modified":"2022-08-30T08:05:58","modified_gmt":"2022-08-30T13:05:58","slug":"investigadores-investigan-la-conexion-entre-la-perdida-de-motivacion-y-la-progresion-de-la-enfermedad-de-alzheimer","status":"publish","type":"post","link":"https:\/\/www.biblia.work\/articulos-salud\/investigadores-investigan-la-conexion-entre-la-perdida-de-motivacion-y-la-progresion-de-la-enfermedad-de-alzheimer\/","title":{"rendered":"Investigadores investigan la conexi\u00f3n entre la p\u00e9rdida de motivaci\u00f3n y la progresi\u00f3n de la enfermedad de Alzheimer"},"content":{"rendered":"<p>Cr\u00e9dito: Pixabay\/CC0 Dominio p\u00fablico <\/p>\n<p>Investigadores de la Facultad de Medicina de la Universidad de Indiana est\u00e1n estudiando por qu\u00e9 los s\u00edntomas neuropsiqui\u00e1tricos, como la apat\u00eda y la irritabilidad, aparecen en la mayor\u00eda de los pacientes con enfermedad de Alzheimer antes el inicio de la p\u00e9rdida de memoria. <\/p>\n<p>El estudio, dirigido por Yao-Ying Ma, MD, Ph.D., profesor asistente de farmacolog\u00eda y toxicolog\u00eda, apareci\u00f3 recientemente en la publicaci\u00f3n Molecular Psychiatry. El equipo de investigadores identific\u00f3 un receptor en el cerebro que conduce a una p\u00e9rdida de neuronas y estructura sin\u00e1ptica cuando se usa en un modelo de enfermedad de Alzheimer.<\/p>\n<p>La investigaci\u00f3n se centr\u00f3 en el n\u00facleo accumbens, una regi\u00f3n cr\u00edtica del cerebro que motiva el procesamiento. Ubicada en el cuerpo estriado ventral, esta regi\u00f3n no se estudia mucho entre los investigadores de la enfermedad de Alzheimer, dijo Ma; se investiga principalmente para comprender los procesos motivacionales y emocionales. Estudios anteriores, dijo Ma, han demostrado que el volumen del n\u00facleo accumbens, al igual que las regiones corticales e hipocampales del cerebro, se reduce en adultos con la enfermedad de Alzheimer.<\/p>\n<p>Ma, que es relativamente nueva en el campo de la La investigaci\u00f3n de la enfermedad de Alzheimer tiene experiencia en estudios de adicci\u00f3n a las drogas y comunicaci\u00f3n sin\u00e1ptica, el proceso por el cual las neuronas se comunican entre s\u00ed en el cerebro. Algunos de los s\u00edntomas neuropsiqui\u00e1tricos entre las personas que sufren de abuso de sustancias (apat\u00eda, cambios de humor, ansiedad) tambi\u00e9n se encuentran en pacientes con la enfermedad de Alzheimer.<\/p>\n<p>\u00abIncluso antes de la aparici\u00f3n de los d\u00e9ficits cognitivos, un n\u00famero significativo de pacientes con Alzheimer comienzan a mostrar cambios de humor , y tienen una mayor probabilidad de tener s\u00edntomas de depresi\u00f3n\u00bb, dijo Ma.<\/p>\n<p>Sin embargo, estos s\u00edntomas neuropsiqui\u00e1tricos tienden a ocurrir antes que la p\u00e9rdida de memoria, pero no hay tratamientos efectivos disponibles, dijo Ma. Hizo hincapi\u00e9 en que existe una necesidad urgente de comprender por qu\u00e9 existen esos s\u00edntomas y c\u00f3mo se correlacionan con los d\u00e9ficits cognitivos. Ma dijo que este estudio identific\u00f3 receptores permeables al calcio sin\u00e1ptico (CP-AMPAR) en el n\u00facleo accumbens en un modelo de enfermedad de Alzheimer. El receptor, que normalmente est\u00e1 ausente en esa parte del cerebro, da permiso para que el calcio ingrese a las neuronas. Esto conduce a una sobrecarga de calcio, lo que conduce a una ruptura de su estructura sin\u00e1ptica. A su vez, la acumulaci\u00f3n de calcio desencadena una cascada de cambios intracelulares que pueden ser letales para la neurona al amplificar la sobrecarga de calcio a trav\u00e9s de un mecanismo de retroalimentaci\u00f3n positiva.<\/p>\n<p>Esta p\u00e9rdida sin\u00e1ptica en el cerebro provoca d\u00e9ficits de motivaci\u00f3n. Sabiendo esto, Ma dijo que dirigirse a estos receptores en el cerebro y bloquearlos podr\u00eda prevenir o retrasar la aparici\u00f3n de los s\u00edntomas neuropsiqui\u00e1tricos asociados con la enfermedad de Alzheimer y, en \u00faltima instancia, los d\u00e9ficits cognitivos.<\/p>\n<p>\u00abSi podemos posponer la progresi\u00f3n patol\u00f3gica en un de las \u00e1reas afectadas, como el n\u00facleo accumbens\u00bb, dijo Ma, \u00abque puede retrasar los cambios patol\u00f3gicos en otras regiones\u00bb. <\/p>\n<p>Explore m\u00e1s<\/p>\n<p> Una nueva exploraci\u00f3n por im\u00e1genes revela un culpable del deterioro cognitivo de la enfermedad de Alzheimer <strong>M\u00e1s informaci\u00f3n:<\/strong> Changyong Guo et al, Los olig\u00f3meros amiloide en el n\u00facleo accumbens disminuyen la motivaci\u00f3n a trav\u00e9s de la inserci\u00f3n de calcio permeable Receptores AMPA, Psiquiatr\u00eda Molecular (2022). DOI: 10.1038\/s41380-022-01459-0 <strong>Informaci\u00f3n de la revista:<\/strong> Molecular Psychiatry <\/p>\n<p> Proporcionado por la Universidad de Indiana <strong>Cita<\/strong>: Los investigadores investigan la conexi\u00f3n entre la p\u00e9rdida de motivaci\u00f3n y la enfermedad de Alzheimer progresi\u00f3n (2022, 25 de abril) recuperado el 29 de agosto de 2022 de https:\/\/medicalxpress.com\/news\/2022-04-loss-alzheimer-disease.html Este documento est\u00e1 sujeto a derechos de autor. Aparte de cualquier trato justo con fines de estudio o investigaci\u00f3n privados, ninguna parte puede reproducirse sin el permiso por escrito. El contenido se proporciona \u00fanicamente con fines informativos.<\/p>\n","protected":false},"excerpt":{"rendered":"<p>Cr\u00e9dito: Pixabay\/CC0 Dominio p\u00fablico Investigadores de la Facultad de Medicina de la Universidad de Indiana est\u00e1n estudiando por qu\u00e9 los s\u00edntomas neuropsiqui\u00e1tricos, como la apat\u00eda y la irritabilidad, aparecen en la mayor\u00eda de los pacientes con enfermedad de Alzheimer antes el inicio de la p\u00e9rdida de memoria. El estudio, dirigido por Yao-Ying Ma, MD, Ph.D., &hellip; <a href=\"https:\/\/www.biblia.work\/articulos-salud\/investigadores-investigan-la-conexion-entre-la-perdida-de-motivacion-y-la-progresion-de-la-enfermedad-de-alzheimer\/\" class=\"more-link\">Continuar leyendo<span class=\"screen-reader-text\"> \u00abInvestigadores investigan la conexi\u00f3n entre la p\u00e9rdida de motivaci\u00f3n y la progresi\u00f3n de la enfermedad de Alzheimer\u00bb<\/span><\/a><\/p>\n","protected":false},"author":1,"featured_media":0,"comment_status":"","ping_status":"","sticky":false,"template":"","format":"standard","meta":{"footnotes":""},"categories":[1],"tags":[],"class_list":["post-11763","post","type-post","status-publish","format-standard","hentry","category-general"],"_links":{"self":[{"href":"https:\/\/www.biblia.work\/articulos-salud\/wp-json\/wp\/v2\/posts\/11763","targetHints":{"allow":["GET"]}}],"collection":[{"href":"https:\/\/www.biblia.work\/articulos-salud\/wp-json\/wp\/v2\/posts"}],"about":[{"href":"https:\/\/www.biblia.work\/articulos-salud\/wp-json\/wp\/v2\/types\/post"}],"author":[{"embeddable":true,"href":"https:\/\/www.biblia.work\/articulos-salud\/wp-json\/wp\/v2\/users\/1"}],"replies":[{"embeddable":true,"href":"https:\/\/www.biblia.work\/articulos-salud\/wp-json\/wp\/v2\/comments?post=11763"}],"version-history":[{"count":0,"href":"https:\/\/www.biblia.work\/articulos-salud\/wp-json\/wp\/v2\/posts\/11763\/revisions"}],"wp:attachment":[{"href":"https:\/\/www.biblia.work\/articulos-salud\/wp-json\/wp\/v2\/media?parent=11763"}],"wp:term":[{"taxonomy":"category","embeddable":true,"href":"https:\/\/www.biblia.work\/articulos-salud\/wp-json\/wp\/v2\/categories?post=11763"},{"taxonomy":"post_tag","embeddable":true,"href":"https:\/\/www.biblia.work\/articulos-salud\/wp-json\/wp\/v2\/tags?post=11763"}],"curies":[{"name":"wp","href":"https:\/\/api.w.org\/{rel}","templated":true}]}}