{"id":11767,"date":"2022-08-30T08:06:06","date_gmt":"2022-08-30T13:06:06","guid":{"rendered":"https:\/\/www.biblia.work\/articulos-salud\/estudio-revisa-los-limites-de-visitas-al-hospital-relacionados-con-covid-y-el-estres-familiar\/"},"modified":"2022-08-30T08:06:06","modified_gmt":"2022-08-30T13:06:06","slug":"estudio-revisa-los-limites-de-visitas-al-hospital-relacionados-con-covid-y-el-estres-familiar","status":"publish","type":"post","link":"https:\/\/www.biblia.work\/articulos-salud\/estudio-revisa-los-limites-de-visitas-al-hospital-relacionados-con-covid-y-el-estres-familiar\/","title":{"rendered":"Estudio revisa los l\u00edmites de visitas al hospital relacionados con COVID y el estr\u00e9s familiar"},"content":{"rendered":"<p>Cr\u00e9dito: CC0 Public Domain <\/p>\n<p>Los esfuerzos de los hospitales para proteger a las personas de COVID-19 al restringirles las visitas a familiares en las UCI pueden haber contribuido a un aumento significativo del estr\u00e9s -trastornos relacionados, seg\u00fan un estudio dirigido por investigadores de la Facultad de Medicina de la Universidad de Colorado. <\/p>\n<p>El estudio, publicado hoy en JAMA Internal Medicine, informa que casi dos tercios de las personas a las que se les restringi\u00f3 la visita sufr\u00edan trastornos relacionados con el estr\u00e9s tres meses despu\u00e9s de que su familiar fuera hospitalizado.<\/p>\n<p>\u00abNuestros hallazgos sugieren que las restricciones de visitas pueden haber contribuido inadvertidamente a una crisis de salud p\u00fablica secundaria, una epidemia de trastornos relacionados con el estr\u00e9s entre los familiares de los pacientes de la UCI\u00bb, dice Timothy Amass, MD, ScM, profesor asistente de medicina en la Facultad de Medicina de CU y primer autor del art\u00edculo.<\/p>\n<p>Se implementaron restricciones de visitas en los hospitales para evitar la propagaci\u00f3n de un virus emergente altamente infeccioso y una enfermedad mortal en un momento en que escaseaba el equipo de protecci\u00f3n personal. Los funcionarios de hospitales y de salud p\u00fablica tambi\u00e9n estaban preocupados por tener suficiente capacidad para brindar atenci\u00f3n.<\/p>\n<p>Amass y sus coautores descubrieron que las consecuencias de esas restricciones tuvieron un efecto duradero en muchas de las personas a las que no se les permiti\u00f3 para visitar a sus familiares hospitalizados. Seg\u00fan el estudio, tener un familiar ingresado en la UCI con COVID-19 se asoci\u00f3 con altos niveles de s\u00edntomas de trastorno de estr\u00e9s postraum\u00e1tico, como depresi\u00f3n y ansiedad.<\/p>\n<p>Los autores del estudio encuestaron a personas de tres meses despu\u00e9s de que su familiar fuera hospitalizado, encontrando que el 64% de los participantes del estudio registraron puntajes altos en las pruebas que miden los s\u00edntomas del trastorno de estr\u00e9s postraum\u00e1tico. Eso es m\u00e1s del doble de los niveles previos a la pandemia, cuando aproximadamente el 30 % de los familiares de los pacientes de la UCI reportaron trastornos relacionados con el estr\u00e9s.<\/p>\n<p>Para realizar su estudio, Amass y sus colegas encuestaron a 330 familiares tres meses despu\u00e9s de su miembros de la familia fueron admitidos en la UCI con COVID-19. Esos pacientes fueron admitidos entre el 1 de febrero y el 31 de julio de 2020, en los primeros d\u00edas de la pandemia, en ocho hospitales acad\u00e9micos afiliados y cuatro comunitarios en Colorado, Washington, Luisiana, Nueva York y Massachusetts.<\/p>\n<p>Los autores del estudio dijeron que las restricciones pueden haber fomentado la desconfianza entre los familiares de los pacientes y los proveedores de atenci\u00f3n m\u00e9dica. Escriben: \u00abA medida que la pandemia de COVID-19 contin\u00faa desafiando la capacidad de los miembros de la familia para establecer relaciones de cabecera con los m\u00e9dicos, esta p\u00e9rdida de confianza puede traducirse en un aumento de los trastornos relacionados con el estr\u00e9s\u00bb.<\/p>\n<p>Un estudio El participante que fue encuestado describi\u00f3 su experiencia dolorosa: \u00abNos llamaron y dijeron: &#8216;\u00bfQuieres que desconectemos?&#8217;&#8230; Dije, \u00bfc\u00f3mo pas\u00f3 de volver a casa a desconectar?&#8230; dicen que su boca se mov\u00eda y sus ojos se mov\u00edan, pero dijeron que estaba muerta&#8230; as\u00ed que continuaron y desconectaron de todos modos\u00bb.<\/p>\n<p>Los autores del estudio agregaron que se necesitar\u00edan estudios adicionales para determinar cualquier v\u00ednculo entre las pol\u00edticas de restricci\u00f3n de visitas y los factores que causaron desconfianza entre los miembros de la familia.<\/p>\n<p>El estudio enumera 41 coautores. Adem\u00e1s de Amass, los autores afiliados a la Facultad de Medicina de CU son Hope Cruse; Ying-jin; Dr. Trevor Lane; Marc Moss, MD; Ryan Peterson, Doctor en Filosof\u00eda; Sarah Rhoads, MD; Jinhuang; y Stephanie Yu. <\/p>\n<p>Explore m\u00e1s<\/p>\n<p> La COVID-19 grave aumenta el riesgo de TEPT en miembros de la familia <strong>M\u00e1s informaci\u00f3n:<\/strong> Timothy Amass et al, Trastornos relacionados con el estr\u00e9s de familiares de pacientes ingresados en la unidad de cuidados intensivos Con COVID-19, JAMA Medicina Interna (2022). DOI: 10.1001\/jamainternmed.2022.1118 <strong>Informaci\u00f3n de la revista:<\/strong> JAMA Internal Medicine <\/p>\n<p> Proporcionado por CU Anschutz Medical Campus <strong>Cita<\/strong>: El estudio revisa los l\u00edmites de visitas al hospital relacionados con COVID y el estr\u00e9s familiar (2022, 25 de abril) recuperado el 29 de agosto de 2022 de https:\/\/medicalxpress.com\/news\/2022-04-covid-related-hospital-limits-family-stress.html Este documento est\u00e1 sujeto a derechos de autor. Aparte de cualquier trato justo con fines de estudio o investigaci\u00f3n privados, ninguna parte puede reproducirse sin el permiso por escrito. El contenido se proporciona \u00fanicamente con fines informativos.<\/p>\n","protected":false},"excerpt":{"rendered":"<p>Cr\u00e9dito: CC0 Public Domain Los esfuerzos de los hospitales para proteger a las personas de COVID-19 al restringirles las visitas a familiares en las UCI pueden haber contribuido a un aumento significativo del estr\u00e9s -trastornos relacionados, seg\u00fan un estudio dirigido por investigadores de la Facultad de Medicina de la Universidad de Colorado. El estudio, publicado &hellip; <a href=\"https:\/\/www.biblia.work\/articulos-salud\/estudio-revisa-los-limites-de-visitas-al-hospital-relacionados-con-covid-y-el-estres-familiar\/\" class=\"more-link\">Continuar leyendo<span class=\"screen-reader-text\"> \u00abEstudio revisa los l\u00edmites de visitas al hospital relacionados con COVID y el estr\u00e9s familiar\u00bb<\/span><\/a><\/p>\n","protected":false},"author":1,"featured_media":0,"comment_status":"","ping_status":"","sticky":false,"template":"","format":"standard","meta":{"footnotes":""},"categories":[1],"tags":[],"class_list":["post-11767","post","type-post","status-publish","format-standard","hentry","category-general"],"_links":{"self":[{"href":"https:\/\/www.biblia.work\/articulos-salud\/wp-json\/wp\/v2\/posts\/11767","targetHints":{"allow":["GET"]}}],"collection":[{"href":"https:\/\/www.biblia.work\/articulos-salud\/wp-json\/wp\/v2\/posts"}],"about":[{"href":"https:\/\/www.biblia.work\/articulos-salud\/wp-json\/wp\/v2\/types\/post"}],"author":[{"embeddable":true,"href":"https:\/\/www.biblia.work\/articulos-salud\/wp-json\/wp\/v2\/users\/1"}],"replies":[{"embeddable":true,"href":"https:\/\/www.biblia.work\/articulos-salud\/wp-json\/wp\/v2\/comments?post=11767"}],"version-history":[{"count":0,"href":"https:\/\/www.biblia.work\/articulos-salud\/wp-json\/wp\/v2\/posts\/11767\/revisions"}],"wp:attachment":[{"href":"https:\/\/www.biblia.work\/articulos-salud\/wp-json\/wp\/v2\/media?parent=11767"}],"wp:term":[{"taxonomy":"category","embeddable":true,"href":"https:\/\/www.biblia.work\/articulos-salud\/wp-json\/wp\/v2\/categories?post=11767"},{"taxonomy":"post_tag","embeddable":true,"href":"https:\/\/www.biblia.work\/articulos-salud\/wp-json\/wp\/v2\/tags?post=11767"}],"curies":[{"name":"wp","href":"https:\/\/api.w.org\/{rel}","templated":true}]}}