{"id":11776,"date":"2022-08-30T08:06:26","date_gmt":"2022-08-30T13:06:26","guid":{"rendered":"https:\/\/www.biblia.work\/articulos-salud\/tercer-dia-en-el-hospital-identificado-como-un-punto-de-inflexion-en-la-gravedad-de-la-neumonia-por-covid-19\/"},"modified":"2022-08-30T08:06:26","modified_gmt":"2022-08-30T13:06:26","slug":"tercer-dia-en-el-hospital-identificado-como-un-punto-de-inflexion-en-la-gravedad-de-la-neumonia-por-covid-19","status":"publish","type":"post","link":"https:\/\/www.biblia.work\/articulos-salud\/tercer-dia-en-el-hospital-identificado-como-un-punto-de-inflexion-en-la-gravedad-de-la-neumonia-por-covid-19\/","title":{"rendered":"Tercer d\u00eda en el hospital identificado como un &#8216;punto de inflexi\u00f3n&#8217; en la gravedad de la neumon\u00eda por COVID-19"},"content":{"rendered":"<p>Cr\u00e9dito: CC0 Public Domain <\/p>\n<p>Nueva investigaci\u00f3n presentada en el Congreso Europeo de Microbiolog\u00eda Cl\u00ednica y Enfermedades Infecciosas (ECCMID) de este a\u00f1o en Lisboa, Portugal, (23-26 de abril), ha identificado el tercer d\u00eda de hospitalizaci\u00f3n como un punto de inflexi\u00f3n en la progresi\u00f3n de la enfermedad entre los pacientes sintom\u00e1ticos ingresados por neumon\u00eda COVID-19. <\/p>\n<p>Una respuesta inmunitaria hiperactiva al virus SARS-CoV-2 puede causar neumon\u00eda por COVID-19 con complicaciones graves. Aunque los medicamentos como los corticosteroides pueden ayudar a controlar la inflamaci\u00f3n asociada con la enfermedad grave por COVID-19, existe una variabilidad significativa en la respuesta al tratamiento. Por lo tanto, existe una necesidad urgente de identificar biomarcadores que sean predictivos de la progresi\u00f3n de la enfermedad para ayudar a optimizar el tratamiento.<\/p>\n<p>Dr. Anthony Sophonsri y la autora principal, la Dra. Annie Wong-Beringer, de la Universidad del Sur de California, Los \u00c1ngeles, EE. UU., y sus colegas, estudiaron a pacientes hospitalizados con neumon\u00eda por COVID-19 entre marzo y octubre de 2021.<\/p>\n<p>Los 90 pacientes ( 54 % hombres) ten\u00edan una mediana de edad de 60 a\u00f1os y se clasificaron como pacientes con COVID-19 grave o no grave seg\u00fan la definici\u00f3n de la Organizaci\u00f3n Mundial de la Salud.<\/p>\n<p>Las caracter\u00edsticas iniciales fueron similares entre los grupos, excepto por tasas m\u00e1s altas de diabetes e insuficiencia card\u00edaca cr\u00f3nica entre los pacientes graves.<\/p>\n<p>Se tomaron muestras de sangre los d\u00edas 1, 3, 5 y 7 de hospitalizaci\u00f3n y se determinaron los niveles de tres prote\u00ednas del hu\u00e9sped que desempe\u00f1an funciones vitales en la respuesta inmunitaria de la COVID-19. medido utilizando una nueva plataforma de punto de necesidad (MeMed) que arroj\u00f3 resultados en 15 minutos: prote\u00edna 10 inducida por interfer\u00f3n (IP-10), prote\u00edna C reactiva (PCR) y ligando inductor de apoptosis relacionado con el factor de necrosis tumoral (TRAIL ). <\/p>\n<p>En general, los niveles de TRAIL aumentaron con el tiempo, mientras que CRP e IP-10 disminuyeron en todos los pacientes.<\/p>\n<p>El d\u00eda 1, no hubo diferencia en los niveles de prote\u00ednas entre los dos grupos.<\/p>\n<p>Pero para el d\u00eda 3, hab\u00edan surgido diferencias claras. Los niveles de TRAIL fueron m\u00e1s bajos (mediana de 21 frente a 30 pg\/mL) y los niveles de IP-10 m\u00e1s altos (mediana de 713 frente a 328 pg\/mL) en el grupo grave que en el grupo no grave. Los niveles de IP-10 tambi\u00e9n permanecieron elevados hasta el d\u00eda 5 en los pacientes graves (mediana de 560 frente a 212 pg\/ml).<\/p>\n<p>En el d\u00eda 3, un nivel de IP-10 de 570 pg\/ml y un nivel de TRAIL 25 pg\/mL fueron indicadores de progresi\u00f3n a neumon\u00eda grave por COVID-19.<\/p>\n<p>Adem\u00e1s, el grupo grave tard\u00f3 m\u00e1s en recuperarse (12 d\u00edas en promedio frente a 4 d\u00edas), tuvo una tasa de mortalidad m\u00e1s alta (20 % frente al 0 %), y ten\u00eda ocho veces m\u00e1s probabilidades de desarrollar infecciones secundarias invasivas que el grupo no grave.<\/p>\n<p>Los investigadores dicen que los patrones en la respuesta inmunitaria del hu\u00e9sped podr\u00edan usarse potencialmente para identificar a los pacientes que es probable que se enfermen gravemente antes de que se deterioren. <\/p>\n<p>Explican: \u00abHay muchos pacientes que se presentan en el departamento de emergencias y solo requieren un suplemento m\u00ednimo de ox\u00edgeno, como una c\u00e1nula nasal, pero pronto progresan y necesitan ventilaci\u00f3n mec\u00e1nica.<\/p>\n<p>\u00abMonitoreo de estas prote\u00ednas inmunitarias puede ayudar a identificar a estos pacientes antes, lo que permite una pronta intensificaci\u00f3n de la atenci\u00f3n y un manejo m\u00e1s agresivo de su respuesta inflamatoria hiperactiva\u00bb.<\/p>\n<p>El Dr. Sophonsri agrega: \u00abLos patrones observados en la respuesta inmunitaria del hu\u00e9sped brindan informaci\u00f3n sobre la inmunopatolog\u00eda de COVID-19, lo que revela un posible punto de inflexi\u00f3n en la progresi\u00f3n de la enfermedad en el d\u00eda 3 de la admisi\u00f3n y la utilidad de IP-10 y TRAIL como marcadores sensibles de la progresi\u00f3n de la enfermedad para guiar la intervenci\u00f3n terap\u00e9utica\u00bb. <\/p>\n<p>Explore m\u00e1s<\/p>\n<p> La ivermectina no prevenir la progresi\u00f3n a COVID-19 grave Proporcionado por la Sociedad Europea de Microbiolog\u00eda Cl\u00ednica y Enfermedades Infecciosas nia (2022, 23 de abril) recuperado el 29 de agosto de 2022 de https:\/\/medicalxpress.com\/news\/2022-04-day-hospital-severity-covid-pneumonia.html Este documento est\u00e1 sujeto a derechos de autor. Aparte de cualquier trato justo con fines de estudio o investigaci\u00f3n privados, ninguna parte puede reproducirse sin el permiso por escrito. El contenido se proporciona \u00fanicamente con fines informativos.<\/p>\n","protected":false},"excerpt":{"rendered":"<p>Cr\u00e9dito: CC0 Public Domain Nueva investigaci\u00f3n presentada en el Congreso Europeo de Microbiolog\u00eda Cl\u00ednica y Enfermedades Infecciosas (ECCMID) de este a\u00f1o en Lisboa, Portugal, (23-26 de abril), ha identificado el tercer d\u00eda de hospitalizaci\u00f3n como un punto de inflexi\u00f3n en la progresi\u00f3n de la enfermedad entre los pacientes sintom\u00e1ticos ingresados por neumon\u00eda COVID-19. Una respuesta &hellip; <a href=\"https:\/\/www.biblia.work\/articulos-salud\/tercer-dia-en-el-hospital-identificado-como-un-punto-de-inflexion-en-la-gravedad-de-la-neumonia-por-covid-19\/\" class=\"more-link\">Continuar leyendo<span class=\"screen-reader-text\"> \u00abTercer d\u00eda en el hospital identificado como un &#8216;punto de inflexi\u00f3n&#8217; en la gravedad de la neumon\u00eda por COVID-19\u00bb<\/span><\/a><\/p>\n","protected":false},"author":1,"featured_media":0,"comment_status":"","ping_status":"","sticky":false,"template":"","format":"standard","meta":{"footnotes":""},"categories":[1],"tags":[],"class_list":["post-11776","post","type-post","status-publish","format-standard","hentry","category-general"],"_links":{"self":[{"href":"https:\/\/www.biblia.work\/articulos-salud\/wp-json\/wp\/v2\/posts\/11776","targetHints":{"allow":["GET"]}}],"collection":[{"href":"https:\/\/www.biblia.work\/articulos-salud\/wp-json\/wp\/v2\/posts"}],"about":[{"href":"https:\/\/www.biblia.work\/articulos-salud\/wp-json\/wp\/v2\/types\/post"}],"author":[{"embeddable":true,"href":"https:\/\/www.biblia.work\/articulos-salud\/wp-json\/wp\/v2\/users\/1"}],"replies":[{"embeddable":true,"href":"https:\/\/www.biblia.work\/articulos-salud\/wp-json\/wp\/v2\/comments?post=11776"}],"version-history":[{"count":0,"href":"https:\/\/www.biblia.work\/articulos-salud\/wp-json\/wp\/v2\/posts\/11776\/revisions"}],"wp:attachment":[{"href":"https:\/\/www.biblia.work\/articulos-salud\/wp-json\/wp\/v2\/media?parent=11776"}],"wp:term":[{"taxonomy":"category","embeddable":true,"href":"https:\/\/www.biblia.work\/articulos-salud\/wp-json\/wp\/v2\/categories?post=11776"},{"taxonomy":"post_tag","embeddable":true,"href":"https:\/\/www.biblia.work\/articulos-salud\/wp-json\/wp\/v2\/tags?post=11776"}],"curies":[{"name":"wp","href":"https:\/\/api.w.org\/{rel}","templated":true}]}}