{"id":11779,"date":"2022-08-30T08:06:33","date_gmt":"2022-08-30T13:06:33","guid":{"rendered":"https:\/\/www.biblia.work\/articulos-salud\/altos-niveles-de-patogenos-respiratorios-presentes-en-el-aire-de-guarderias-escuelas-residencias-de-ancianos-durante-el-invierno\/"},"modified":"2022-08-30T08:06:33","modified_gmt":"2022-08-30T13:06:33","slug":"altos-niveles-de-patogenos-respiratorios-presentes-en-el-aire-de-guarderias-escuelas-residencias-de-ancianos-durante-el-invierno","status":"publish","type":"post","link":"https:\/\/www.biblia.work\/articulos-salud\/altos-niveles-de-patogenos-respiratorios-presentes-en-el-aire-de-guarderias-escuelas-residencias-de-ancianos-durante-el-invierno\/","title":{"rendered":"Altos niveles de pat\u00f3genos respiratorios presentes en el aire de guarder\u00edas, escuelas, residencias de ancianos durante el invierno"},"content":{"rendered":"<p>Streptococcus pneumoniae. Cr\u00e9dito: CDC\/Dr. MS Mitchell <\/p>\n<p>Altos niveles de pat\u00f3genos respiratorios est\u00e1n presentes en el aire de guarder\u00edas, escuelas, residencias de ancianos y otros espacios interiores durante el invierno, seg\u00fan una nueva investigaci\u00f3n presentada en el Congreso Europeo de Microbiolog\u00eda Cl\u00ednica y Enfermedades Infecciosas (ECCMID) de este a\u00f1o en Lisboa, Portugal, (23-26 de abril). <\/p>\n<p>Las infecciones respiratorias transmitidas por el aire pueden causar brotes en entornos grupales como guarder\u00edas, escuelas y hogares de ancianos. Los pacientes suelen tener s\u00edntomas leves e inespec\u00edficos, pero algunos brotes pueden ser graves, seg\u00fan el pat\u00f3geno involucrado y el entorno.<\/p>\n<p>Es importante saber en qu\u00e9 entornos es m\u00e1s probable que circulen las infecciones si se quiere que los brotes se desarrollen. ser controlado y prevenido.<\/p>\n<p>La Sra. Lore Budts, Departamento de Medicina de Laboratorio, UZ Leuven, Lovaina, B\u00e9lgica, y sus colegas recolectaron muestras de aire de seis entornos grupales en Lovaina que atienden a diferentes grupos de edad desde octubre de 2021 hasta febrero de 2022 .<\/p>\n<p>Las ubicaciones fueron: guarder\u00eda (grupo de edad 0-3 a\u00f1os), jard\u00edn de infantes (36 a\u00f1os), escuela primaria (6-12 a\u00f1os), escuela secundaria (12-18 a\u00f1os), universidad (18+) y hogares de ancianos (65+).<\/p>\n<p>Se tomaron muestras del aire hasta cuatro veces por semana durante al menos dos horas a la vez. Se recolectaron 248 muestras en total y se analizaron para detectar 29 pat\u00f3genos diferentes (consulte el resumen, enlace a continuaci\u00f3n, para obtener una lista completa de los pat\u00f3genos analizados).<\/p>\n<p>Dieciocho de los 29 pat\u00f3genos se detectaron al menos una vez, los otros 11 fueron nunca detectado. El mayor n\u00famero de pat\u00f3genos encontrados juntos al mismo tiempo fue de ocho, en una muestra tomada en la guarder\u00eda.<\/p>\n<p>Los ni\u00f1os de la guarder\u00eda estuvieron expuestos tanto a la mayor variedad de pat\u00f3genos como a las concentraciones m\u00e1s altas.<\/p>\n<p>Los cuatro pat\u00f3genos identificados con mayor frecuencia en la escuela infantil fueron Streptococcus pneumoniae, bocavirus humano, citomegalovirus humano y entero-\/rhinovirus. <\/p>\n<p>S. pneumoniae causa infecciones bacterianas, principalmente en los pulmones (neumon\u00eda). Bocavirus puede causar s\u00edntomas respiratorios y s\u00edntomas gastrointestinales. El citomegalovirus suele ser asintom\u00e1tico en personas sanas, pero puede ser peligroso para las mujeres embarazadas. El enterovirus\/rinovirus normalmente causa un resfriado com\u00fan.<\/p>\n<p>El SARS-CoV-2, que causa el COVID-19, y el RSV (que puede causar bronquiolitis en ni\u00f1os muy peque\u00f1os) se detectaron de manera intermitente en todos los grupos de edad, en en consonancia con su circulaci\u00f3n a nivel nacional.<\/p>\n<p>Otros coronavirus humanos comunes que suelen causar el resfriado com\u00fan (HCoV-229E, HCoV-OC43 y HCoV-HKU-1) se detectaron espor\u00e1dicamente.<\/p>\n<p>Sra. Budts dice: \u00abSi bien es dif\u00edcil comparar directamente los diferentes entornos, fue sorprendente encontrar una cantidad y una concentraci\u00f3n tan grandes de pat\u00f3genos en una variedad tan amplia de ambientes interiores.<\/p>\n<p>\u00abNuestras observaciones respaldan la necesidad para aumentar la calidad del aire en los entornos m\u00e1s expuestos a pat\u00f3genos transportados por el aire (guarder\u00edas) o particularmente vulnerables a algunas de estas enfermedades (residencias de ancianos), aunque se debe encontrar un equilibrio entre la prevenci\u00f3n de la exposici\u00f3n y la acumulaci\u00f3n de inmunidad que sigue a la infecci\u00f3n.<\/p>\n<p>\u00abDichas intervenciones, si se muestran efectivas, podr\u00edan prevenir parte de los problemas m\u00e9dicos, econ\u00f3micos y la carga social asociada a las enfermedades respiratorias\u00bb. <\/p>\n<p>Explore m\u00e1s<\/p>\n<p> Los controles en capas pueden reducir significativamente la exposici\u00f3n al COVID-19 Proporcionado por la Sociedad Europea de Microbiolog\u00eda Cl\u00ednica y Enfermedades Infecciosas <strong>Cita<\/strong>: Altos niveles de pat\u00f3genos respiratorios presentes en el aire de las guarder\u00edas, escuelas, hogares de ancianos durante el invierno (23 de abril de 2022) recuperado el 29 de agosto de 2022 de https:\/\/medicalxpress.com\/news\/2022-04-high-respiratory-pathogens-air-nurseries.html Este documento est\u00e1 sujeto a derechos de autor. Aparte de cualquier trato justo con fines de estudio o investigaci\u00f3n privados, ninguna parte puede reproducirse sin el permiso por escrito. El contenido se proporciona \u00fanicamente con fines informativos.<\/p>\n","protected":false},"excerpt":{"rendered":"<p>Streptococcus pneumoniae. Cr\u00e9dito: CDC\/Dr. MS Mitchell Altos niveles de pat\u00f3genos respiratorios est\u00e1n presentes en el aire de guarder\u00edas, escuelas, residencias de ancianos y otros espacios interiores durante el invierno, seg\u00fan una nueva investigaci\u00f3n presentada en el Congreso Europeo de Microbiolog\u00eda Cl\u00ednica y Enfermedades Infecciosas (ECCMID) de este a\u00f1o en Lisboa, Portugal, (23-26 de abril). Las &hellip; <a href=\"https:\/\/www.biblia.work\/articulos-salud\/altos-niveles-de-patogenos-respiratorios-presentes-en-el-aire-de-guarderias-escuelas-residencias-de-ancianos-durante-el-invierno\/\" class=\"more-link\">Continuar leyendo<span class=\"screen-reader-text\"> \u00abAltos niveles de pat\u00f3genos respiratorios presentes en el aire de guarder\u00edas, escuelas, residencias de ancianos durante el invierno\u00bb<\/span><\/a><\/p>\n","protected":false},"author":1,"featured_media":0,"comment_status":"","ping_status":"","sticky":false,"template":"","format":"standard","meta":{"footnotes":""},"categories":[1],"tags":[],"class_list":["post-11779","post","type-post","status-publish","format-standard","hentry","category-general"],"_links":{"self":[{"href":"https:\/\/www.biblia.work\/articulos-salud\/wp-json\/wp\/v2\/posts\/11779","targetHints":{"allow":["GET"]}}],"collection":[{"href":"https:\/\/www.biblia.work\/articulos-salud\/wp-json\/wp\/v2\/posts"}],"about":[{"href":"https:\/\/www.biblia.work\/articulos-salud\/wp-json\/wp\/v2\/types\/post"}],"author":[{"embeddable":true,"href":"https:\/\/www.biblia.work\/articulos-salud\/wp-json\/wp\/v2\/users\/1"}],"replies":[{"embeddable":true,"href":"https:\/\/www.biblia.work\/articulos-salud\/wp-json\/wp\/v2\/comments?post=11779"}],"version-history":[{"count":0,"href":"https:\/\/www.biblia.work\/articulos-salud\/wp-json\/wp\/v2\/posts\/11779\/revisions"}],"wp:attachment":[{"href":"https:\/\/www.biblia.work\/articulos-salud\/wp-json\/wp\/v2\/media?parent=11779"}],"wp:term":[{"taxonomy":"category","embeddable":true,"href":"https:\/\/www.biblia.work\/articulos-salud\/wp-json\/wp\/v2\/categories?post=11779"},{"taxonomy":"post_tag","embeddable":true,"href":"https:\/\/www.biblia.work\/articulos-salud\/wp-json\/wp\/v2\/tags?post=11779"}],"curies":[{"name":"wp","href":"https:\/\/api.w.org\/{rel}","templated":true}]}}