{"id":11782,"date":"2022-08-30T08:06:39","date_gmt":"2022-08-30T13:06:39","guid":{"rendered":"https:\/\/www.biblia.work\/articulos-salud\/pakistan-reporta-primer-caso-de-polio-en-15-meses\/"},"modified":"2022-08-30T08:06:39","modified_gmt":"2022-08-30T13:06:39","slug":"pakistan-reporta-primer-caso-de-polio-en-15-meses","status":"publish","type":"post","link":"https:\/\/www.biblia.work\/articulos-salud\/pakistan-reporta-primer-caso-de-polio-en-15-meses\/","title":{"rendered":"Pakist\u00e1n reporta primer caso de polio en 15 meses"},"content":{"rendered":"<p>El primer ministro de Pakist\u00e1n dijo el s\u00e1bado que presidir\u00e1 una reuni\u00f3n de emergencia de un grupo de trabajo nacional para la erradicaci\u00f3n de la polio despu\u00e9s de que las autoridades detectaran el primer caso de la enfermedad neurodegenerativa debilitante en el pa\u00eds en 15 meses. <\/p>\n<p>Funcionarios de salud anunciaron el viernes el descubrimiento del caso de poliomielitis salvaje y dijeron que un ni\u00f1o de 15 meses hab\u00eda quedado paralizado por el virus en el distrito noroccidental de Wazirist\u00e1n del Norte.<\/p>\n<p>\u00abProfundamente entristecido de compartir que un ni\u00f1o de 15 meses ha quedado paralizado en Wazirist\u00e1n del Norte\u00bb, tuite\u00f3 Shahzad Baig, coordinador del Centro Nacional de Operaciones de Emergencia para el programa de erradicaci\u00f3n de la poliomielitis de Pakist\u00e1n.<\/p>\n<p>\u00abPakist\u00e1n confirma un caso salvaje de #poliovirus despu\u00e9s de casi 15 meses\u00bb, agreg\u00f3.<\/p>\n<p>El \u00faltimo caso del pa\u00eds se detect\u00f3 en enero de 2021, y a principios de este a\u00f1o las autoridades celebraron 12 meses sin un solo caso, la primera vez que ocurr\u00eda desde que comenzaron los esfuerzos de erradicaci\u00f3n.<\/p>\n<p>Pakist\u00e1n es uno de los dos pa\u00edses, junto con el vecino Afganist\u00e1n, donde la poliomielitis sigue siendo end\u00e9mica, aunque el n\u00famero de casos ha disminuido dr\u00e1sticamente en los \u00faltimos a\u00f1os. <\/p>\n<p>El caso de Wazirist\u00e1n del Norte eleva a tres el n\u00famero mundial de casos de poliomielitis en 2022, con un caso confirmado tambi\u00e9n en Malaui y otro en Afganist\u00e1n, seg\u00fan datos de la Iniciativa de Erradicaci\u00f3n Global de la Poliomielitis (GPEI). <\/p>\n<p>El caso en Malawi se confirm\u00f3 en febrero aunque el inicio de la par\u00e1lisis se produjo en noviembre de 2021, seg\u00fan la GPEI.<\/p>\n<p>Las autoridades paquistan\u00edes dijeron que estaban trabajando para garantizar que el virus no se propague m\u00e1s en el pa\u00eds del sur de Asia. <\/p>\n<p>La oficina del primer ministro Shehbaz Sharif dijo que presidir\u00eda la reuni\u00f3n de emergencia del grupo de trabajo para la erradicaci\u00f3n de la poliomielitis el lunes.<\/p>\n<p>Nigeria erradic\u00f3 oficialmente la poliomielitis salvaje en 2020. Funcionarios paquistan\u00edes dijeron en febrero que esperaban lograr el mismo objetivo en los pr\u00f3ximos a\u00f1os.<\/p>\n<p>Para erradicar oficialmente la enfermedad, un pa\u00eds debe estar libre de polio durante tres a\u00f1os consecutivos. <\/p>\n<p>Explorar m\u00e1s<\/p>\n<p> Malawi declara brote de polio <\/p>\n<p> 2022 AFP <\/p>\n<p> <strong>Cita<\/strong>: Pakist\u00e1n informa el primer caso de polio en 15 meses (2022, 23 de abril) consultado el 29 de agosto de 2022 en https:\/\/medicalxpress.com\/news\/2022-04-pakistan-polio-case-months.html Este documento est\u00e1 sujeto a derechos de autor. Aparte de cualquier trato justo con fines de estudio o investigaci\u00f3n privados, ninguna parte puede reproducirse sin el permiso por escrito. El contenido se proporciona \u00fanicamente con fines informativos.<\/p>\n","protected":false},"excerpt":{"rendered":"<p>El primer ministro de Pakist\u00e1n dijo el s\u00e1bado que presidir\u00e1 una reuni\u00f3n de emergencia de un grupo de trabajo nacional para la erradicaci\u00f3n de la polio despu\u00e9s de que las autoridades detectaran el primer caso de la enfermedad neurodegenerativa debilitante en el pa\u00eds en 15 meses. Funcionarios de salud anunciaron el viernes el descubrimiento del &hellip; <a href=\"https:\/\/www.biblia.work\/articulos-salud\/pakistan-reporta-primer-caso-de-polio-en-15-meses\/\" class=\"more-link\">Continuar leyendo<span class=\"screen-reader-text\"> \u00abPakist\u00e1n reporta primer caso de polio en 15 meses\u00bb<\/span><\/a><\/p>\n","protected":false},"author":1,"featured_media":0,"comment_status":"","ping_status":"","sticky":false,"template":"","format":"standard","meta":{"footnotes":""},"categories":[1],"tags":[],"class_list":["post-11782","post","type-post","status-publish","format-standard","hentry","category-general"],"_links":{"self":[{"href":"https:\/\/www.biblia.work\/articulos-salud\/wp-json\/wp\/v2\/posts\/11782","targetHints":{"allow":["GET"]}}],"collection":[{"href":"https:\/\/www.biblia.work\/articulos-salud\/wp-json\/wp\/v2\/posts"}],"about":[{"href":"https:\/\/www.biblia.work\/articulos-salud\/wp-json\/wp\/v2\/types\/post"}],"author":[{"embeddable":true,"href":"https:\/\/www.biblia.work\/articulos-salud\/wp-json\/wp\/v2\/users\/1"}],"replies":[{"embeddable":true,"href":"https:\/\/www.biblia.work\/articulos-salud\/wp-json\/wp\/v2\/comments?post=11782"}],"version-history":[{"count":0,"href":"https:\/\/www.biblia.work\/articulos-salud\/wp-json\/wp\/v2\/posts\/11782\/revisions"}],"wp:attachment":[{"href":"https:\/\/www.biblia.work\/articulos-salud\/wp-json\/wp\/v2\/media?parent=11782"}],"wp:term":[{"taxonomy":"category","embeddable":true,"href":"https:\/\/www.biblia.work\/articulos-salud\/wp-json\/wp\/v2\/categories?post=11782"},{"taxonomy":"post_tag","embeddable":true,"href":"https:\/\/www.biblia.work\/articulos-salud\/wp-json\/wp\/v2\/tags?post=11782"}],"curies":[{"name":"wp","href":"https:\/\/api.w.org\/{rel}","templated":true}]}}