{"id":11804,"date":"2022-08-30T08:07:31","date_gmt":"2022-08-30T13:07:31","guid":{"rendered":"https:\/\/www.biblia.work\/articulos-salud\/impacto-de-la-pandemia-de-covid-19-en-las-visitas-de-salud-mental-en-atencion-primaria-pediatrica\/"},"modified":"2022-08-30T08:07:31","modified_gmt":"2022-08-30T13:07:31","slug":"impacto-de-la-pandemia-de-covid-19-en-las-visitas-de-salud-mental-en-atencion-primaria-pediatrica","status":"publish","type":"post","link":"https:\/\/www.biblia.work\/articulos-salud\/impacto-de-la-pandemia-de-covid-19-en-las-visitas-de-salud-mental-en-atencion-primaria-pediatrica\/","title":{"rendered":"Impacto de la pandemia de COVID-19 en las visitas de salud mental en atenci\u00f3n primaria pedi\u00e1trica"},"content":{"rendered":"<p>Cr\u00e9dito: Unsplash\/CC0 Dominio p\u00fablico <\/p>\n<p>Un nuevo estudio describe el impacto de la pandemia de COVID-19 en las visitas de salud mental de atenci\u00f3n primaria pedi\u00e1trica. Los hallazgos del estudio se presentar\u00e1n durante la reuni\u00f3n de las Sociedades Acad\u00e9micas de Pediatr\u00eda (PAS) de 2022, que tendr\u00e1 lugar del 21 al 25 de abril en Denver. <\/p>\n<p>Los investigadores del Boston Children&#8217;s Hospital descubrieron que las visitas a los consultorios de atenci\u00f3n primaria pedi\u00e1trica por trastornos alimentarios y depresivos y bipolares comenzaron a aumentar significativamente al comienzo del per\u00edodo pand\u00e9mico, mientras que las visitas por trastornos por uso de sustancias y alcohol disminuyeron inmediatamente en frecuencia y fueron menos frecuentes con el tiempo.<\/p>\n<p>Estos resultados revelan una mayor carga de la prestaci\u00f3n de atenci\u00f3n de salud mental en el consultorio de atenci\u00f3n primaria desde el comienzo de la pandemia y resaltan la importancia de la detecci\u00f3n, el diagn\u00f3stico provisional y el manejo de las condiciones de salud mental de los j\u00f3venes en atenci\u00f3n primaria en periodos de aislamiento social. Se necesita investigaci\u00f3n adicional para comprender mejor el impacto de la COVID-19 en la salud mental de los j\u00f3venes.<\/p>\n<p>\u00abNuestro objetivo era describir el impacto de la pandemia de COVID-19 en la salud mental pedi\u00e1trica, espec\u00edficamente en t\u00e9rminos de visitas a la atenci\u00f3n primaria cuidado\u00bb, dijo Jane Bittner Gould, MPH, CPH, gerente principal de proyectos en la Organizaci\u00f3n de M\u00e9dicos Pedi\u00e1tricos del Children&#8217;s. \u00abRealizamos un an\u00e1lisis de series de tiempo interrumpido de visitas dentro de la red entre nuestra gran red pedi\u00e1trica en Massachusetts. Nuestros hallazgos revelan cambios significativos en el patr\u00f3n de visitas a los consultorios de atenci\u00f3n primaria por afecciones de salud mental en ni\u00f1os y adolescentes: m\u00e1s notablemente, aumentos sorprendentes en consultas por trastornos alimentarios y trastornos del estado de \u00e1nimo durante el per\u00edodo de la pandemia. Por el contrario, las consultas por trastornos relacionados con el consumo de alcohol y sustancias disminuyeron durante el per\u00edodo de la pandemia\u00bb.<\/p>\n<ul>\n<li data-thumb=\"https:\/\/scx1.b- cdn.net\/csz\/news\/tmb\/2022\/impact-of-the-covid-19.jpg\" data-src=\"https:\/\/scx2.b-cdn.net\/gfx\/news\/2022\/impact-of -the-covid-19.jpg\" data-sub-html=\"Tasas de diagn\u00f3sticos de visitas de salud mental pedi\u00e1tricas en los per\u00edodos prepand\u00e9mico y pand\u00e9mico, con un an\u00e1lisis ITS de cambios de nivel y pendiente Abreviatura: ITS = serie temporal interrumpida. Cr\u00e9dito: Boston Children's Hospital\"> Tasas de diagn\u00f3sticos de visitas de salud mental pedi\u00e1tricas en los per\u00edodos prepand\u00e9mico y pand\u00e9mico, con un an\u00e1lisis ITS de Le Cambios de vel y pendiente Abreviatura: ITS = Serie temporal interrumpida. Cr\u00e9dito: Hospital Infantil de Boston <\/li>\n<li data-thumb=\"https:\/\/scx1.b-cdn.net\/csz\/news\/tmb\/2022\/impact-of-the-covid-19-1.jpg\" data-src=\"https:\/\/scx2.b-cdn.net\/gfx\/news\/hires\/2022\/impact-of-the-covid-19-1.jpg\" data-sub-html=\"Tarifas mensuales de Seven Diagn\u00f3sticos de visitas de salud mental pedi\u00e1trica, enero de 2019 a septiembre de 2021 S\u00edmbolo: = Cambio. El \u00e1rea blanca representa el per\u00edodo previo a la pandemia (enero de 2019 a febrero de 2020), el gris oscuro representa el per\u00edodo de pandemia de emergencia (marzo de 2020 a mayo de 2020) y el \u00e1rea clara el gris representa el per\u00edodo pand\u00e9mico (junio de 2020-septiembre de 2021). Los valores P en negrita en rojo resaltan cambios estad\u00edsticamente significativos. Cr\u00e9dito: Boston Children's Hospital\"> Tasas mensuales de siete diagn\u00f3sticos de visitas de salud mental pedi\u00e1tricas, enero de 2019-septiembre de 2021 S\u00edmbolo: = Cambio. El \u00e1rea blanca representa la pre-pandemia (enero 2019-febrero 2020); el gris oscuro representa el per\u00edodo de pandemia de emergencia (marzo de 2020-mayo de 2020); y el gris claro representa el per\u00edodo de la pandemia (junio de 2020-septiembre de 2021). Los valores P en negrita en rojo resaltan los cambios estad\u00edsticamente significativos. Cr\u00e9dito: Boston Children&#8217;s Hospital <\/li>\n<\/ul>\n<p>Los impactos en la salud mental autoinformados de la pandemia de COVID-19 en adultos incluyen un aumento del estr\u00e9s, la ansiedad y la depresi\u00f3n. La investigaci\u00f3n sobre el impacto de los cambios sociales relacionados con la pandemia en la salud mental de ni\u00f1os y adolescentes es m\u00e1s limitada. <\/p>\n<p>Explore m\u00e1s<\/p>\n<p> Las visitas de salud mental de emergencia aumentan despu\u00e9s del aumento de COVID-19 <strong>M\u00e1s informaci\u00f3n:<\/strong> Conferencia: www.pas-meeting.org\/ Proporcionado por la Sociedad Americana de Pediatr\u00eda <strong>Cita<\/strong>: Impacto de la pandemia de COVID-19 en las visitas de salud mental en la atenci\u00f3n primaria pedi\u00e1trica (22 de abril de 2022) recuperado el 29 de agosto de 2022 de https:\/\/medicalxpress.com\/news\/2022-04-impact-covid-pandemic-mental -health.html Este documento est\u00e1 sujeto a derechos de autor. Aparte de cualquier trato justo con fines de estudio o investigaci\u00f3n privados, ninguna parte puede reproducirse sin el permiso por escrito. El contenido se proporciona \u00fanicamente con fines informativos.<\/p>\n","protected":false},"excerpt":{"rendered":"<p>Cr\u00e9dito: Unsplash\/CC0 Dominio p\u00fablico Un nuevo estudio describe el impacto de la pandemia de COVID-19 en las visitas de salud mental de atenci\u00f3n primaria pedi\u00e1trica. Los hallazgos del estudio se presentar\u00e1n durante la reuni\u00f3n de las Sociedades Acad\u00e9micas de Pediatr\u00eda (PAS) de 2022, que tendr\u00e1 lugar del 21 al 25 de abril en Denver. Los &hellip; <a href=\"https:\/\/www.biblia.work\/articulos-salud\/impacto-de-la-pandemia-de-covid-19-en-las-visitas-de-salud-mental-en-atencion-primaria-pediatrica\/\" class=\"more-link\">Continuar leyendo<span class=\"screen-reader-text\"> \u00abImpacto de la pandemia de COVID-19 en las visitas de salud mental en atenci\u00f3n primaria pedi\u00e1trica\u00bb<\/span><\/a><\/p>\n","protected":false},"author":1,"featured_media":0,"comment_status":"","ping_status":"","sticky":false,"template":"","format":"standard","meta":{"footnotes":""},"categories":[1],"tags":[],"class_list":["post-11804","post","type-post","status-publish","format-standard","hentry","category-general"],"_links":{"self":[{"href":"https:\/\/www.biblia.work\/articulos-salud\/wp-json\/wp\/v2\/posts\/11804","targetHints":{"allow":["GET"]}}],"collection":[{"href":"https:\/\/www.biblia.work\/articulos-salud\/wp-json\/wp\/v2\/posts"}],"about":[{"href":"https:\/\/www.biblia.work\/articulos-salud\/wp-json\/wp\/v2\/types\/post"}],"author":[{"embeddable":true,"href":"https:\/\/www.biblia.work\/articulos-salud\/wp-json\/wp\/v2\/users\/1"}],"replies":[{"embeddable":true,"href":"https:\/\/www.biblia.work\/articulos-salud\/wp-json\/wp\/v2\/comments?post=11804"}],"version-history":[{"count":0,"href":"https:\/\/www.biblia.work\/articulos-salud\/wp-json\/wp\/v2\/posts\/11804\/revisions"}],"wp:attachment":[{"href":"https:\/\/www.biblia.work\/articulos-salud\/wp-json\/wp\/v2\/media?parent=11804"}],"wp:term":[{"taxonomy":"category","embeddable":true,"href":"https:\/\/www.biblia.work\/articulos-salud\/wp-json\/wp\/v2\/categories?post=11804"},{"taxonomy":"post_tag","embeddable":true,"href":"https:\/\/www.biblia.work\/articulos-salud\/wp-json\/wp\/v2\/tags?post=11804"}],"curies":[{"name":"wp","href":"https:\/\/api.w.org\/{rel}","templated":true}]}}