{"id":11810,"date":"2022-08-30T08:07:44","date_gmt":"2022-08-30T13:07:44","guid":{"rendered":"https:\/\/www.biblia.work\/articulos-salud\/informe-la-aparicion-de-la-variante-alfa-no-condujo-a-una-enfermedad-mas-grave-en-ninos-hospitalizados\/"},"modified":"2022-08-30T08:07:44","modified_gmt":"2022-08-30T13:07:44","slug":"informe-la-aparicion-de-la-variante-alfa-no-condujo-a-una-enfermedad-mas-grave-en-ninos-hospitalizados","status":"publish","type":"post","link":"https:\/\/www.biblia.work\/articulos-salud\/informe-la-aparicion-de-la-variante-alfa-no-condujo-a-una-enfermedad-mas-grave-en-ninos-hospitalizados\/","title":{"rendered":"Informe: la aparici\u00f3n de la variante alfa no condujo a una enfermedad m\u00e1s grave en ni\u00f1os hospitalizados"},"content":{"rendered":"<p>Cr\u00e9dito: Pixabay\/CC0 Dominio p\u00fablico <\/p>\n<p>Un nuevo estudio, publicado en la revista Pediatric Research, proporciona evidencia de que el n\u00famero de -La edad de los ni\u00f1os ingresados en el hospital con coronavirus no aument\u00f3 significativamente en la segunda ola de la enfermedad en comparaci\u00f3n con la primera ola en el Reino Unido como se pensaba anteriormente, a pesar de los cambios en la variante, la relajaci\u00f3n del blindaje y el regreso a la educaci\u00f3n presencial. <\/p>\n<p>Antecedentes<\/p>\n<p>Los ni\u00f1os y j\u00f3venes (CYP) se vieron significativamente menos afectados que los adultos durante la primera ola de la pandemia de COVID-19, con respecto al n\u00famero de casos, la gravedad de la enfermedad, los ingresos hospitalarios y la muerte.<\/p>\n<p>Las razones del curso predominantemente leve de la enfermedad en el CYP a\u00fan no se comprenden bien, aunque se han propuesto varias hip\u00f3tesis. Si bien el perfil cl\u00ednico de CYP con infecci\u00f3n sintom\u00e1tica por SARS-CoV-2 (COVID-19) comparte similitudes con otros virus respiratorios, el virus tambi\u00e9n tiene presentaciones inusuales en la poblaci\u00f3n pedi\u00e1trica.<\/p>\n<p>En el Reino Unido, el La pandemia del SARS-CoV-2 se ha considerado como una serie de ondas, la primera desde principios de marzo de 2020 hasta finales de mayo de 2020 (con un pico a principios de abril) y la segunda desde principios de septiembre de 2020 hasta finales de abril de 2021 (m\u00e1ximo a principios de enero).<\/p>\n<p>Se obtuvo una cantidad significativa de conocimiento sobre las caracter\u00edsticas cl\u00ednicas y los resultados de COVID-19 en CYP durante la primera ola de la pandemia, sin embargo, varios factores externos cambiaron con el surgimiento de la segunda ola. La mayor\u00eda de las escuelas del Reino Unido cerraron durante la primera ola pand\u00e9mica en la primavera y el verano de 2020, y algunas permanecieron abiertas para los hijos de trabajadores clave, pero la mayor\u00eda estuvo abierta durante la siguiente ola de infecci\u00f3n de oto\u00f1o e invierno.<\/p>\n<p>Esto La pol\u00edtica reflejaba la opini\u00f3n de que los beneficios educativos, sociales, de salud y econ\u00f3micos de la educaci\u00f3n presencial superaban los da\u00f1os asociados con la transmisi\u00f3n escolar del SARS-CoV-2 en ese momento. Durante la primera ola, se identific\u00f3 a algunos CYP como extremadamente vulnerables cl\u00ednicamente y se les aconsej\u00f3 que se protegieran de todo contacto no esencial. Este consejo se elimin\u00f3 en oto\u00f1o de 2020. Han surgido nuevas variantes, incluida la variante alfa detectada por primera vez en el sureste de Inglaterra en septiembre de 2020, convirti\u00e9ndose en la variante predominante en todo el Reino Unido a fines de diciembre. La variante alfa contiene mutaciones que permiten cierto escape inmunol\u00f3gico en aquellos que hab\u00edan sido previamente infectados, con una mayor transmisibilidad y una enfermedad m\u00e1s grave con tasas m\u00e1s altas de hospitalizaci\u00f3n y muerte en adultos.<\/p>\n<p>La aparici\u00f3n de la variante alfa en Inglaterra tambi\u00e9n gener\u00f3 preocupaciones sobre una mayor transmisibilidad en CYP, ya que formaron una mayor proporci\u00f3n del total de casos en Inglaterra en comparaci\u00f3n con la primera ola pand\u00e9mica. Esto puede deberse a que la aparici\u00f3n de la variante coincidi\u00f3 con un per\u00edodo en el que las escuelas estaban abiertas y sujetas a m\u00e1s pruebas, pero el resto de la sociedad del Reino Unido estaba \u00abencerrada\u00bb.<\/p>\n<p>Ya sea que la variante alfa, dominante en la segunda ola, causa s\u00edntomas diferentes o una enfermedad m\u00e1s grave en CYP en comparaci\u00f3n con las cepas que circulan en la primera ola no se ha analizado en detalle.<\/p>\n<p>Estudio<\/p>\n<p>Un equipo de investigadores de la La Universidad de Liverpool, la Universidad de Edimburgo, la Universidad de Leiden y el Imperial College de Londres realizaron un estudio para comparar las admisiones pedi\u00e1tricas por SARS-CoV-2 en el Reino Unido durante la primera y la segunda ola pand\u00e9mica, como parte del Consorcio Internacional de Infecciones Emergentes y Respiratorias Agudas Severas -World Organizaci\u00f3n de la Salud, Protocolo de Caracterizaci\u00f3n Cl\u00ednica en el Reino Unido (ISARIC WHO CCP-UK).<\/p>\n<p>Resultados <\/p>\n<p>Los investigadores no encontraron evidencia de una mayor gravedad de los ingresos por COVID-19 entre los CYP en el segunda vs primera ola en el Reino Unido, a pesar de chan ges en variante, relajaci\u00f3n de blindajes y vuelta a la escolarizaci\u00f3n presencial. Los CYP sin comorbilidades constituyeron una proporci\u00f3n importante de los ingresados. Sin embargo, tuvieron estad\u00edas m\u00e1s cortas y requisitos de tratamiento m\u00e1s bajos que los CYP con comorbilidades.<\/p>\n<p>Tambi\u00e9n encontraron que al menos el 20 % de los CYP admitidos en esta cohorte ten\u00edan una infecci\u00f3n por SARS-CoV-2 asintom\u00e1tica\/incidental, que es que fueron admitidos con COVID-19 en lugar de por COVID-19.<\/p>\n<p>Calum Semple OBE, profesor de medicina de brotes y salud infantil en la Universidad de Liverpool, dijo: \u00abNuestra investigaci\u00f3n proporciona evidencia que sugiere la aparici\u00f3n de la variante alfa no condujo a una enfermedad m\u00e1s grave en CYP en el Reino Unido. Con la variante Delta ahora dominando en el Reino Unido, nuestro estudio sirve de ejemplo tanto de las fortalezas como de las limitaciones de los grandes estudios basados en hospitales para informar los enfoques inmediatos de salud p\u00fablica. a nuevas variantes emergentes.<\/p>\n<p>La Dra. Olivia Swann, profesora cl\u00ednica de pediatr\u00eda en la Universidad de Edimburgo, dijo: \u00abLa fortaleza clave de nuestro estudio es proporcionar una granularidad de datos de pacientes individuales que nos permite buscar en detalle en presencia cl\u00ednica naciones y resultados, identificar fuentes importantes de sesgo y proporcionar datos completos a lo largo del tiempo. La limitaci\u00f3n clave es que este enfoque matizado lleva tiempo y se ve superado por la r\u00e1pida evoluci\u00f3n de esta pandemia. Como resultado, los datos iniciales incompletos se utilizan necesariamente para informar la pol\u00edtica, mientras que la informaci\u00f3n m\u00e1s precisa solo se puede obtener en retrospectiva\u00bb.<\/p>\n<p>El informe completo, titulado \u00abComparaci\u00f3n de las admisiones pedi\u00e1tricas por SARS-CoV-2 en el Reino Unido a trav\u00e9s de la primera y la segunda oleada pand\u00e9mica\u00bb, ha sido presentado al Grupo Asesor Cient\u00edfico para Emergencias (SAGE) del gobierno del Reino Unido para informar la pol\u00edtica de vacunaci\u00f3n CYP en el Reino Unido. <\/p>\n<p>Explore m\u00e1s<\/p>\n<p> La tercera dosis de vacuna es cr\u00edtica para proteger a las poblaciones contra Variante omicron: estudio <strong>M\u00e1s informaci\u00f3n:<\/strong> Olivia V. Swann et al, Comparaci\u00f3n de admisiones pedi\u00e1tricas por SARS-CoV-2 en el Reino Unido en la primera y segunda ola pand\u00e9mica, Pediatric Research (2022). DOI: 10.1038\/s41390 -022-02052-5 <strong>Informaci\u00f3n de la revista:<\/strong> Pediatric Research <\/p>\n<p> Proporcionado por la Universidad de Liverpool <strong>Cita<\/strong>: Informe: la aparici\u00f3n de la variante alfa no condujo a una enfermedad m\u00e1s grave en ni\u00f1os ingresados en el hospital (2022, 22 de abril) consultado el 29 de agosto de 2022 de https:\/\/medicalxpress.com\/news\/2022-04-emergence-alpha-variant-severe-disease.html Este documento est\u00e1 sujeto a derechos de autor. Aparte de cualquier trato justo con fines de estudio o investigaci\u00f3n privados, ninguna parte puede reproducirse sin el permiso por escrito. El contenido se proporciona \u00fanicamente con fines informativos.<\/p>\n","protected":false},"excerpt":{"rendered":"<p>Cr\u00e9dito: Pixabay\/CC0 Dominio p\u00fablico Un nuevo estudio, publicado en la revista Pediatric Research, proporciona evidencia de que el n\u00famero de -La edad de los ni\u00f1os ingresados en el hospital con coronavirus no aument\u00f3 significativamente en la segunda ola de la enfermedad en comparaci\u00f3n con la primera ola en el Reino Unido como se pensaba anteriormente, &hellip; <a href=\"https:\/\/www.biblia.work\/articulos-salud\/informe-la-aparicion-de-la-variante-alfa-no-condujo-a-una-enfermedad-mas-grave-en-ninos-hospitalizados\/\" class=\"more-link\">Continuar leyendo<span class=\"screen-reader-text\"> \u00abInforme: la aparici\u00f3n de la variante alfa no condujo a una enfermedad m\u00e1s grave en ni\u00f1os hospitalizados\u00bb<\/span><\/a><\/p>\n","protected":false},"author":1,"featured_media":0,"comment_status":"","ping_status":"","sticky":false,"template":"","format":"standard","meta":{"footnotes":""},"categories":[1],"tags":[],"class_list":["post-11810","post","type-post","status-publish","format-standard","hentry","category-general"],"_links":{"self":[{"href":"https:\/\/www.biblia.work\/articulos-salud\/wp-json\/wp\/v2\/posts\/11810","targetHints":{"allow":["GET"]}}],"collection":[{"href":"https:\/\/www.biblia.work\/articulos-salud\/wp-json\/wp\/v2\/posts"}],"about":[{"href":"https:\/\/www.biblia.work\/articulos-salud\/wp-json\/wp\/v2\/types\/post"}],"author":[{"embeddable":true,"href":"https:\/\/www.biblia.work\/articulos-salud\/wp-json\/wp\/v2\/users\/1"}],"replies":[{"embeddable":true,"href":"https:\/\/www.biblia.work\/articulos-salud\/wp-json\/wp\/v2\/comments?post=11810"}],"version-history":[{"count":0,"href":"https:\/\/www.biblia.work\/articulos-salud\/wp-json\/wp\/v2\/posts\/11810\/revisions"}],"wp:attachment":[{"href":"https:\/\/www.biblia.work\/articulos-salud\/wp-json\/wp\/v2\/media?parent=11810"}],"wp:term":[{"taxonomy":"category","embeddable":true,"href":"https:\/\/www.biblia.work\/articulos-salud\/wp-json\/wp\/v2\/categories?post=11810"},{"taxonomy":"post_tag","embeddable":true,"href":"https:\/\/www.biblia.work\/articulos-salud\/wp-json\/wp\/v2\/tags?post=11810"}],"curies":[{"name":"wp","href":"https:\/\/api.w.org\/{rel}","templated":true}]}}