{"id":11817,"date":"2022-08-30T08:08:00","date_gmt":"2022-08-30T13:08:00","guid":{"rendered":"https:\/\/www.biblia.work\/articulos-salud\/el-deterioro-del-crecimiento-cerebral-prenatal-predice-resultados-adversos-del-desarrollo-neurologico-en-bebes-con-cardiopatia-congenita\/"},"modified":"2022-08-30T08:08:00","modified_gmt":"2022-08-30T13:08:00","slug":"el-deterioro-del-crecimiento-cerebral-prenatal-predice-resultados-adversos-del-desarrollo-neurologico-en-bebes-con-cardiopatia-congenita","status":"publish","type":"post","link":"https:\/\/www.biblia.work\/articulos-salud\/el-deterioro-del-crecimiento-cerebral-prenatal-predice-resultados-adversos-del-desarrollo-neurologico-en-bebes-con-cardiopatia-congenita\/","title":{"rendered":"El deterioro del crecimiento cerebral prenatal predice resultados adversos del desarrollo neurol\u00f3gico en beb\u00e9s con cardiopat\u00eda cong\u00e9nita"},"content":{"rendered":"<p>Cr\u00e9dito: Unsplash\/CC0 Dominio p\u00fablico <\/p>\n<p>Un nuevo estudio informa que las deficiencias selectivas en el crecimiento regional del cerebro fetal predicen resultados adversos cognitivos, motores y del lenguaje en beb\u00e9s con cardiopat\u00eda cong\u00e9nita. Curiosamente, los vol\u00famenes ventriculares fetales m\u00e1s grandes se asociaron con caracter\u00edsticas autistas tempranas. Los hallazgos del estudio se presentar\u00e1n durante la reuni\u00f3n de las Sociedades Acad\u00e9micas de Pediatr\u00eda (PAS) de 2022, que tendr\u00e1 lugar del 21 al 25 de abril en Denver. <\/p>\n<p>Los fetos con cardiopat\u00edas cong\u00e9nitas complejas tienen un mayor riesgo de deterioro del desarrollo cerebral prenatal. Sin embargo, la relaci\u00f3n entre el crecimiento cerebral fetal alterado en el \u00fatero y los resultados del desarrollo neurol\u00f3gico infantil en la cardiopat\u00eda cong\u00e9nita sigue siendo en gran parte desconocida.<\/p>\n<p>El estudio encontr\u00f3 que los beb\u00e9s con cardiopat\u00eda cong\u00e9nita de un solo ventr\u00edculo mostraban una mayor susceptibilidad a los problemas socioemocionales. problemas en comparaci\u00f3n con aquellos con cardiopat\u00eda cong\u00e9nita de dos ventr\u00edculos. Estos datos sugieren que las deficiencias en el crecimiento cerebral prenatal sirven como un biomarcador importante para la disfunci\u00f3n del desarrollo neurol\u00f3gico posterior.<\/p>\n<p>\u00abLos defectos card\u00edacos cong\u00e9nitos son los defectos de nacimiento m\u00e1s comunes, y muchos beb\u00e9s se someten a su primera cirug\u00eda poco despu\u00e9s del nacimiento\u00bb, dijo Yao. Wu, Ph.D., facultad de investigaci\u00f3n del Developing Brain Institute y autora principal del estudio. \u00abGracias a la medicina moderna, muchos de estos ni\u00f1os no solo sobreviven, sino que prosperan. Eso hace que sea a\u00fan m\u00e1s importante comprender si el retraso en el desarrollo del cerebro fetal durante el embarazo puede afectar el neurodesarrollo de estos ni\u00f1os a medida que crecen. Nuestro equipo de investigaci\u00f3n se inscribi\u00f3 186 fetos con lesiones card\u00edacas en este estudio, utilizando im\u00e1genes sofisticadas para responder a esa pregunta. En este estudio, mostramos que el crecimiento cerebral deficiente en el \u00fatero puede predecir un empeoramiento del lenguaje, los resultados cognitivos y motores para cuando los beb\u00e9s tengan 18 meses de edad\u00bb.<\/p>\n<p> Asociaci\u00f3n entre los vol\u00famenes del cerebro fetal y los resultados del desarrollo neurol\u00f3gico infantil de 18 meses en la enfermedad card\u00edaca cong\u00e9nita. Cr\u00e9dito: Children&#8217;s National Hospital <\/p>\n<p>Catherine Limperopoulos, Ph.D., directora y jefa del Instituto del Cerebro en Desarrollo y autora principal del estudio agreg\u00f3 que \u00abcuando los ni\u00f1os que sobreviven a un diagn\u00f3stico de cardiopat\u00eda cong\u00e9nita fetal ingresan a la escuela, pueden habilidades sociales y de comunicaci\u00f3n, as\u00ed como dificultad para tomar decisiones y prestar atenci\u00f3n.Nuestro estudio se suma al creciente cuerpo de evidencia que apunta a la necesidad de identificar estrategias preventivas y\/o terap\u00e9uticas tempranas para compensar estos retrasos en el desarrollo neurol\u00f3gico para que estos ni\u00f1os vivan m\u00e1s tiempo. , vidas m\u00e1s sanas\u00bb. <\/p>\n<p>Explore m\u00e1s<\/p>\n<p> Detecci\u00f3n del desarrollo extracard\u00edaco anormal en fetos con defectos card\u00edacos cong\u00e9nitos <strong>M\u00e1s informaci\u00f3n:<\/strong> Conferencia: www.pas-meeting.org\/ Proporcionado por la Sociedad Americana de Pediatr\u00eda <strong>Citaci\u00f3n<\/strong>: El deterioro del crecimiento cerebral prenatal predice resultados adversos del desarrollo neurol\u00f3gico en beb\u00e9s con cardiopat\u00eda cong\u00e9nita (22 de abril de 2022) consultado el 29 de agosto de 2022 de https:\/\/medicalxpress.com\/news\/2022-04-impaired-prenatal-brain-growth- adverso.html Este documento est\u00e1 sujeto a derechos de autor. Aparte de cualquier trato justo con fines de estudio o investigaci\u00f3n privados, ninguna parte puede reproducirse sin el permiso por escrito. El contenido se proporciona \u00fanicamente con fines informativos.<\/p>\n","protected":false},"excerpt":{"rendered":"<p>Cr\u00e9dito: Unsplash\/CC0 Dominio p\u00fablico Un nuevo estudio informa que las deficiencias selectivas en el crecimiento regional del cerebro fetal predicen resultados adversos cognitivos, motores y del lenguaje en beb\u00e9s con cardiopat\u00eda cong\u00e9nita. Curiosamente, los vol\u00famenes ventriculares fetales m\u00e1s grandes se asociaron con caracter\u00edsticas autistas tempranas. Los hallazgos del estudio se presentar\u00e1n durante la reuni\u00f3n de &hellip; <a href=\"https:\/\/www.biblia.work\/articulos-salud\/el-deterioro-del-crecimiento-cerebral-prenatal-predice-resultados-adversos-del-desarrollo-neurologico-en-bebes-con-cardiopatia-congenita\/\" class=\"more-link\">Continuar leyendo<span class=\"screen-reader-text\"> \u00abEl deterioro del crecimiento cerebral prenatal predice resultados adversos del desarrollo neurol\u00f3gico en beb\u00e9s con cardiopat\u00eda cong\u00e9nita\u00bb<\/span><\/a><\/p>\n","protected":false},"author":1,"featured_media":0,"comment_status":"","ping_status":"","sticky":false,"template":"","format":"standard","meta":{"footnotes":""},"categories":[1],"tags":[],"class_list":["post-11817","post","type-post","status-publish","format-standard","hentry","category-general"],"_links":{"self":[{"href":"https:\/\/www.biblia.work\/articulos-salud\/wp-json\/wp\/v2\/posts\/11817","targetHints":{"allow":["GET"]}}],"collection":[{"href":"https:\/\/www.biblia.work\/articulos-salud\/wp-json\/wp\/v2\/posts"}],"about":[{"href":"https:\/\/www.biblia.work\/articulos-salud\/wp-json\/wp\/v2\/types\/post"}],"author":[{"embeddable":true,"href":"https:\/\/www.biblia.work\/articulos-salud\/wp-json\/wp\/v2\/users\/1"}],"replies":[{"embeddable":true,"href":"https:\/\/www.biblia.work\/articulos-salud\/wp-json\/wp\/v2\/comments?post=11817"}],"version-history":[{"count":0,"href":"https:\/\/www.biblia.work\/articulos-salud\/wp-json\/wp\/v2\/posts\/11817\/revisions"}],"wp:attachment":[{"href":"https:\/\/www.biblia.work\/articulos-salud\/wp-json\/wp\/v2\/media?parent=11817"}],"wp:term":[{"taxonomy":"category","embeddable":true,"href":"https:\/\/www.biblia.work\/articulos-salud\/wp-json\/wp\/v2\/categories?post=11817"},{"taxonomy":"post_tag","embeddable":true,"href":"https:\/\/www.biblia.work\/articulos-salud\/wp-json\/wp\/v2\/tags?post=11817"}],"curies":[{"name":"wp","href":"https:\/\/api.w.org\/{rel}","templated":true}]}}