{"id":11820,"date":"2022-08-30T08:08:07","date_gmt":"2022-08-30T13:08:07","guid":{"rendered":"https:\/\/www.biblia.work\/articulos-salud\/estudio-examina-la-vacilacion-y-la-aceptacion-de-la-vacuna-covid-19-en-la-comunidad-de-autistas\/"},"modified":"2022-08-30T08:08:07","modified_gmt":"2022-08-30T13:08:07","slug":"estudio-examina-la-vacilacion-y-la-aceptacion-de-la-vacuna-covid-19-en-la-comunidad-de-autistas","status":"publish","type":"post","link":"https:\/\/www.biblia.work\/articulos-salud\/estudio-examina-la-vacilacion-y-la-aceptacion-de-la-vacuna-covid-19-en-la-comunidad-de-autistas\/","title":{"rendered":"Estudio examina la vacilaci\u00f3n y la aceptaci\u00f3n de la vacuna COVID-19 en la comunidad de autistas"},"content":{"rendered":"<p>Cr\u00e9dito: Unsplash\/CC0 Dominio p\u00fablico <\/p>\n<p>Un nuevo estudio examina los factores asociados con la vacilaci\u00f3n y la aceptaci\u00f3n de la vacuna COVID-19 en la comunidad de autistas. Los hallazgos del estudio se presentar\u00e1n durante la reuni\u00f3n de las Sociedades Acad\u00e9micas de Pediatr\u00eda (PAS) de 2022, que tendr\u00e1 lugar del 21 al 25 de abril en Denver. <\/p>\n<p>Las personas con trastorno del espectro autista tienen un mayor riesgo de hospitalizaci\u00f3n por COVID-19. Las vacunas reducen la probabilidad de infecci\u00f3n por COVID-19 y la gravedad de la enfermedad. Hist\u00f3ricamente, los padres de ni\u00f1os con trastorno del espectro autista tienen m\u00e1s probabilidades de dudar de las vacunas, por lo que retrasan o rechazan las vacunas infantiles.<\/p>\n<p>El estudio encontr\u00f3 que las primeras dudas sobre la vacuna contra el COVID-19 disminuyeron con el tiempo y la mayor\u00eda de los cuidadores y dependientes recibi\u00f3 la vacuna despu\u00e9s de la aprobaci\u00f3n de la FDA. Las creencias firmemente arraigadas sobre las dudas sobre las vacunas, no espec\u00edficas de la COVID-19, influyeron en la aceptaci\u00f3n de las vacunas en una minor\u00eda de cuidadores con trastornos del espectro autista.<\/p>\n<p>\u00abRealizamos este estudio para comprender mejor c\u00f3mo las dudas iniciales sobre las vacunas en la comunidad con autismo, que es m\u00e1s alta que la poblaci\u00f3n general, estaba afectando la toma de decisiones de los padres sobre las vacunas COVID-19\u00bb, dijo J. Kiely Law, MD, MPH, director de operaciones de investigaci\u00f3n en SPARK, una iniciativa de investigaci\u00f3n del autismo de la Fundaci\u00f3n Simons. \u00abEsto fue especialmente importante de entender, ya que otros estudios encontraron que los ni\u00f1os con discapacidades del desarrollo, como el autismo, ten\u00edan un mayor riesgo de hospitalizaci\u00f3n debido a la COVID-19. Vacunar a los ni\u00f1os fue fundamental para reducir este riesgo\u00bb.<\/p>\n<p> Caracter\u00edsticas de los participantes &amp; Duda sobre la vacuna COVID-19 en el Momento 1 (aprobaci\u00f3n previa de vacunas). Cr\u00e9dito: Instituto Kennedy Krieger <\/p>\n<p>Dr. Law agreg\u00f3 que \u00abdesde el principio, el 60 % de los padres dudaban de que sus hijos recibieran la vacuna contra la COVID-19. Diez meses despu\u00e9s, fue tranquilizador ver que la mayor\u00eda de los padres de nuestro estudio tomaron la decisi\u00f3n de que sus hijos con autismo recibieran vacunado\u00bb. <\/p>\n<p>Explore m\u00e1s<\/p>\n<p> El estudio revela la reticencia entre los padres de la ciudad de Nueva York a vacunar a los ni\u00f1os peque\u00f1os contra el COVID-19 <strong>M\u00e1s informaci\u00f3n:<\/strong> Conferencia: www.pas-meeting.org\/ Proporcionado por la Sociedad Estadounidense de Pediatr\u00eda <strong>Cita<\/strong>: El estudio examina la vacilaci\u00f3n y la aceptaci\u00f3n de la vacuna COVID-19 en la comunidad de autistas (22 de abril de 2022) recuperado el 29 de agosto de 2022 de https:\/\/medicalxpress.com\/news\/2022-04-covid-vaccine- hesitant-uptake-autism.html Este documento est\u00e1 sujeto a derechos de autor. Aparte de cualquier trato justo con fines de estudio o investigaci\u00f3n privados, ninguna parte puede reproducirse sin el permiso por escrito. El contenido se proporciona \u00fanicamente con fines informativos.<\/p>\n","protected":false},"excerpt":{"rendered":"<p>Cr\u00e9dito: Unsplash\/CC0 Dominio p\u00fablico Un nuevo estudio examina los factores asociados con la vacilaci\u00f3n y la aceptaci\u00f3n de la vacuna COVID-19 en la comunidad de autistas. Los hallazgos del estudio se presentar\u00e1n durante la reuni\u00f3n de las Sociedades Acad\u00e9micas de Pediatr\u00eda (PAS) de 2022, que tendr\u00e1 lugar del 21 al 25 de abril en Denver. &hellip; <a href=\"https:\/\/www.biblia.work\/articulos-salud\/estudio-examina-la-vacilacion-y-la-aceptacion-de-la-vacuna-covid-19-en-la-comunidad-de-autistas\/\" class=\"more-link\">Continuar leyendo<span class=\"screen-reader-text\"> \u00abEstudio examina la vacilaci\u00f3n y la aceptaci\u00f3n de la vacuna COVID-19 en la comunidad de autistas\u00bb<\/span><\/a><\/p>\n","protected":false},"author":1,"featured_media":0,"comment_status":"","ping_status":"","sticky":false,"template":"","format":"standard","meta":{"footnotes":""},"categories":[1],"tags":[],"class_list":["post-11820","post","type-post","status-publish","format-standard","hentry","category-general"],"_links":{"self":[{"href":"https:\/\/www.biblia.work\/articulos-salud\/wp-json\/wp\/v2\/posts\/11820","targetHints":{"allow":["GET"]}}],"collection":[{"href":"https:\/\/www.biblia.work\/articulos-salud\/wp-json\/wp\/v2\/posts"}],"about":[{"href":"https:\/\/www.biblia.work\/articulos-salud\/wp-json\/wp\/v2\/types\/post"}],"author":[{"embeddable":true,"href":"https:\/\/www.biblia.work\/articulos-salud\/wp-json\/wp\/v2\/users\/1"}],"replies":[{"embeddable":true,"href":"https:\/\/www.biblia.work\/articulos-salud\/wp-json\/wp\/v2\/comments?post=11820"}],"version-history":[{"count":0,"href":"https:\/\/www.biblia.work\/articulos-salud\/wp-json\/wp\/v2\/posts\/11820\/revisions"}],"wp:attachment":[{"href":"https:\/\/www.biblia.work\/articulos-salud\/wp-json\/wp\/v2\/media?parent=11820"}],"wp:term":[{"taxonomy":"category","embeddable":true,"href":"https:\/\/www.biblia.work\/articulos-salud\/wp-json\/wp\/v2\/categories?post=11820"},{"taxonomy":"post_tag","embeddable":true,"href":"https:\/\/www.biblia.work\/articulos-salud\/wp-json\/wp\/v2\/tags?post=11820"}],"curies":[{"name":"wp","href":"https:\/\/api.w.org\/{rel}","templated":true}]}}