{"id":11829,"date":"2022-08-30T08:08:28","date_gmt":"2022-08-30T13:08:28","guid":{"rendered":"https:\/\/www.biblia.work\/articulos-salud\/aumento-la-hospitalizacion-de-ninos-relacionada-con-covid-19-durante-omicron\/"},"modified":"2022-08-30T08:08:28","modified_gmt":"2022-08-30T13:08:28","slug":"aumento-la-hospitalizacion-de-ninos-relacionada-con-covid-19-durante-omicron","status":"publish","type":"post","link":"https:\/\/www.biblia.work\/articulos-salud\/aumento-la-hospitalizacion-de-ninos-relacionada-con-covid-19-durante-omicron\/","title":{"rendered":"Aument\u00f3 la hospitalizaci\u00f3n de ni\u00f1os relacionada con COVID-19 durante omicron"},"content":{"rendered":"<p>Durante el per\u00edodo de predominio de omicron, aument\u00f3 la hospitalizaci\u00f3n asociada con COVID-19 entre ni\u00f1os de 5 a 11 a\u00f1os, incluso entre aquellos sin condiciones de salud subyacentes, seg\u00fan una investigaci\u00f3n publicada en la edici\u00f3n del 22 de abril del Informe semanal de morbilidad y mortalidad de los Centros para el Control y la Prevenci\u00f3n de Enfermedades de EE. UU. <\/p>\n<p>Dallas S. Shi, MD, Ph.D., del Equipo de Respuesta a Emergencias por COVID-19 de los CDC, y sus colegas analizaron datos de la Red de Vigilancia de Hospitalizaciones Asociadas con COVID-19 para describir las caracter\u00edsticas de las hospitalizaciones asociadas con COVID-19 entre 1,475 ni\u00f1os estadounidenses de 5 a 11 a\u00f1os durante la pandemia, enfoc\u00e1ndose del 19 de diciembre de 2021 al 28 de febrero de 2022, que fue el per\u00edodo de predominio temprano de omicrones.<\/p>\n<p>Los investigadores encontraron que el 87 por ciento de los 397 ni\u00f1os hospitalizados durante el per\u00edodo de predominio de omicron no estaban vacunados; El 30 por ciento no ten\u00eda condiciones m\u00e9dicas subyacentes y el 19 por ciento ingres\u00f3 en una unidad de cuidados intensivos. Durante el per\u00edodo predominante de omicr\u00f3n, la tasa de hospitalizaci\u00f3n acumulada fue 2,1 veces mayor entre los ni\u00f1os no vacunados frente a los vacunados (19,1 frente a 9,2 por 100.000 habitantes). La mayor proporci\u00f3n de ni\u00f1os no vacunados (34 por ciento) eran ni\u00f1os negros no hispanos, y representaron alrededor de un tercio de las hospitalizaciones asociadas con COVID-19 en este grupo de edad. La probabilidad de experimentar una COVID-19 grave aument\u00f3 para los ni\u00f1os con diabetes y obesidad.<\/p>\n<p>\u00abAumentar la cobertura de vacunaci\u00f3n contra la COVID-19 entre los ni\u00f1os de 5 a 11 a\u00f1os, con especial atenci\u00f3n a los grupos minoritarios raciales y \u00e9tnicos afectados de manera desproporcionada por COVID-19, es fundamental para reducir la morbilidad asociada con COVID-19\u00bb, escriben los autores.<\/p>\n<p>Un autor revel\u00f3 v\u00ednculos financieros con la industria farmac\u00e9utica. <\/p>\n<p>Explore m\u00e1s<\/p>\n<p> Hospitalizaci\u00f3n de beb\u00e9s, ni\u00f1os de 0 a 4 a\u00f1os durante Omicron <strong>M\u00e1s informaci\u00f3n:<\/strong> Dallas S. Shi et al, Hospitalizations of Children Aged 511 Years with Laboratory-Confirmed COVID- 19COVID-NET, 14 estados, marzo de 2020 febrero de 2022, MMWR. Informe Semanal de Morbilidad y Mortalidad (2022). DOI: 10.15585\/mmwr.mm7116e1 <strong>Informaci\u00f3n de la revista:<\/strong> Informe semanal de morbilidad y mortalidad <\/p>\n<p> 2022 HealthDay. Reservados todos los derechos. <\/p>\n<p> <strong>Cita<\/strong>: hospitalizaci\u00f3n de ni\u00f1os relacionada con COVID-19 durante omicron (22 de abril de 2022) consultado el 29 de agosto de 2022 en https:\/\/medicalxpress.com\/news\/2022-04-covid -linked-hospitalization-children-omicron.html Este documento est\u00e1 sujeto a derechos de autor. Aparte de cualquier trato justo con fines de estudio o investigaci\u00f3n privados, ninguna parte puede reproducirse sin el permiso por escrito. El contenido se proporciona \u00fanicamente con fines informativos.<\/p>\n","protected":false},"excerpt":{"rendered":"<p>Durante el per\u00edodo de predominio de omicron, aument\u00f3 la hospitalizaci\u00f3n asociada con COVID-19 entre ni\u00f1os de 5 a 11 a\u00f1os, incluso entre aquellos sin condiciones de salud subyacentes, seg\u00fan una investigaci\u00f3n publicada en la edici\u00f3n del 22 de abril del Informe semanal de morbilidad y mortalidad de los Centros para el Control y la Prevenci\u00f3n &hellip; <a href=\"https:\/\/www.biblia.work\/articulos-salud\/aumento-la-hospitalizacion-de-ninos-relacionada-con-covid-19-durante-omicron\/\" class=\"more-link\">Continuar leyendo<span class=\"screen-reader-text\"> \u00abAument\u00f3 la hospitalizaci\u00f3n de ni\u00f1os relacionada con COVID-19 durante omicron\u00bb<\/span><\/a><\/p>\n","protected":false},"author":1,"featured_media":0,"comment_status":"","ping_status":"","sticky":false,"template":"","format":"standard","meta":{"footnotes":""},"categories":[1],"tags":[],"class_list":["post-11829","post","type-post","status-publish","format-standard","hentry","category-general"],"_links":{"self":[{"href":"https:\/\/www.biblia.work\/articulos-salud\/wp-json\/wp\/v2\/posts\/11829","targetHints":{"allow":["GET"]}}],"collection":[{"href":"https:\/\/www.biblia.work\/articulos-salud\/wp-json\/wp\/v2\/posts"}],"about":[{"href":"https:\/\/www.biblia.work\/articulos-salud\/wp-json\/wp\/v2\/types\/post"}],"author":[{"embeddable":true,"href":"https:\/\/www.biblia.work\/articulos-salud\/wp-json\/wp\/v2\/users\/1"}],"replies":[{"embeddable":true,"href":"https:\/\/www.biblia.work\/articulos-salud\/wp-json\/wp\/v2\/comments?post=11829"}],"version-history":[{"count":0,"href":"https:\/\/www.biblia.work\/articulos-salud\/wp-json\/wp\/v2\/posts\/11829\/revisions"}],"wp:attachment":[{"href":"https:\/\/www.biblia.work\/articulos-salud\/wp-json\/wp\/v2\/media?parent=11829"}],"wp:term":[{"taxonomy":"category","embeddable":true,"href":"https:\/\/www.biblia.work\/articulos-salud\/wp-json\/wp\/v2\/categories?post=11829"},{"taxonomy":"post_tag","embeddable":true,"href":"https:\/\/www.biblia.work\/articulos-salud\/wp-json\/wp\/v2\/tags?post=11829"}],"curies":[{"name":"wp","href":"https:\/\/api.w.org\/{rel}","templated":true}]}}