{"id":143,"date":"2022-08-29T22:24:54","date_gmt":"2022-08-30T03:24:54","guid":{"rendered":"https:\/\/www.biblia.work\/articulos-salud\/el-canciller-austriaco-amenaza-con-encierro-para-los-no-vacunados\/"},"modified":"2022-08-29T22:24:54","modified_gmt":"2022-08-30T03:24:54","slug":"el-canciller-austriaco-amenaza-con-encierro-para-los-no-vacunados","status":"publish","type":"post","link":"https:\/\/www.biblia.work\/articulos-salud\/el-canciller-austriaco-amenaza-con-encierro-para-los-no-vacunados\/","title":{"rendered":"El canciller austriaco amenaza con encierro para los no vacunados"},"content":{"rendered":"<p>El canciller de Austria, Alexander Schallenberg, llega a una cumbre de la UE en Bruselas, el viernes 22 de octubre de 2021. Los l\u00edderes de la Uni\u00f3n Europea concluyen el viernes una cumbre de dos d\u00edas en la que discuten temas como el cambio clim\u00e1tico, la crisis energ\u00e9tica, los desarrollos de COVID-19 y la migraci\u00f3n. Cr\u00e9dito: Olivier Hoslet, Pool Photo v\u00eda AP <\/p>\n<p>Las personas no vacunadas en Austria podr\u00edan enfrentar nuevas restricciones de confinamiento si el n\u00famero de casos de coronavirus sigue aumentando, dijo el canciller Alexander Schallenberg. <\/p>\n<p>La noticia lleg\u00f3 despu\u00e9s de una reuni\u00f3n del viernes por la noche entre Schallenberg y los l\u00edderes estatales para discutir su respuesta al r\u00e1pido aumento del n\u00famero de casos.<\/p>\n<p>\u00abLa pandemia a\u00fan no est\u00e1 en el espejo retrovisor\u00bb, dijo Schallenberg. \u00abEstamos a punto de tropezar con una pandemia de no vacunados\u00bb.<\/p>\n<p>Schallenberg anunci\u00f3 que si el n\u00famero de pacientes con COVID-19 en unidades de cuidados intensivos llega a 500, o el 25 % de la capacidad total de UCI del pa\u00eds, la entrada en negocios como restaurantes y hoteles se limitar\u00e1 a aquellos que est\u00e9n vacunados o recuperados del virus.<\/p>\n<p>Si el n\u00famero llega a 600, o un tercio de la capacidad total de la UCI, el gobierno planea imponer restricciones a personas no vacunadas. En este caso, solo se les permitir\u00eda salir de sus casas por motivos espec\u00edficos.<\/p>\n<p>Actualmente, el n\u00famero de pacientes con COVID-19 en UCI se sit\u00faa en 220.<\/p>\n<p>En la \u00faltima semana Austria ha informado de 20.408 nuevos casos del virus, seg\u00fan las autoridades sanitarias, lo que eleva la media de siete d\u00edas a 228,5 por cada 100.000 habitantes. Una semana antes, esa cifra era de 152,5 por cada 100.000 habitantes.<\/p>\n<p>Aunque el gobierno de Austria ha alentado a los ciudadanos a vacunarse, el esfuerzo se ha ralentizado en los \u00faltimos meses. Alrededor del 65,4% de la poblaci\u00f3n total ha recibido una dosis de la vacuna y el 62,2% est\u00e1 completamente vacunado. <\/p>\n<p>Explore m\u00e1s<\/p>\n<p> Letonia impondr\u00e1 bloqueo por pico de covid <\/p>\n<p> 2021 The Associated Press. Reservados todos los derechos. Este material no puede ser publicado, transmitido, reescrito o redistribuido sin permiso. <\/p>\n<p> <strong>Cita<\/strong>: El canciller austriaco amenaza con el encierro para los no vacunados (24 de octubre de 2021) recuperado el 29 de agosto de 2022 de https:\/\/medicalxpress.com\/news\/2021-10-austrian-chancellor-threatens- lockdown-unvaccinated.html Este documento est\u00e1 sujeto a derechos de autor. Aparte de cualquier trato justo con fines de estudio o investigaci\u00f3n privados, ninguna parte puede reproducirse sin el permiso por escrito. El contenido se proporciona \u00fanicamente con fines informativos.<\/p>\n","protected":false},"excerpt":{"rendered":"<p>El canciller de Austria, Alexander Schallenberg, llega a una cumbre de la UE en Bruselas, el viernes 22 de octubre de 2021. Los l\u00edderes de la Uni\u00f3n Europea concluyen el viernes una cumbre de dos d\u00edas en la que discuten temas como el cambio clim\u00e1tico, la crisis energ\u00e9tica, los desarrollos de COVID-19 y la migraci\u00f3n. &hellip; <a href=\"https:\/\/www.biblia.work\/articulos-salud\/el-canciller-austriaco-amenaza-con-encierro-para-los-no-vacunados\/\" class=\"more-link\">Continuar leyendo<span class=\"screen-reader-text\"> \u00abEl canciller austriaco amenaza con encierro para los no vacunados\u00bb<\/span><\/a><\/p>\n","protected":false},"author":1,"featured_media":0,"comment_status":"","ping_status":"","sticky":false,"template":"","format":"standard","meta":{"footnotes":""},"categories":[1],"tags":[],"class_list":["post-143","post","type-post","status-publish","format-standard","hentry","category-general"],"_links":{"self":[{"href":"https:\/\/www.biblia.work\/articulos-salud\/wp-json\/wp\/v2\/posts\/143","targetHints":{"allow":["GET"]}}],"collection":[{"href":"https:\/\/www.biblia.work\/articulos-salud\/wp-json\/wp\/v2\/posts"}],"about":[{"href":"https:\/\/www.biblia.work\/articulos-salud\/wp-json\/wp\/v2\/types\/post"}],"author":[{"embeddable":true,"href":"https:\/\/www.biblia.work\/articulos-salud\/wp-json\/wp\/v2\/users\/1"}],"replies":[{"embeddable":true,"href":"https:\/\/www.biblia.work\/articulos-salud\/wp-json\/wp\/v2\/comments?post=143"}],"version-history":[{"count":0,"href":"https:\/\/www.biblia.work\/articulos-salud\/wp-json\/wp\/v2\/posts\/143\/revisions"}],"wp:attachment":[{"href":"https:\/\/www.biblia.work\/articulos-salud\/wp-json\/wp\/v2\/media?parent=143"}],"wp:term":[{"taxonomy":"category","embeddable":true,"href":"https:\/\/www.biblia.work\/articulos-salud\/wp-json\/wp\/v2\/categories?post=143"},{"taxonomy":"post_tag","embeddable":true,"href":"https:\/\/www.biblia.work\/articulos-salud\/wp-json\/wp\/v2\/tags?post=143"}],"curies":[{"name":"wp","href":"https:\/\/api.w.org\/{rel}","templated":true}]}}