{"id":145,"date":"2022-08-29T22:24:57","date_gmt":"2022-08-30T03:24:57","guid":{"rendered":"https:\/\/www.biblia.work\/articulos-salud\/la-tasa-de-covid-de-alemania-alcanza-el-nivel-mas-alto-desde-mayo\/"},"modified":"2022-08-29T22:24:57","modified_gmt":"2022-08-30T03:24:57","slug":"la-tasa-de-covid-de-alemania-alcanza-el-nivel-mas-alto-desde-mayo","status":"publish","type":"post","link":"https:\/\/www.biblia.work\/articulos-salud\/la-tasa-de-covid-de-alemania-alcanza-el-nivel-mas-alto-desde-mayo\/","title":{"rendered":"La tasa de COVID de Alemania alcanza el nivel m\u00e1s alto desde mayo"},"content":{"rendered":"<p>Cr\u00e9dito: Unsplash\/CC0 Public Domain <\/p>\n<p>La tasa de incidencia de coronavirus de siete d\u00edas en Alemania alcanz\u00f3 las 100 infecciones por cada 100,000 personas el s\u00e1bado por primera vez desde mayo, luego de un aumento en los casos en los \u00faltimos semanas. <\/p>\n<p>El n\u00famero lleg\u00f3 a 100 despu\u00e9s de haber aumentado de 68,7 hace solo ocho d\u00edas, dijo el instituto de salud Robert Koch (RKI).<\/p>\n<p>El hito se produce un d\u00eda despu\u00e9s de que el Ministerio de Salud alem\u00e1n advirtiera que \u00abestamos viendo un la escalada de la situaci\u00f3n\u00bb.<\/p>\n<p>La tendencia al alza \u00abse hizo visible en casi todos los grupos de edad durante la \u00faltima semana y es de esperar que el aumento en el n\u00famero de casos se acelere en el transcurso del oto\u00f1o e invierno\u00bb, dijo el portavoz del Ministerio de Salud, Oliver Ewald.<\/p>\n<p>Alemania registr\u00f3 86 nuevas muertes por COVID-19 el s\u00e1bado, y el n\u00famero total del pa\u00eds aument\u00f3 a 95.077, seg\u00fan cifras oficiales.<\/p>\n<p>Hay tambi\u00e9n se registraron 15.145 nuevas infecciones en 24 horas, cifra que aument\u00f3 un 31 por ciento en los \u00faltimos ocho d\u00edas.<\/p>\n<p>El Ministerio de Salud dijo el viernes que el aumento de casos a\u00fan no hab\u00eda llevado a una \u00abdin\u00e1mica creciente\u00bb en Pacientes con COVID que necesitan cuidados intensivos.<\/p>\n<p>Sin embargo, la asociaci\u00f3n alemana de cuidados intensivos DIVI expres\u00f3 su alarma.<\/p>\n<p>Chris, experto s\u00e9nior de DIVI tian Karagiannidis escribi\u00f3 en Twitter que hab\u00eda una \u00abcorrelaci\u00f3n muy estrecha\u00bb entre las tasas de incidencia y los nuevos ingresos hospitalarios por COVID.<\/p>\n<p>\u00abLa verdadera cuarta ola est\u00e1 comenzando ahora y est\u00e1 cobrando velocidad\u00bb, tuite\u00f3.<\/p>\n<p>M\u00e1s del 66 por ciento de la poblaci\u00f3n de Alemania, un pa\u00eds de unos 83 millones de habitantes, est\u00e1 completamente vacunado contra el COVID.<\/p>\n<p>Casi el 70 por ciento ha recibido una primera dosis. <\/p>\n<p>Explore m\u00e1s<\/p>\n<p> Alemania advierte sobre una &#8216;escalada&#8217; en los casos de Covid <\/p>\n<p> 2021 AFP <\/p>\n<p> <strong>Cita<\/strong>: La tasa de COVID de Alemania alcanza el nivel m\u00e1s alto desde mayo (2021, 24 de octubre) recuperado el 29 de agosto de 2022 de https:\/\/medicalxpress.com\/news\/2021-10-germany-covid-highest.html Este documento est\u00e1 sujeto a derechos de autor. Aparte de cualquier trato justo con fines de estudio o investigaci\u00f3n privados, ninguna parte puede reproducirse sin el permiso por escrito. El contenido se proporciona \u00fanicamente con fines informativos.<\/p>\n","protected":false},"excerpt":{"rendered":"<p>Cr\u00e9dito: Unsplash\/CC0 Public Domain La tasa de incidencia de coronavirus de siete d\u00edas en Alemania alcanz\u00f3 las 100 infecciones por cada 100,000 personas el s\u00e1bado por primera vez desde mayo, luego de un aumento en los casos en los \u00faltimos semanas. El n\u00famero lleg\u00f3 a 100 despu\u00e9s de haber aumentado de 68,7 hace solo ocho &hellip; <a href=\"https:\/\/www.biblia.work\/articulos-salud\/la-tasa-de-covid-de-alemania-alcanza-el-nivel-mas-alto-desde-mayo\/\" class=\"more-link\">Continuar leyendo<span class=\"screen-reader-text\"> \u00abLa tasa de COVID de Alemania alcanza el nivel m\u00e1s alto desde mayo\u00bb<\/span><\/a><\/p>\n","protected":false},"author":1,"featured_media":0,"comment_status":"","ping_status":"","sticky":false,"template":"","format":"standard","meta":{"footnotes":""},"categories":[1],"tags":[],"class_list":["post-145","post","type-post","status-publish","format-standard","hentry","category-general"],"_links":{"self":[{"href":"https:\/\/www.biblia.work\/articulos-salud\/wp-json\/wp\/v2\/posts\/145","targetHints":{"allow":["GET"]}}],"collection":[{"href":"https:\/\/www.biblia.work\/articulos-salud\/wp-json\/wp\/v2\/posts"}],"about":[{"href":"https:\/\/www.biblia.work\/articulos-salud\/wp-json\/wp\/v2\/types\/post"}],"author":[{"embeddable":true,"href":"https:\/\/www.biblia.work\/articulos-salud\/wp-json\/wp\/v2\/users\/1"}],"replies":[{"embeddable":true,"href":"https:\/\/www.biblia.work\/articulos-salud\/wp-json\/wp\/v2\/comments?post=145"}],"version-history":[{"count":0,"href":"https:\/\/www.biblia.work\/articulos-salud\/wp-json\/wp\/v2\/posts\/145\/revisions"}],"wp:attachment":[{"href":"https:\/\/www.biblia.work\/articulos-salud\/wp-json\/wp\/v2\/media?parent=145"}],"wp:term":[{"taxonomy":"category","embeddable":true,"href":"https:\/\/www.biblia.work\/articulos-salud\/wp-json\/wp\/v2\/categories?post=145"},{"taxonomy":"post_tag","embeddable":true,"href":"https:\/\/www.biblia.work\/articulos-salud\/wp-json\/wp\/v2\/tags?post=145"}],"curies":[{"name":"wp","href":"https:\/\/api.w.org\/{rel}","templated":true}]}}