{"id":178,"date":"2022-08-29T22:25:53","date_gmt":"2022-08-30T03:25:53","guid":{"rendered":"https:\/\/www.biblia.work\/articulos-salud\/investigadores-que-investigan-los-sintomas-cerebrales-de-la-covid-19\/"},"modified":"2022-08-29T22:25:53","modified_gmt":"2022-08-30T03:25:53","slug":"investigadores-que-investigan-los-sintomas-cerebrales-de-la-covid-19","status":"publish","type":"post","link":"https:\/\/www.biblia.work\/articulos-salud\/investigadores-que-investigan-los-sintomas-cerebrales-de-la-covid-19\/","title":{"rendered":"Investigadores que investigan los s\u00edntomas cerebrales de la COVID-19"},"content":{"rendered":"<p>Cr\u00e9dito: Unsplash\/CC0 Dominio p\u00fablico <\/p>\n<p>Los pacientes diagnosticados con la COVID-19 pueden mostrar s\u00edntomas neurol\u00f3gicos, como p\u00e9rdida del olfato, delirio y deterioro cognitivo. Los investigadores de Mayo Clinic est\u00e1n investigando estos efectos secundarios para determinar si la infecci\u00f3n por COVID-19 influye en el desarrollo o la progresi\u00f3n de la enfermedad de Alzheimer y las demencias relacionadas con la enfermedad de Alzheimer (ADRD). <\/p>\n<p>Si bien la COVID-19 se considera principalmente una enfermedad respiratoria, los esc\u00e1neres cerebrales y los estudios neuropatol\u00f3gicos confirman anomal\u00edas cerebrales en algunos pacientes infectados con la COVID-19. Adem\u00e1s, un estudio reciente de Mayo revel\u00f3 que aproximadamente la mitad de los pacientes hospitalizados con COVID-19 tienen niveles elevados de neurofilamento ligero en la sangre. Esta prote\u00edna est\u00e1 presente solo en las neuronas, que transportan y transmiten se\u00f1ales el\u00e9ctricas por todo el sistema nervioso, y su detecci\u00f3n en la sangre indica lesi\u00f3n neuronal.<\/p>\n<p>Para examinar m\u00e1s a fondo ese hallazgo, un equipo dirigido por Leonard Petrucelli, Ph. D., neurocient\u00edfico molecular de Mayo Clinic, y James Meschia, MD, neur\u00f3logo de Mayo Clinic, est\u00e1n preparados para investigar preguntas clave sobre los efectos de la COVID-19 en el cerebro y evaluar las implicaciones neurol\u00f3gicas a largo plazo de la infecci\u00f3n por COVID-19. El Dr. Petrucelli es profesor de neurociencia Ralph B. y Ruth K. Abrams.<\/p>\n<p>Los adultos de 65 a\u00f1os o m\u00e1s son especialmente vulnerables a la COVID-19 y tienen un mayor riesgo de desarrollar demencias relacionadas con la enfermedad de Alzheimer.<\/p>\n<p>Los investigadores planean estudiar:<\/p>\n<ul>\n<li>Prote\u00edna ligera del neurofilamento sangu\u00edneo.<\/li>\n<li>Otras prote\u00ednas asociadas con la enfermedad de Alzheimer, como tau y beta amiloide.<\/li>\n<li>Cambios en la cognici\u00f3n, el comportamiento y la funci\u00f3n diaria relacionados con trastornos neurodegenerativos, que pueden ser desenmascarados o acelerados por COVID-19.<\/li>\n<\/ul>\n<p>Las im\u00e1genes para marcadores de neuroinflamaci\u00f3n cerebral y patolog\u00eda beta amiloide pueden ayudar los investigadores determinan si la neuroinflamaci\u00f3n asociada con COVID-19 desencadena o acelera la acumulaci\u00f3n de beta amiloide.<\/p>\n<p>Esta investigaci\u00f3n est\u00e1 financiada por una subvenci\u00f3n del Instituto Nacional de Trastornos Neurol\u00f3gicos y Accidentes Cerebrovasculares bajo el premio 3R35NS097273-05S1.<\/p>\n<p>\u00abCon este premio, y aprovechando la vasta experiencia de nuestro equipo multidisciplinario, estamos bien p Est\u00e1 dise\u00f1ado para dilucidar el impacto de la COVID-19 en el cerebro y su contribuci\u00f3n a la informaci\u00f3n necesaria sobre los ADRD en nuestra b\u00fasqueda para combatir estas consecuencias perjudiciales\u00bb, dice el Dr. Petrucelli. <\/p>\n<p>Explore m\u00e1s<\/p>\n<p> El Alzheimer y el COVID-19 comparten un factor de riesgo gen\u00e9tico <\/p>\n<p> 2021 Mayo Clinic News Network.<\/p>\n<p>Distribuido por Tribune Content Agency, LLC. <\/p>\n<p> <strong>Cita<\/strong>: Investigadores que investigan los s\u00edntomas cerebrales de COVID-19 (22 de octubre de 2021) consultado el 29 de agosto de 2022 de https:\/\/medicalxpress.com\/news\/2021-10-covid-brain-symptoms .html Este documento est\u00e1 sujeto a derechos de autor. Aparte de cualquier trato justo con fines de estudio o investigaci\u00f3n privados, ninguna parte puede reproducirse sin el permiso por escrito. El contenido se proporciona \u00fanicamente con fines informativos.<\/p>\n","protected":false},"excerpt":{"rendered":"<p>Cr\u00e9dito: Unsplash\/CC0 Dominio p\u00fablico Los pacientes diagnosticados con la COVID-19 pueden mostrar s\u00edntomas neurol\u00f3gicos, como p\u00e9rdida del olfato, delirio y deterioro cognitivo. Los investigadores de Mayo Clinic est\u00e1n investigando estos efectos secundarios para determinar si la infecci\u00f3n por COVID-19 influye en el desarrollo o la progresi\u00f3n de la enfermedad de Alzheimer y las demencias relacionadas &hellip; <a href=\"https:\/\/www.biblia.work\/articulos-salud\/investigadores-que-investigan-los-sintomas-cerebrales-de-la-covid-19\/\" class=\"more-link\">Continuar leyendo<span class=\"screen-reader-text\"> \u00abInvestigadores que investigan los s\u00edntomas cerebrales de la COVID-19\u00bb<\/span><\/a><\/p>\n","protected":false},"author":1,"featured_media":0,"comment_status":"","ping_status":"","sticky":false,"template":"","format":"standard","meta":{"footnotes":""},"categories":[1],"tags":[],"class_list":["post-178","post","type-post","status-publish","format-standard","hentry","category-general"],"_links":{"self":[{"href":"https:\/\/www.biblia.work\/articulos-salud\/wp-json\/wp\/v2\/posts\/178","targetHints":{"allow":["GET"]}}],"collection":[{"href":"https:\/\/www.biblia.work\/articulos-salud\/wp-json\/wp\/v2\/posts"}],"about":[{"href":"https:\/\/www.biblia.work\/articulos-salud\/wp-json\/wp\/v2\/types\/post"}],"author":[{"embeddable":true,"href":"https:\/\/www.biblia.work\/articulos-salud\/wp-json\/wp\/v2\/users\/1"}],"replies":[{"embeddable":true,"href":"https:\/\/www.biblia.work\/articulos-salud\/wp-json\/wp\/v2\/comments?post=178"}],"version-history":[{"count":0,"href":"https:\/\/www.biblia.work\/articulos-salud\/wp-json\/wp\/v2\/posts\/178\/revisions"}],"wp:attachment":[{"href":"https:\/\/www.biblia.work\/articulos-salud\/wp-json\/wp\/v2\/media?parent=178"}],"wp:term":[{"taxonomy":"category","embeddable":true,"href":"https:\/\/www.biblia.work\/articulos-salud\/wp-json\/wp\/v2\/categories?post=178"},{"taxonomy":"post_tag","embeddable":true,"href":"https:\/\/www.biblia.work\/articulos-salud\/wp-json\/wp\/v2\/tags?post=178"}],"curies":[{"name":"wp","href":"https:\/\/api.w.org\/{rel}","templated":true}]}}