{"id":18,"date":"2022-08-29T22:21:14","date_gmt":"2022-08-30T03:21:14","guid":{"rendered":"https:\/\/www.biblia.work\/articulos-salud\/la-enfermedad-de-alzheimer-puede-causar-un-circulo-vicioso-entre-la-red-cerebral-y-las-disfunciones-de-las-celulas-inmunitarias\/"},"modified":"2022-08-29T22:21:14","modified_gmt":"2022-08-30T03:21:14","slug":"la-enfermedad-de-alzheimer-puede-causar-un-circulo-vicioso-entre-la-red-cerebral-y-las-disfunciones-de-las-celulas-inmunitarias","status":"publish","type":"post","link":"https:\/\/www.biblia.work\/articulos-salud\/la-enfermedad-de-alzheimer-puede-causar-un-circulo-vicioso-entre-la-red-cerebral-y-las-disfunciones-de-las-celulas-inmunitarias\/","title":{"rendered":"La enfermedad de Alzheimer puede causar un c\u00edrculo vicioso entre la red cerebral y las disfunciones de las c\u00e9lulas inmunitarias"},"content":{"rendered":"<p>Un nuevo estudio realizado por cient\u00edficos de Gladstone sugiere que ciertos tratamientos antiepil\u00e9pticos o reductores de tau podr\u00edan ser prometedores para las personas en las primeras etapas de la enfermedad de Alzheimer. Cr\u00e9dito: Michael Short\/Gladstone Institutes <\/p>\n<p>Estudiar las causas complejas de la enfermedad de Alzheimer y c\u00f3mo tratar y prevenir esta afecci\u00f3n es como resolver un rompecabezas de muchas piezas, en el que los cient\u00edficos abordan una peque\u00f1a secci\u00f3n, sin saber c\u00f3mo encajar. en el cuadro m\u00e1s grande. Ahora, los investigadores de los Institutos Gladstone han determinado c\u00f3mo encajan un pu\u00f1ado de secciones de rompecabezas que antes no estaban conectadas. <\/p>\n<p>En un estudio publicado en la revista iScience, el equipo demuestra que la actividad epil\u00e9ptica sutil fomenta la inflamaci\u00f3n cerebral anormal en modelos de ratones que simulan aspectos clave de la enfermedad de Alzheimer. Los cient\u00edficos muestran que m\u00faltiples actores conocidos en la enfermedad de Alzheimer encajan en este intrigante v\u00ednculo entre el sistema nervioso y el sistema inmunitario, incluida la prote\u00edna tau, a menudo mal plegada y agregada en cerebros enfermos, y TREM2, un factor de riesgo gen\u00e9tico para la enfermedad.<\/p>\n<p>\u00abNuestros hallazgos sugieren formas de prevenir y revertir las anomal\u00edas relacionadas con el Alzheimer tanto en las redes cerebrales como en las funciones inmunitarias\u00bb, dice el Dr. Lennart Mucke, director del Instituto Gladstone de Enfermedades Neurol\u00f3gicas y autor principal del nuevo estudio. \u00abEstas intervenciones podr\u00edan reducir los s\u00edntomas de la enfermedad e incluso podr\u00edan ayudar a modificar el curso de la enfermedad\u00bb.<\/p>\n<p>Conectando la actividad epil\u00e9ptica y la inflamaci\u00f3n cerebral<\/p>\n<p>Los cient\u00edficos saben desde hace tiempo que la enfermedad de Alzheimer est\u00e1 asociada con inflamaci\u00f3n cr\u00f3nica en el cerebro. Un impulsor de esta inflamaci\u00f3n parece ser la acumulaci\u00f3n de prote\u00ednas amiloides en forma de \u00abplacas\u00bb, un sello neuropatol\u00f3gico de la enfermedad.<\/p>\n<p>En el nuevo estudio, los investigadores identificaron la actividad epil\u00e9ptica no convulsiva como otra impulsor cr\u00edtico de la inflamaci\u00f3n cerebral cr\u00f3nica en un modelo de rat\u00f3n relacionado con el Alzheimer. Este tipo sutil de actividad epil\u00e9ptica tambi\u00e9n ocurre en una proporci\u00f3n sustancial de personas con la enfermedad de Alzheimer y puede predecir un deterioro cognitivo m\u00e1s r\u00e1pido en los pacientes.<\/p>\n<p>\u00abUna forma en que esta actividad epil\u00e9ptica subcl\u00ednica puede acelerar el deterioro cognitivo es mediante promover la inflamaci\u00f3n cerebral\u00bb, dice Melanie Das, Ph.D., cient\u00edfica del grupo de Mucke y autora principal del art\u00edculo. \u00abEst\u00e1bamos emocionados de encontrar dos intervenciones terap\u00e9uticas que suprimieran tanto la actividad epil\u00e9ptica como la inflamaci\u00f3n cerebral\u00bb.<\/p>\n<p>En el modelo de rat\u00f3n, los cient\u00edficos previnieron ambas anomal\u00edas mediante el uso de ingenier\u00eda gen\u00e9tica para eliminar la prote\u00edna tau, que promueve la hiperexcitabilidad neuronal. (el disparo de demasiadas neuronas al mismo tiempo). Tambi\u00e9n pudieron revertir las alteraciones en la red neuronal y las c\u00e9lulas inmunitarias, al menos en parte, al tratar ratones con el f\u00e1rmaco antiepil\u00e9ptico levetiracetam.<\/p>\n<p>Un ensayo cl\u00ednico reciente de levetiracetam que surgi\u00f3 del trabajo anterior de Mucke revel\u00f3 beneficios cognitivos en pacientes con enfermedad de Alzheimer y actividad epil\u00e9ptica subcl\u00ednica, y se est\u00e1n desarrollando terapias para reducir la tau, que tambi\u00e9n se basan en la investigaci\u00f3n en el laboratorio de Mucke. El nuevo estudio reafirma cu\u00e1n prometedores podr\u00edan ser estos tratamientos para las personas en las primeras etapas de la enfermedad de Alzheimer.<\/p>\n<p>Nueva funci\u00f3n de un impactante gen de riesgo de Alzheimer<\/p>\n<p>La inflamaci\u00f3n no es lo mismo; puede provocar enfermedades, como es el caso de condiciones como la artritis reumatoide, o puede ayudar al cuerpo a sanar, por ejemplo, despu\u00e9s de un corte.<\/p>\n<p>\u00abEs importante diferenciar si la enfermedad de Alzheimer causa demasiada inflamaci\u00f3n , una falla de buena inflamaci\u00f3n, o ambas cosas\u00bb, dice Mucke, quien tambi\u00e9n es profesor distinguido de neurociencia Joseph B. Martin y profesor de neurolog\u00eda en UC San Francisco. \u00abObservar la activaci\u00f3n de las c\u00e9lulas inflamatorias en el cerebro no indica inmediatamente si la activaci\u00f3n es buena o mala, por lo que decidimos investigar m\u00e1s a fondo\u00bb.<\/p>\n<p>Mucke y sus colegas descubrieron que cuando reduc\u00edan la epilepsia actividad en el cerebro del rat\u00f3n, uno de los factores inflamatorios m\u00e1s afectados fue TREM2, que es producido por microglia, las c\u00e9lulas inmunitarias residentes del cerebro. Las personas con variantes gen\u00e9ticas de TREM2 tienen de dos a cuatro veces m\u00e1s probabilidades de desarrollar la enfermedad de Alzheimer que las personas con TREM2 normal, pero los cient\u00edficos a\u00fan est\u00e1n tratando de descifrar los roles precisos que desempe\u00f1a esta mol\u00e9cula en la salud y la enfermedad.<\/p>\n<p>Los cient\u00edficos mostr\u00f3 por primera vez que TREM2 aumentaba en cerebros de ratones con placas amiloides, pero se reduc\u00eda despu\u00e9s de la supresi\u00f3n de su actividad epil\u00e9ptica. Para averiguar por qu\u00e9, examinaron si TREM2 afecta la susceptibilidad de los ratones a dosis bajas de un f\u00e1rmaco que puede causar actividad epil\u00e9ptica. Los ratones con niveles reducidos de TREM2 mostraron m\u00e1s actividad epil\u00e9ptica en respuesta a este f\u00e1rmaco que los ratones con niveles normales de TREM2, lo que sugiere que TREM2 ayuda a la microgl\u00eda a suprimir las actividades neuronales anormales.<\/p>\n<p>\u00abEsta funci\u00f3n de TREM2 fue bastante inesperada y sugiere que el aumento de los niveles de TREM2 en el cerebro en realidad podr\u00eda tener un prop\u00f3sito beneficioso\u00bb, dice Das. \u00abTREM2 se ha estudiado principalmente en relaci\u00f3n con las caracter\u00edsticas patol\u00f3gicas de la enfermedad de Alzheimer, como placas y ovillos. Aqu\u00ed, descubrimos que esta mol\u00e9cula tambi\u00e9n tiene un papel en la regulaci\u00f3n de las funciones de la red neuronal\u00bb.<\/p>\n<p>\u00abLas variantes gen\u00e9ticas de TREM2 que aumentan el riesgo de enfermedad de Alzheimer parecen afectar su funci\u00f3n\u00bb, agrega Mucke. \u00abSi TREM2 no funciona correctamente, podr\u00eda ser m\u00e1s dif\u00edcil para las c\u00e9lulas inmunitarias suprimir la hiperexcitabilidad neuronal, lo que a su vez podr\u00eda contribuir al desarrollo de la enfermedad de Alzheimer y acelerar el deterioro cognitivo\u00bb.<\/p>\n<p>Varias compa\u00f1\u00edas farmac\u00e9uticas est\u00e1n desarrollando anticuerpos y otros compuestos para mejorar la funci\u00f3n de TREM2, principalmente para mejorar la eliminaci\u00f3n de placas amiloides. Seg\u00fan Mucke, tales tratamientos tambi\u00e9n podr\u00edan ayudar a suprimir la actividad anormal de la red en la enfermedad de Alzheimer y afecciones relacionadas. <\/p>\n<p>Explorar m\u00e1s<\/p>\n<p> El estudio conduce al potencial de un nuevo enfoque de tratamiento para el Alzheimer <strong>M\u00e1s informaci\u00f3n:<\/strong> Melanie Das et al, Interdependencia de la disfunci\u00f3n de la red neuronal y alteraciones microgliales en modelos relacionados con la enfermedad de Alzheimer, iScience (2021). DOI: 10.1016\/j.isci.2021.103245 <strong>Informaci\u00f3n de la revista:<\/strong> iScience <\/p>\n<p> Proporcionado por Gladstone Institutes <strong>Cita<\/strong>: La enfermedad de Alzheimer puede causar un c\u00edrculo vicioso entre la red cerebral y las disfunciones de las c\u00e9lulas inmunitarias (2021, 26 de octubre) recuperado el 29 de agosto de 2022 de https:\/\/medicalxpress.com\/news\/2021-10-alzheimer-disease-vicious-circle-brain.html Este documento est\u00e1 sujeto a derechos de autor. Aparte de cualquier trato justo con fines de estudio o investigaci\u00f3n privados, ninguna parte puede reproducirse sin el permiso por escrito. El contenido se proporciona \u00fanicamente con fines informativos.<\/p>\n","protected":false},"excerpt":{"rendered":"<p>Un nuevo estudio realizado por cient\u00edficos de Gladstone sugiere que ciertos tratamientos antiepil\u00e9pticos o reductores de tau podr\u00edan ser prometedores para las personas en las primeras etapas de la enfermedad de Alzheimer. Cr\u00e9dito: Michael Short\/Gladstone Institutes Estudiar las causas complejas de la enfermedad de Alzheimer y c\u00f3mo tratar y prevenir esta afecci\u00f3n es como resolver &hellip; <a href=\"https:\/\/www.biblia.work\/articulos-salud\/la-enfermedad-de-alzheimer-puede-causar-un-circulo-vicioso-entre-la-red-cerebral-y-las-disfunciones-de-las-celulas-inmunitarias\/\" class=\"more-link\">Continuar leyendo<span class=\"screen-reader-text\"> \u00abLa enfermedad de Alzheimer puede causar un c\u00edrculo vicioso entre la red cerebral y las disfunciones de las c\u00e9lulas inmunitarias\u00bb<\/span><\/a><\/p>\n","protected":false},"author":1,"featured_media":0,"comment_status":"","ping_status":"","sticky":false,"template":"","format":"standard","meta":{"footnotes":""},"categories":[1],"tags":[],"class_list":["post-18","post","type-post","status-publish","format-standard","hentry","category-general"],"_links":{"self":[{"href":"https:\/\/www.biblia.work\/articulos-salud\/wp-json\/wp\/v2\/posts\/18","targetHints":{"allow":["GET"]}}],"collection":[{"href":"https:\/\/www.biblia.work\/articulos-salud\/wp-json\/wp\/v2\/posts"}],"about":[{"href":"https:\/\/www.biblia.work\/articulos-salud\/wp-json\/wp\/v2\/types\/post"}],"author":[{"embeddable":true,"href":"https:\/\/www.biblia.work\/articulos-salud\/wp-json\/wp\/v2\/users\/1"}],"replies":[{"embeddable":true,"href":"https:\/\/www.biblia.work\/articulos-salud\/wp-json\/wp\/v2\/comments?post=18"}],"version-history":[{"count":0,"href":"https:\/\/www.biblia.work\/articulos-salud\/wp-json\/wp\/v2\/posts\/18\/revisions"}],"wp:attachment":[{"href":"https:\/\/www.biblia.work\/articulos-salud\/wp-json\/wp\/v2\/media?parent=18"}],"wp:term":[{"taxonomy":"category","embeddable":true,"href":"https:\/\/www.biblia.work\/articulos-salud\/wp-json\/wp\/v2\/categories?post=18"},{"taxonomy":"post_tag","embeddable":true,"href":"https:\/\/www.biblia.work\/articulos-salud\/wp-json\/wp\/v2\/tags?post=18"}],"curies":[{"name":"wp","href":"https:\/\/api.w.org\/{rel}","templated":true}]}}