{"id":182,"date":"2022-08-29T22:26:00","date_gmt":"2022-08-30T03:26:00","guid":{"rendered":"https:\/\/www.biblia.work\/articulos-salud\/alemania-advierte-sobre-una-escalada-de-casos-de-covid-19\/"},"modified":"2022-08-29T22:26:00","modified_gmt":"2022-08-30T03:26:00","slug":"alemania-advierte-sobre-una-escalada-de-casos-de-covid-19","status":"publish","type":"post","link":"https:\/\/www.biblia.work\/articulos-salud\/alemania-advierte-sobre-una-escalada-de-casos-de-covid-19\/","title":{"rendered":"Alemania advierte sobre una &#8216;escalada&#8217; de casos de covid-19"},"content":{"rendered":"<p>El Ministerio de Salud de Alemania dijo el viernes que el pa\u00eds estaba experimentando un aumento en las infecciones por coronavirus y advirti\u00f3 que la situaci\u00f3n probablemente empeorar\u00e1 a medida que se acerque el invierno. <\/p>\n<p>\u00abCon el aumento de las cifras de infecci\u00f3n, estamos viendo una escalada de la situaci\u00f3n\u00bb, dijo el portavoz del Ministerio de Salud, Oliver Ewald, a los periodistas en Berl\u00edn.<\/p>\n<p>La preocupaci\u00f3n surge un d\u00eda despu\u00e9s de que el instituto de salud Robert Koch de Alemania (RKI) dijo en su informe semanal que las tasas de incidencia de coronavirus de siete d\u00edas hab\u00edan estado aumentando desde finales de septiembre.<\/p>\n<p>La tendencia al alza \u00abse hizo visible en casi todos los grupos de edad durante la \u00faltima semana y es de esperar que el aumento en el n\u00famero de casos se acelerar\u00e1 en el transcurso del oto\u00f1o y el invierno\u00bb, dijo Ewald.<\/p>\n<p>Alemania registr\u00f3 19,572 nuevos casos de coronavirus en las \u00faltimas 24 horas el viernes, seg\u00fan el RKI, 70 m\u00e1s por ciento respecto a la semana anterior.<\/p>\n<p>La cifra del viernes fue la m\u00e1s alta desde principios de mayo, cuando muchos menos alemanes fueron vacunados contra el COVID.<\/p>\n<p>La tasa de incidencia de siete d\u00edas del pa\u00eds aument\u00f3 a 95,1 nuevas infecciones por cada 100.000 personas, tambi\u00e9n el nivel m\u00e1s alto desde mayo.<\/p>\n<p>El Ministerio de Salud dijo que el aumento en los casos ha d a\u00fan no condujo a un \u00abaumento de la din\u00e1mica\u00bb en los pacientes con COVID que necesitan cuidados intensivos.<\/p>\n<p>Sin embargo, la asociaci\u00f3n de cuidados intensivos DIVI de Alemania expres\u00f3 su alarma por los \u00faltimos desarrollos.<\/p>\n<p>El experto senior de DIVI, Christian Karagiannidis, escribi\u00f3 en Twitter que hab\u00eda una \u00abcorrelaci\u00f3n muy estrecha\u00bb entre las tasas de incidencia y los nuevos ingresos hospitalarios por COVID.<\/p>\n<p>\u00abLa verdadera cuarta ola est\u00e1 comenzando ahora y est\u00e1 cobrando velocidad\u00bb, tuite\u00f3.<\/p>\n<p>Los l\u00edderes de los 16 estados regionales de Alemania se est\u00e1n reuniendo para discutir los pr\u00f3ximos pasos en la lucha contra la pandemia, y se espera que mantengan en gran medida las medidas existentes.<\/p>\n<p>El RKI en su informe abog\u00f3 por todos los ciudadanos, incluidos aquellos que est\u00e1n completamente vacunados o que ya se han recuperado de COVID, para seguir respetando las pautas de salud recomendadas.<\/p>\n<p>Estos incluyen usar m\u00e1scaras faciales, ventilar las habitaciones, mantener una distancia f\u00edsica y lavarse las manos regularmente.<\/p>\n<p>\u00abDeben reducirse los contactos estrechos innecesarios y, en particular, los si Las situaciones que podr\u00edan convertirse en los llamados eventos de superpropagaci\u00f3n deben evitarse cuando sea posible\u00bb, agreg\u00f3 el informe.<\/p>\n<p>M\u00e1s del 66 por ciento de la poblaci\u00f3n en Alemania, un pa\u00eds de unos 83 millones de personas, ahora est\u00e1 completamente vacunado. contra el covid <\/p>\n<p>Casi el 70 por ciento ha recibido al menos la primera dosis. <\/p>\n<p>Explore m\u00e1s<\/p>\n<p> Alemania insta a vacunarse; advierte sobre el aumento repentino de COVID-19 en oto\u00f1o <\/p>\n<p> 2021 AFP <\/p>\n<p> <strong>Cita<\/strong>: Alemania advierte sobre una \u00abescalada\u00bb en los casos de Covid (22 de octubre de 2021) consultado el 29 de agosto de 2022 en https:\/\/medicalxpress .com\/news\/2021-10-germany-escalation-covid-cases.html Este documento est\u00e1 sujeto a derechos de autor. Aparte de cualquier trato justo con fines de estudio o investigaci\u00f3n privados, ninguna parte puede reproducirse sin el permiso por escrito. El contenido se proporciona \u00fanicamente con fines informativos.<\/p>\n","protected":false},"excerpt":{"rendered":"<p>El Ministerio de Salud de Alemania dijo el viernes que el pa\u00eds estaba experimentando un aumento en las infecciones por coronavirus y advirti\u00f3 que la situaci\u00f3n probablemente empeorar\u00e1 a medida que se acerque el invierno. \u00abCon el aumento de las cifras de infecci\u00f3n, estamos viendo una escalada de la situaci\u00f3n\u00bb, dijo el portavoz del Ministerio &hellip; <a href=\"https:\/\/www.biblia.work\/articulos-salud\/alemania-advierte-sobre-una-escalada-de-casos-de-covid-19\/\" class=\"more-link\">Continuar leyendo<span class=\"screen-reader-text\"> \u00abAlemania advierte sobre una &#8216;escalada&#8217; de casos de covid-19\u00bb<\/span><\/a><\/p>\n","protected":false},"author":1,"featured_media":0,"comment_status":"","ping_status":"","sticky":false,"template":"","format":"standard","meta":{"footnotes":""},"categories":[1],"tags":[],"class_list":["post-182","post","type-post","status-publish","format-standard","hentry","category-general"],"_links":{"self":[{"href":"https:\/\/www.biblia.work\/articulos-salud\/wp-json\/wp\/v2\/posts\/182","targetHints":{"allow":["GET"]}}],"collection":[{"href":"https:\/\/www.biblia.work\/articulos-salud\/wp-json\/wp\/v2\/posts"}],"about":[{"href":"https:\/\/www.biblia.work\/articulos-salud\/wp-json\/wp\/v2\/types\/post"}],"author":[{"embeddable":true,"href":"https:\/\/www.biblia.work\/articulos-salud\/wp-json\/wp\/v2\/users\/1"}],"replies":[{"embeddable":true,"href":"https:\/\/www.biblia.work\/articulos-salud\/wp-json\/wp\/v2\/comments?post=182"}],"version-history":[{"count":0,"href":"https:\/\/www.biblia.work\/articulos-salud\/wp-json\/wp\/v2\/posts\/182\/revisions"}],"wp:attachment":[{"href":"https:\/\/www.biblia.work\/articulos-salud\/wp-json\/wp\/v2\/media?parent=182"}],"wp:term":[{"taxonomy":"category","embeddable":true,"href":"https:\/\/www.biblia.work\/articulos-salud\/wp-json\/wp\/v2\/categories?post=182"},{"taxonomy":"post_tag","embeddable":true,"href":"https:\/\/www.biblia.work\/articulos-salud\/wp-json\/wp\/v2\/tags?post=182"}],"curies":[{"name":"wp","href":"https:\/\/api.w.org\/{rel}","templated":true}]}}