{"id":185,"date":"2022-08-29T22:26:05","date_gmt":"2022-08-30T03:26:05","guid":{"rendered":"https:\/\/www.biblia.work\/articulos-salud\/la-mayoria-de-los-jovenes-de-15-a-19-anos-querian-la-vacuna-contra-el-covid\/"},"modified":"2022-08-29T22:26:05","modified_gmt":"2022-08-30T03:26:05","slug":"la-mayoria-de-los-jovenes-de-15-a-19-anos-querian-la-vacuna-contra-el-covid","status":"publish","type":"post","link":"https:\/\/www.biblia.work\/articulos-salud\/la-mayoria-de-los-jovenes-de-15-a-19-anos-querian-la-vacuna-contra-el-covid\/","title":{"rendered":"La mayor\u00eda de los j\u00f3venes de 15 a 19 a\u00f1os quer\u00edan la vacuna contra el COVID"},"content":{"rendered":"<p>Cr\u00e9dito: Pixabay\/CC0 Dominio p\u00fablico <\/p>\n<p>Sin preocuparse por s\u00ed mismos, pero dispuestos a proteger a los dem\u00e1s. Estas actitudes fueron expresadas por muchos adolescentes al ser consultados si quer\u00edan vacunarse contra el COVID-19. El estudio, de la Universidad de Gotemburgo, muestra que la mayor\u00eda estaba a favor de la idea. <\/p>\n<p>El estudio, publicado en la revista cient\u00edfica Vaccine:X, se basa en las respuestas a un cuestionario de 702 adolescentes en Suecia, de 1519 a\u00f1os, entre julio y noviembre de 2020. Por lo tanto, la encuesta se realiz\u00f3 antes de que comenzara el programa de vacunaci\u00f3n del pa\u00eds.<\/p>\n<p> p&gt; <\/p>\n<p>El estudio fue dirigido por investigadores de la Universidad de Gotemburgo en colaboraci\u00f3n con colegas de University West, Karolinska Institutet y Ume University. Los participantes del estudio proced\u00edan de varias partes de Suecia y los resultados son tanto cualitativos como cuantitativos.<\/p>\n<p>Los resultados de la encuesta muestran que el 54,3 % estaba dispuesto a vacunarse, mientras que el 30,5 % estaba indeciso. La ansiedad por vacunarse, que fue m\u00e1s marcada en las ni\u00f1as que en los ni\u00f1os, fue un factor asociado con la renuencia a vacunarse.<\/p>\n<p>Muchos de los adolescentes encuestados afirmaron haber ponderado los pros y los contras de la vacuna contra el COVID . En general, su actitud fue positiva, aunque dijeron que necesitaban saber m\u00e1s al respecto. En muchos casos, esta falta de conocimiento percibida fue crucial para su decisi\u00f3n.<\/p>\n<p>El escepticismo se transmiti\u00f3 de los padres<\/p>\n<p>Un recelo expresado fue el r\u00e1pido desarrollo y seguimiento r\u00e1pido de la vacuna; aqu\u00ed, los encuestados mencionaron su preocupaci\u00f3n por los efectos secundarios graves. Algunos se refirieron a las vacunaciones masivas contra la gripe porcina en 2009\/10, cuando en algunos casos la vacuna caus\u00f3 narcolepsia.<\/p>\n<p>Este aspecto en particular tom\u00f3 a Stefan Nilsson por sorpresa. Nilsson, profesor asociado y conferencista principal en el Instituto de Ciencias de la Salud y el Cuidado de la Universidad en la Academia Sahlgrenska, es el primer y correspondiente autor del estudio.<\/p>\n<p>\u00abEran ni\u00f1os peque\u00f1os cuando llegaron las vacunas contra la gripe porcina, por lo que deben haber sido sus padres u otros mayores quienes los influyeron, o bien han le\u00eddo al respecto. Claramente, esa experiencia de la vacuna contra la gripe porcina tambi\u00e9n influye en la generaci\u00f3n m\u00e1s joven\u00bb, dice.<\/p>\n<p>En el momento de la recopilaci\u00f3n de datos, no hubo informes de muertes relacionadas con COVID entre los j\u00f3venes en Suecia. Por su parte, adem\u00e1s, muchos de los adolescentes encuestados no ten\u00edan miedo de infectarse y enfermarse.<\/p>\n<p>Desean proteger a los dem\u00e1s<\/p>\n<p>Muchos, por otro lado, expresaron motivos altruistas para vacunarse y as\u00ed proteger a otros cuya salud era m\u00e1s fr\u00e1gil. Otra indicaci\u00f3n de que los adolescentes estaban dispuestos a recibir el golpe por el bien de otras personas fue que se descubri\u00f3 que esta actitud estaba relacionada con la pr\u00e1ctica del distanciamiento social.<\/p>\n<p>\u00abLos resultados sugieren qu\u00e9 pasos se deben tomar para lograrlo\u00bb. m\u00e1s f\u00e1cil para los j\u00f3venes tomar una decisi\u00f3n informada antes de vacunarse. Necesitan informaci\u00f3n f\u00e1ctica de que los riesgos de los efectos adversos de la COVID son mayores que los riesgos de cualquier efecto secundario de la inyecci\u00f3n\u00bb, dice Nilsson.<\/p>\n<p>\u00bb Y la informaci\u00f3n debe difundirse a trav\u00e9s de canales de informaci\u00f3n que lleguen a los adolescentes. Adem\u00e1s, es importante que existan foros de discusi\u00f3n donde los j\u00f3venes puedan encontrarse con expertos que puedan discutir y resolver sus dudas\u00bb. <\/p>\n<p>Explore m\u00e1s<\/p>\n<p> Dos tercios de los padres de ni\u00f1os de 5 a 11 a\u00f1os planean vacunarlos contra el COVID: Encuesta <strong>M\u00e1s informaci\u00f3n:<\/strong> S. Nilsson et al, To be or not to ser vacunado contra COVID-19 la perspectiva de los adolescentes un estudio de m\u00e9todos mixtos en Suecia, Vacuna: X (2021). DOI: 10.1016\/j.jvacx.2021.100117 Proporcionado por la Universidad de Gotemburgo <strong>Cita<\/strong>: La mayor\u00eda de los ni\u00f1os de 1519 a\u00f1os quer\u00edan la inyecci\u00f3n de COVID (2021, 22 de octubre) obtenido el 29 de agosto de 2022 de https:\/\/medicalxpress. com\/news\/2021-10-majority-year-olds-covid-jab.html Este documento est\u00e1 sujeto a derechos de autor. Aparte de cualquier trato justo con fines de estudio o investigaci\u00f3n privados, ninguna parte puede reproducirse sin el permiso por escrito. El contenido se proporciona \u00fanicamente con fines informativos.<\/p>\n","protected":false},"excerpt":{"rendered":"<p>Cr\u00e9dito: Pixabay\/CC0 Dominio p\u00fablico Sin preocuparse por s\u00ed mismos, pero dispuestos a proteger a los dem\u00e1s. Estas actitudes fueron expresadas por muchos adolescentes al ser consultados si quer\u00edan vacunarse contra el COVID-19. El estudio, de la Universidad de Gotemburgo, muestra que la mayor\u00eda estaba a favor de la idea. El estudio, publicado en la revista &hellip; <a href=\"https:\/\/www.biblia.work\/articulos-salud\/la-mayoria-de-los-jovenes-de-15-a-19-anos-querian-la-vacuna-contra-el-covid\/\" class=\"more-link\">Continuar leyendo<span class=\"screen-reader-text\"> \u00abLa mayor\u00eda de los j\u00f3venes de 15 a 19 a\u00f1os quer\u00edan la vacuna contra el COVID\u00bb<\/span><\/a><\/p>\n","protected":false},"author":1,"featured_media":0,"comment_status":"","ping_status":"","sticky":false,"template":"","format":"standard","meta":{"footnotes":""},"categories":[1],"tags":[],"class_list":["post-185","post","type-post","status-publish","format-standard","hentry","category-general"],"_links":{"self":[{"href":"https:\/\/www.biblia.work\/articulos-salud\/wp-json\/wp\/v2\/posts\/185","targetHints":{"allow":["GET"]}}],"collection":[{"href":"https:\/\/www.biblia.work\/articulos-salud\/wp-json\/wp\/v2\/posts"}],"about":[{"href":"https:\/\/www.biblia.work\/articulos-salud\/wp-json\/wp\/v2\/types\/post"}],"author":[{"embeddable":true,"href":"https:\/\/www.biblia.work\/articulos-salud\/wp-json\/wp\/v2\/users\/1"}],"replies":[{"embeddable":true,"href":"https:\/\/www.biblia.work\/articulos-salud\/wp-json\/wp\/v2\/comments?post=185"}],"version-history":[{"count":0,"href":"https:\/\/www.biblia.work\/articulos-salud\/wp-json\/wp\/v2\/posts\/185\/revisions"}],"wp:attachment":[{"href":"https:\/\/www.biblia.work\/articulos-salud\/wp-json\/wp\/v2\/media?parent=185"}],"wp:term":[{"taxonomy":"category","embeddable":true,"href":"https:\/\/www.biblia.work\/articulos-salud\/wp-json\/wp\/v2\/categories?post=185"},{"taxonomy":"post_tag","embeddable":true,"href":"https:\/\/www.biblia.work\/articulos-salud\/wp-json\/wp\/v2\/tags?post=185"}],"curies":[{"name":"wp","href":"https:\/\/api.w.org\/{rel}","templated":true}]}}