{"id":192,"date":"2022-08-29T22:26:17","date_gmt":"2022-08-30T03:26:17","guid":{"rendered":"https:\/\/www.biblia.work\/articulos-salud\/un-posible-mecanismo-de-deficiencia-de-linfocitos-en-pacientes-con-covid-19\/"},"modified":"2022-08-29T22:26:17","modified_gmt":"2022-08-30T03:26:17","slug":"un-posible-mecanismo-de-deficiencia-de-linfocitos-en-pacientes-con-covid-19","status":"publish","type":"post","link":"https:\/\/www.biblia.work\/articulos-salud\/un-posible-mecanismo-de-deficiencia-de-linfocitos-en-pacientes-con-covid-19\/","title":{"rendered":"Un posible mecanismo de deficiencia de linfocitos en pacientes con COVID-19"},"content":{"rendered":"<p>Representaci\u00f3n creativa de part\u00edculas de SARS-CoV-2 (no a escala). Cr\u00e9dito: Instituto Nacional de Alergias y Enfermedades Infecciosas, NIH <\/p>\n<p>Cient\u00edficos de la RUDN, el Centro Nacional de Investigaci\u00f3n M\u00e9dica para Hematolog\u00eda y la Universidad Estatal Lomonosov de Mosc\u00fa han descubierto uno de los posibles mecanismos patog\u00e9nicos de la linfopenia grave en pacientes con COVID-19. Por primera vez presentaron evidencia de la posibilidad de infecci\u00f3n directa de linfocitos con viriones de SARS-CoV-2. El art\u00edculo fue publicado en la revista Viruses. <\/p>\n<p>Los linfocitos son las principales c\u00e9lulas del sistema inmunitario. Se observa linfopenia profunda (1000\/l) en el 96 % de los pacientes con COVID-19 grave y en el 80 % de los pacientes con COVID-19 moderado. La patogenia de la linfopenia en pacientes con COVID-19 no se comprende completamente y consta de m\u00e1s de 10 posibles mecanismos, diseminaci\u00f3n extrapulmonar y efectos directos del SARS-CoV-2 en los tejidos de los \u00f3rganos linfoides.<\/p>\n<p>\u00bb El objetivo del estudio fue evaluar la carga viral y los patrones de diseminaci\u00f3n del SARS-Cov-2 a los pulmones, los ganglios linf\u00e1ticos mediast\u00ednicos y los bazos de pacientes con linfopenia asociada a la COVID-19\u201d, dijo Igor Babichenko. Doctor en Medicina, Jefe del Departamento de Anatom\u00eda Patol\u00f3gica de la Universidad RUDN.<\/p>\n<p>Los cient\u00edficos llevaron a cabo un examen completo de gen\u00e9tica molecular, inmunohistoqu\u00edmica y microscop\u00eda electr\u00f3nica de los tejidos pulmonares, los ganglios linf\u00e1ticos mediast\u00ednicos que se encuentran a lo largo del camino del flujo linf\u00e1tico. de los pulmones y el bazo de 36 pacientes que murieron por COVID-19. Detectaron En el 63,8% se detect\u00f3 linfopenia con un nivel de linfocitos por debajo del valor cr\u00edtico de 1 mill\u00f3n de c\u00e9lulas por ml de sangre.<\/p>\n<p>En el 33% de los pacientes, el virus se detect\u00f3 en los pulmones, con un promedio viral carga de 239. El estado de las c\u00e9lulas en estos pacientes indic\u00f3 bronconeumon\u00eda (inflamaci\u00f3n aguda de las paredes de los bronquiolos) y s\u00edndrome de dificultad respiratoria aguda (SDRA) en la etapa proliferativa cuando los pulmones se est\u00e1n recuperando (pero la dificultad para respirar y otros s\u00edntomas persistir). En el 58,4 % de los pacientes se detect\u00f3 SARS-CoV-2 en pulmones, ganglios linf\u00e1ticos y bazo con una media viral de 12.116 en pulmones, 832 en ganglios linf\u00e1ticos y 71,5 en bazo. Esto corresponde a la fase exudativa del ARDS, cuando se da\u00f1an los capilares pulmonares y los alv\u00e9olos, se interrumpe el intercambio de gases. El an\u00e1lisis inmunohistoqu\u00edmico mostr\u00f3 la presencia del virus en macr\u00f3fagos pulmonares, c\u00e9lulas epiteliales de bronquiolos y alv\u00e9olos. Durante los estudios de microscop\u00eda electr\u00f3nica, los cient\u00edficos lograron probar por primera vez la posibilidad de infecci\u00f3n directa de los linfocitos con part\u00edculas de SARS-CoV-2, lo que puede causar el desarrollo de linfopenia debido a la apoptosis masiva de los linfocitos, descrita anteriormente en SARS-CoV relacionado. e infecciones por MERS-CoV.<\/p>\n<p>\u00abLa diseminaci\u00f3n extrapulmonar del SARS-CoV-2 en el tejido de los \u00f3rganos linf\u00e1ticos ocurre durante la fase exudativa del SDRA. Se asocia con un per\u00edodo m\u00e1s corto de estad\u00eda en la UCI y mayor Carga del virus SARS-CoV-2 en los tejidos pulmonares en comparaci\u00f3n con pacientes con diseminaci\u00f3n del SARS-CoV-2 limitada a los pulmones El hallazgo de un linfocito infectado con part\u00edculas de SARS-COV-2, que revelamos por primera vez, podr\u00eda indicar que el SARS- COV-2 podr\u00eda inducir linfopenia a trav\u00e9s de un posible efecto citot\u00f3xico directo\u201d, dijo Igor Babichenko. Doctor en Medicina, Jefe del Departamento de Anatom\u00eda Patol\u00f3gica de la Universidad RUDN. <\/p>\n<p>Explore m\u00e1s<\/p>\n<p> Un estudio revela dos fases de infecci\u00f3n en pacientes con neumon\u00eda grave por COVID-19 <strong>M\u00e1s informaci\u00f3n:<\/strong> Adhamjon Abdullaev et al, Viral Load and Patterns of SARS-CoV-2 Dissemination to los pulmones, los ganglios linf\u00e1ticos mediast\u00ednicos y el bazo de pacientes con linfopenia asociada a la COVID-19, virus (2021). DOI: 10.3390\/v13071410 Proporcionado por la Fundaci\u00f3n Rusa para la Investigaci\u00f3n B\u00e1sica <strong>Cita<\/strong>: Un posible mecanismo de deficiencia de linfocitos en pacientes con COVID-19 (2021, 22 de octubre) recuperado el 29 de agosto de 2022 de https:\/\/medicalxpress. com\/news\/2021-10-mechanism-lymphocyte-deficiency-patients-covid-.html Este documento est\u00e1 sujeto a derechos de autor. Aparte de cualquier trato justo con fines de estudio o investigaci\u00f3n privados, ninguna parte puede reproducirse sin el permiso por escrito. El contenido se proporciona \u00fanicamente con fines informativos.<\/p>\n","protected":false},"excerpt":{"rendered":"<p>Representaci\u00f3n creativa de part\u00edculas de SARS-CoV-2 (no a escala). Cr\u00e9dito: Instituto Nacional de Alergias y Enfermedades Infecciosas, NIH Cient\u00edficos de la RUDN, el Centro Nacional de Investigaci\u00f3n M\u00e9dica para Hematolog\u00eda y la Universidad Estatal Lomonosov de Mosc\u00fa han descubierto uno de los posibles mecanismos patog\u00e9nicos de la linfopenia grave en pacientes con COVID-19. Por primera &hellip; <a href=\"https:\/\/www.biblia.work\/articulos-salud\/un-posible-mecanismo-de-deficiencia-de-linfocitos-en-pacientes-con-covid-19\/\" class=\"more-link\">Continuar leyendo<span class=\"screen-reader-text\"> \u00abUn posible mecanismo de deficiencia de linfocitos en pacientes con COVID-19\u00bb<\/span><\/a><\/p>\n","protected":false},"author":1,"featured_media":0,"comment_status":"","ping_status":"","sticky":false,"template":"","format":"standard","meta":{"footnotes":""},"categories":[1],"tags":[],"class_list":["post-192","post","type-post","status-publish","format-standard","hentry","category-general"],"_links":{"self":[{"href":"https:\/\/www.biblia.work\/articulos-salud\/wp-json\/wp\/v2\/posts\/192","targetHints":{"allow":["GET"]}}],"collection":[{"href":"https:\/\/www.biblia.work\/articulos-salud\/wp-json\/wp\/v2\/posts"}],"about":[{"href":"https:\/\/www.biblia.work\/articulos-salud\/wp-json\/wp\/v2\/types\/post"}],"author":[{"embeddable":true,"href":"https:\/\/www.biblia.work\/articulos-salud\/wp-json\/wp\/v2\/users\/1"}],"replies":[{"embeddable":true,"href":"https:\/\/www.biblia.work\/articulos-salud\/wp-json\/wp\/v2\/comments?post=192"}],"version-history":[{"count":0,"href":"https:\/\/www.biblia.work\/articulos-salud\/wp-json\/wp\/v2\/posts\/192\/revisions"}],"wp:attachment":[{"href":"https:\/\/www.biblia.work\/articulos-salud\/wp-json\/wp\/v2\/media?parent=192"}],"wp:term":[{"taxonomy":"category","embeddable":true,"href":"https:\/\/www.biblia.work\/articulos-salud\/wp-json\/wp\/v2\/categories?post=192"},{"taxonomy":"post_tag","embeddable":true,"href":"https:\/\/www.biblia.work\/articulos-salud\/wp-json\/wp\/v2\/tags?post=192"}],"curies":[{"name":"wp","href":"https:\/\/api.w.org\/{rel}","templated":true}]}}