{"id":20037,"date":"2022-08-30T13:37:54","date_gmt":"2022-08-30T18:37:54","guid":{"rendered":"https:\/\/www.biblia.work\/articulos-salud\/disminucion-observada-en-traumatismo-craneal-por-abuso-en-ninos-pequenos-durante-la-pandemia\/"},"modified":"2022-08-30T13:37:54","modified_gmt":"2022-08-30T18:37:54","slug":"disminucion-observada-en-traumatismo-craneal-por-abuso-en-ninos-pequenos-durante-la-pandemia","status":"publish","type":"post","link":"https:\/\/www.biblia.work\/articulos-salud\/disminucion-observada-en-traumatismo-craneal-por-abuso-en-ninos-pequenos-durante-la-pandemia\/","title":{"rendered":"Disminuci\u00f3n observada en traumatismo craneal por abuso en ni\u00f1os peque\u00f1os durante la pandemia"},"content":{"rendered":"<p>(HealthDay) Hubo una disminuci\u00f3n en los ingresos hospitalarios de ni\u00f1os menores de 5 a\u00f1os diagnosticados con traumatismo craneal por abuso (AHT, por sus siglas en ingl\u00e9s) durante la pandemia de COVID-19, seg\u00fan un estudio publicado en la edici\u00f3n de abril de Pediatrics. <\/p>\n<p>Nathan L. Maassel, MD, de la Facultad de Medicina de la Universidad de Yale en New Haven, Connecticut, y sus colegas compararon las caracter\u00edsticas de los pacientes y las admisiones mensuales medias de AHT en 2020 con las de 2017 a 2019 para el per\u00edodo del 11 de marzo al 1 de septiembre. 30.<\/p>\n<p>Los investigadores encontraron que 1,317 (0.1 por ciento) de las 1,216,336 hospitalizaciones de ni\u00f1os menores de 5 a\u00f1os fueron por HTA. Setecientos cincuenta de estos ocurrieron entre el 11 de marzo y el 30 de septiembre, el 16 por ciento de los cuales fueron en 2020. Los ni\u00f1os hospitalizados con HTA durante 2020 tuvieron una estad\u00eda m\u00e1s corta en comparaci\u00f3n con los hospitalizados en 2017 a 2019, pero por lo dem\u00e1s fueron similares en cuanto al porcentaje. de la estancia en la unidad de cuidados intensivos, la utilizaci\u00f3n del ventilador, la hemorragia subdural, la hemorragia retiniana y la mortalidad. Al comparar todos los a\u00f1os juntos, se observ\u00f3 una diferencia significativa en las admisiones mensuales medias. Las admisiones mensuales promedio fueron m\u00e1s bajas en 2020 en comparaci\u00f3n con 2019, 2018 y 2017 en comparaciones por pares.<\/p>\n<p>\u00abExiste evidencia de que la incidencia de HTA aumenta durante y despu\u00e9s de una recesi\u00f3n econ\u00f3mica y despu\u00e9s de un desastre natural. Por estas razones , la disminuci\u00f3n observada en las hospitalizaciones por HTA es realmente sorprendente\u00bb, escriben los autores de un editorial acompa\u00f1ante. \u00abAunque Maassel et al. conjeturan que esta disminuci\u00f3n puede explicarse por un mayor n\u00famero de cuidadores en el hogar, tambi\u00e9n puede haber una falta de reconocimiento de los casos\u00bb. <\/p>\n<p>Explore m\u00e1s<\/p>\n<p> Las admisiones de pacientes hospitalizados pedi\u00e1tricos disminuyeron durante la pandemia <strong>M\u00e1s informaci\u00f3n:<\/strong> Resumen\/Texto completo (es posible que se requiera suscripci\u00f3n o pago) <br \/>Editorial (es posible que se requiera suscripci\u00f3n o pago) <strong>Informaci\u00f3n de la revista:<\/strong> Pediatrics <\/p>\n<p> Copyright 2021 HealthDay. Reservados todos los derechos. <\/p>\n<p> <strong>Cita<\/strong>: Disminuci\u00f3n observada en el traumatismo craneal por abuso en ni\u00f1os peque\u00f1os durante la pandemia (22 de abril de 2021) consultado el 30 de agosto de 2022 en https:\/\/medicalxpress.com\/news\/2021-04-decrease -abusive-trauma-young-children.html Este documento est\u00e1 sujeto a derechos de autor. Aparte de cualquier trato justo con fines de estudio o investigaci\u00f3n privados, ninguna parte puede reproducirse sin el permiso por escrito. El contenido se proporciona \u00fanicamente con fines informativos.<\/p>\n","protected":false},"excerpt":{"rendered":"<p>(HealthDay) Hubo una disminuci\u00f3n en los ingresos hospitalarios de ni\u00f1os menores de 5 a\u00f1os diagnosticados con traumatismo craneal por abuso (AHT, por sus siglas en ingl\u00e9s) durante la pandemia de COVID-19, seg\u00fan un estudio publicado en la edici\u00f3n de abril de Pediatrics. Nathan L. Maassel, MD, de la Facultad de Medicina de la Universidad de &hellip; <a href=\"https:\/\/www.biblia.work\/articulos-salud\/disminucion-observada-en-traumatismo-craneal-por-abuso-en-ninos-pequenos-durante-la-pandemia\/\" class=\"more-link\">Continuar leyendo<span class=\"screen-reader-text\"> \u00abDisminuci\u00f3n observada en traumatismo craneal por abuso en ni\u00f1os peque\u00f1os durante la pandemia\u00bb<\/span><\/a><\/p>\n","protected":false},"author":1,"featured_media":0,"comment_status":"","ping_status":"","sticky":false,"template":"","format":"standard","meta":{"footnotes":""},"categories":[1],"tags":[],"class_list":["post-20037","post","type-post","status-publish","format-standard","hentry","category-general"],"_links":{"self":[{"href":"https:\/\/www.biblia.work\/articulos-salud\/wp-json\/wp\/v2\/posts\/20037","targetHints":{"allow":["GET"]}}],"collection":[{"href":"https:\/\/www.biblia.work\/articulos-salud\/wp-json\/wp\/v2\/posts"}],"about":[{"href":"https:\/\/www.biblia.work\/articulos-salud\/wp-json\/wp\/v2\/types\/post"}],"author":[{"embeddable":true,"href":"https:\/\/www.biblia.work\/articulos-salud\/wp-json\/wp\/v2\/users\/1"}],"replies":[{"embeddable":true,"href":"https:\/\/www.biblia.work\/articulos-salud\/wp-json\/wp\/v2\/comments?post=20037"}],"version-history":[{"count":0,"href":"https:\/\/www.biblia.work\/articulos-salud\/wp-json\/wp\/v2\/posts\/20037\/revisions"}],"wp:attachment":[{"href":"https:\/\/www.biblia.work\/articulos-salud\/wp-json\/wp\/v2\/media?parent=20037"}],"wp:term":[{"taxonomy":"category","embeddable":true,"href":"https:\/\/www.biblia.work\/articulos-salud\/wp-json\/wp\/v2\/categories?post=20037"},{"taxonomy":"post_tag","embeddable":true,"href":"https:\/\/www.biblia.work\/articulos-salud\/wp-json\/wp\/v2\/tags?post=20037"}],"curies":[{"name":"wp","href":"https:\/\/api.w.org\/{rel}","templated":true}]}}