{"id":20048,"date":"2022-08-30T13:38:15","date_gmt":"2022-08-30T18:38:15","guid":{"rendered":"https:\/\/www.biblia.work\/articulos-salud\/la-culebrilla-no-es-causada-por-las-vacunas-contra-el-covid-19-aqui-esta-la-ciencia\/"},"modified":"2022-08-30T13:38:15","modified_gmt":"2022-08-30T18:38:15","slug":"la-culebrilla-no-es-causada-por-las-vacunas-contra-el-covid-19-aqui-esta-la-ciencia","status":"publish","type":"post","link":"https:\/\/www.biblia.work\/articulos-salud\/la-culebrilla-no-es-causada-por-las-vacunas-contra-el-covid-19-aqui-esta-la-ciencia\/","title":{"rendered":"La culebrilla no es causada por las vacunas contra el COVID-19. Aqu\u00ed est\u00e1 la ciencia"},"content":{"rendered":"<p>Cr\u00e9dito: Unsplash\/CC0 Dominio p\u00fablico <\/p>\n<p>M\u00e9dicos en Israel informaron recientemente que seis mujeres con trastornos autoinmunes desarrollaron una erupci\u00f3n dolorosa conocida como culebrilla de 3 a 14 d\u00edas despu\u00e9s de recibir una primera o segunda dosis de la vacuna contra el COVID-19 de Pfizer. . <\/p>\n<p>\u00a1Vaya! Los medios tradicionales y sociales, por no mencionar a los enemigos de las vacunas, se han abalanzado sobre el peque\u00f1o estudio, advirtiendo que las vacunas contra el COVID-19 podr\u00edan reactivar el virus de la varicela infantil, provocando un brote de culebrilla en adultos.<\/p>\n<p>Pero eso es como concluir que porque el gallo canta todos los d\u00edas al amanecer, hace que salga el sol.<\/p>\n<p>\u00abSe llama falacia l\u00f3gica\u00bb, dijo William Schaffner, especialista en enfermedades infecciosas del Centro M\u00e9dico de la Universidad de Vanderbilt en Nashville, y tambi\u00e9n enlace con los CDC. comit\u00e9 asesor de inmunizaci\u00f3n, que hace recomendaciones de vacunas que dan forma a la cobertura del seguro. \u00abLos m\u00e9dicos israel\u00edes cayeron en esta trampa porque la vacunaci\u00f3n contra el COVID-19 y los brotes de culebrilla estaban relacionados en el tiempo\u00bb.<\/p>\n<p>Incluso los israel\u00edes, que publicaron en la revista Rheumatology, reconocen que \u00abel dise\u00f1o del estudio no es estructurado para determinar una relaci\u00f3n causal\u00bb.<\/p>\n<p>Entonces, profundicemos en lo que se ha determinado.<\/p>\n<p>Un virus furtivo llamado herpes zoster<\/p>\n<p>La varicela ahora se puede prevenir con un vacuna, pero las personas nacidas antes de 1995 probablemente tuvieron la infecci\u00f3n infantil, que aparece como ampollas rojas que pican. El virus, llamado varicela zoster, es parte de la familia de los herpesvirus, que incluye el virus del herpes genital que causa infecciones de transmisi\u00f3n sexual.<\/p>\n<p>Despu\u00e9s de que la varicela desaparece, el virus se esconde en los nervios, listo para una posible infecci\u00f3n. reaparecer a\u00f1os o d\u00e9cadas m\u00e1s tarde como culebrilla.<\/p>\n<p>La culebrilla es tan com\u00fan que tiene una probabilidad de 1 en 3 de desarrollarla a los 80 a\u00f1os, a menos que reciba Shingrix, la vacuna GlaxoSmithKline de 4 a\u00f1os que tiene una eficacia del 90 %. para prevenirlo.<\/p>\n<p>Ninguna de las seis mujeres israel\u00edes, de 36 a 61 a\u00f1os de edad, hab\u00eda contra\u00eddo Shingrix.<\/p>\n<p>\u00bfQu\u00e9 hace que el herpes zoster brote y se convierta en un brote de culebrilla? No est\u00e1 claro, pero los brotes se han relacionado con algo que todos hemos sentido durante la pandemia: el estr\u00e9s.<\/p>\n<p>Otro factor de riesgo es tener un sistema inmunitario debilitado. Las seis mujeres ten\u00edan enfermedades autoinmunes, como la artritis reumatoide, y estaban tomando medicamentos que inhiben el sistema inmunol\u00f3gico.<\/p>\n<p>C\u00f3mo distinguir la evidencia de la coincidencia<\/p>\n<p>Schaffner ha estado recibiendo correos electr\u00f3nicos de pacientes que desarrollaron culebrilla poco despu\u00e9s de recibir una vacuna COVID-19. \u00abEst\u00e1n absolutamente convencidos de que existe una relaci\u00f3n causal\u00bb, dijo.<\/p>\n<p>Pero para establecer un v\u00ednculo cient\u00edficamente, la tasa de culebrilla en una gran poblaci\u00f3n no vacunada tendr\u00eda que compararse con la tasa en una poblaci\u00f3n similar vacunada. poblaci\u00f3n.<\/p>\n<p>\u00abSi la tasa es significativamente m\u00e1s alta en la poblaci\u00f3n vacunada, entonces probablemente haya una relaci\u00f3n causal\u00bb, dijo Schaffner. \u00abSi no es as\u00ed, es una coincidencia\u00bb.<\/p>\n<p>Incluso si la tasa es m\u00e1s alta, el siguiente paso ser\u00edan los estudios de laboratorio de muestras de pacientes para encontrar evidencia biol\u00f3gica.<\/p>\n<p>Israel, con uno de programas de vacunaci\u00f3n m\u00e1s agresivos del mundo, ha administrado al menos una dosis de la vacuna de dos inyecciones de Pfizer a m\u00e1s de la mitad de la poblaci\u00f3n, o 4,7 millones de personas. (Casi el 40 % est\u00e1 completamente vacunado). Dado lo com\u00fan que es el herpes z\u00f3ster, seis casos de 4,7 millones no son una se\u00f1al de alerta, o lo que los investigadores llaman una \u00abse\u00f1al de seguridad\u00bb.<\/p>\n<p>En los EE. UU., los reguladores y Los cient\u00edficos de salud p\u00fablica est\u00e1n observando de cerca el Sistema de Informe de Eventos Adversos a las Vacunas (VAERS, por sus siglas en ingl\u00e9s) federal en busca de se\u00f1ales de seguridad de la vacunaci\u00f3n contra el COVID-19. Aunque el sistema de informes no es completo, permite a los cient\u00edficos federales comparar la tasa de un evento posterior a la vacuna, como el herpes z\u00f3ster, con la tasa \u00abde fondo\u00bb real en la poblaci\u00f3n general.<\/p>\n<p>As\u00ed es como VAERS revel\u00f3 una tasa ultra -raro trastorno de la coagulaci\u00f3n que llev\u00f3 a los funcionarios a \u00abpausar\u00bb el uso de la vacuna Johnson &amp; Johnson la semana pasada. A pesar de que el trastorno ha ocurrido en solo 1 en un mill\u00f3n de personas que recibieron la vacuna J&amp;J, esa tasa es aproximadamente tres veces m\u00e1s alta de lo que se esperar\u00eda. Un comit\u00e9 asesor federal de vacunas se reunir\u00e1 el viernes para recomendar si restringir, archivar o simplemente agregar una advertencia a la inyecci\u00f3n de una dosis de J&amp;J.<\/p>\n<p>\u00abHe instado a todos los que me contactaron a informar su caso de herpes z\u00f3ster a VAERS\u00bb, dijo Schaffner. <\/p>\n<p>Explore m\u00e1s<\/p>\n<p> Siga las \u00faltimas noticias sobre el brote de coronavirus (COVID-19) <strong>Informaci\u00f3n de la revista:<\/strong> Rheumatology <\/p>\n<p> 2021 The Philadelphia Inquirer, LLC.<br \/>Distribuido por Tribune Content Agency, LLC. <\/p>\n<p> <strong>Cita<\/strong>: La culebrilla no es causada por las vacunas contra el COVID-19. Aqu\u00ed est\u00e1 la ciencia (22 de abril de 2021) recuperado el 30 de agosto de 2022 de https:\/\/medicalxpress.com\/news\/2021-04-shingles-covid-vaccines-science.html Este documento est\u00e1 sujeto a derechos de autor. Aparte de cualquier trato justo con fines de estudio o investigaci\u00f3n privados, ninguna parte puede reproducirse sin el permiso por escrito. El contenido se proporciona \u00fanicamente con fines informativos.<\/p>\n","protected":false},"excerpt":{"rendered":"<p>Cr\u00e9dito: Unsplash\/CC0 Dominio p\u00fablico M\u00e9dicos en Israel informaron recientemente que seis mujeres con trastornos autoinmunes desarrollaron una erupci\u00f3n dolorosa conocida como culebrilla de 3 a 14 d\u00edas despu\u00e9s de recibir una primera o segunda dosis de la vacuna contra el COVID-19 de Pfizer. . \u00a1Vaya! Los medios tradicionales y sociales, por no mencionar a los &hellip; <a href=\"https:\/\/www.biblia.work\/articulos-salud\/la-culebrilla-no-es-causada-por-las-vacunas-contra-el-covid-19-aqui-esta-la-ciencia\/\" class=\"more-link\">Continuar leyendo<span class=\"screen-reader-text\"> \u00abLa culebrilla no es causada por las vacunas contra el COVID-19. Aqu\u00ed est\u00e1 la ciencia\u00bb<\/span><\/a><\/p>\n","protected":false},"author":1,"featured_media":0,"comment_status":"","ping_status":"","sticky":false,"template":"","format":"standard","meta":{"footnotes":""},"categories":[1],"tags":[],"class_list":["post-20048","post","type-post","status-publish","format-standard","hentry","category-general"],"_links":{"self":[{"href":"https:\/\/www.biblia.work\/articulos-salud\/wp-json\/wp\/v2\/posts\/20048","targetHints":{"allow":["GET"]}}],"collection":[{"href":"https:\/\/www.biblia.work\/articulos-salud\/wp-json\/wp\/v2\/posts"}],"about":[{"href":"https:\/\/www.biblia.work\/articulos-salud\/wp-json\/wp\/v2\/types\/post"}],"author":[{"embeddable":true,"href":"https:\/\/www.biblia.work\/articulos-salud\/wp-json\/wp\/v2\/users\/1"}],"replies":[{"embeddable":true,"href":"https:\/\/www.biblia.work\/articulos-salud\/wp-json\/wp\/v2\/comments?post=20048"}],"version-history":[{"count":0,"href":"https:\/\/www.biblia.work\/articulos-salud\/wp-json\/wp\/v2\/posts\/20048\/revisions"}],"wp:attachment":[{"href":"https:\/\/www.biblia.work\/articulos-salud\/wp-json\/wp\/v2\/media?parent=20048"}],"wp:term":[{"taxonomy":"category","embeddable":true,"href":"https:\/\/www.biblia.work\/articulos-salud\/wp-json\/wp\/v2\/categories?post=20048"},{"taxonomy":"post_tag","embeddable":true,"href":"https:\/\/www.biblia.work\/articulos-salud\/wp-json\/wp\/v2\/tags?post=20048"}],"curies":[{"name":"wp","href":"https:\/\/api.w.org\/{rel}","templated":true}]}}