{"id":20056,"date":"2022-08-30T13:38:30","date_gmt":"2022-08-30T18:38:30","guid":{"rendered":"https:\/\/www.biblia.work\/articulos-salud\/las-infecciones-holandesas-por-coronavirus-aumentan-antes-de-la-relajacion-del-confinamiento\/"},"modified":"2022-08-30T13:38:30","modified_gmt":"2022-08-30T18:38:30","slug":"las-infecciones-holandesas-por-coronavirus-aumentan-antes-de-la-relajacion-del-confinamiento","status":"publish","type":"post","link":"https:\/\/www.biblia.work\/articulos-salud\/las-infecciones-holandesas-por-coronavirus-aumentan-antes-de-la-relajacion-del-confinamiento\/","title":{"rendered":"Las infecciones holandesas por coronavirus aumentan antes de la relajaci\u00f3n del confinamiento"},"content":{"rendered":"<p>En esta foto de archivo fechada el jueves 1 de abril de 2021, el primer ministro interino holand\u00e9s Mark Rutte escucha un debate en el parlamento en La Haya, Pa\u00edses Bajos. Rutte anunci\u00f3 el martes 20 de abril de 2021 una relajaci\u00f3n significativa en el confinamiento por coronavirus de su pa\u00eds, que dur\u00f3 meses, calific\u00e1ndolo de un acto de equilibrio delicado, ya que las infecciones siguen siendo obstinadamente altas y crece la fatiga del confinamiento. (AP Photo\/Peter Dejong) <\/p>\n<p>Primer interino holand\u00e9s El ministro Mark Rutte defendi\u00f3 el jueves su decisi\u00f3n de aliviar el bloqueo de su pa\u00eds la pr\u00f3xima semana, incluso despu\u00e9s de que Holanda registrara 9.648 nuevas infecciones por coronavirus, el mayor aumento diario desde enero. <\/p>\n<p>La autoridad nacional de atenci\u00f3n tambi\u00e9n dijo que el alto n\u00famero de pacientes con COVID-19 en el pa\u00eds significa que m\u00e1s de un tercio de los hospitales holandeses ya no tienen la capacidad para llevar a cabo la atenci\u00f3n cr\u00edtica planificada y que casi todos los hospitales est\u00e1n retrasando los procedimientos m\u00e9dicos menos urgentes. <\/p>\n<p>\u00abEl n\u00famero de COVID en las UCI es alto y tiene una tendencia al alza\u00bb, dijo el Centro Nacional de Coordinaci\u00f3n para la Distribuci\u00f3n de Pacientes. El n\u00famero de pacientes con COVID-19 en unidades de cuidados intensivos aument\u00f3 en 17 a 839 durante el \u00faltimo d\u00eda.<\/p>\n<p>A\u00fan as\u00ed, la naci\u00f3n se est\u00e1 preparando para aliviar su bloqueo la pr\u00f3xima semana.<\/p>\n<p>Rutte anunci\u00f3 el martes que el toque de queda nacional de 10:30 p. m. a 4:30 a. m. vigente desde enero terminar\u00e1 el 28 de abril, cuando se permitir\u00e1 a los bares y restaurantes reabrir las terrazas al aire libre bajo estrictas condiciones desde el mediod\u00eda hasta las 6 p. m.<\/p>\n<p>Los compradores ya no tendr\u00e1 que hacer citas para visitar tiendas no esenciales, aunque la cantidad de clientes por tienda seguir\u00e1 estando estrictamente limitada.<\/p>\n<p>Rutte dijo en un debate parlamentario el jueves que su gobierno est\u00e1 preparado para asumir un \u00abriesgo aceptable\u00bb al aliviar las restricciones porque el modelo muestra una disminuci\u00f3n en las infecciones y los ingresos hospitalarios probablemente a principios de mayo.<\/p>\n<p>\u00abEsto tambi\u00e9n tiene que ver con la evaluaci\u00f3n social m\u00e1s amplia y creemos que es un riesgo responsable\u00bb, dijo. .<\/p>\n<p>Los bares y otros locales de hosteler\u00eda est\u00e1n cerrados desde mediados de octubre y desde hace semanas ha estado presionando para reabrir.<\/p>\n<p>En el debate del Parlamento, la l\u00edder opositora del Partido Laborista, Lilianne Ploumen, inst\u00f3 al gobierno a suspender la relajaci\u00f3n de las reglas.<\/p>\n<p>El promedio m\u00f3vil de 7 d\u00edas de los casos nuevos en los Pa\u00edses Bajos aumentaron en las \u00faltimas dos semanas de 40,8 casos nuevos por cada 100 000 personas el 7 de abril a 47,9 casos nuevos por cada 100 000 personas el 21 de abril. Los Pa\u00edses Bajos han visto m\u00e1s de 17 000 muertes confirmadas por el virus en la pandemia. <\/p>\n<p>Explore m\u00e1s<\/p>\n<p> Siga las \u00faltimas noticias sobre el brote de coronavirus (COVID-19) <\/p>\n<p> 2021 The Associated Press. Reservados todos los derechos. Este material no puede ser publicado, transmitido, reescrito o redistribuido sin permiso. <\/p>\n<p> <strong>Cita<\/strong>: Las infecciones holandesas por coronavirus aumentan antes de la relajaci\u00f3n del bloqueo (22 de abril de 2021) recuperado el 30 de agosto de 2022 de https:\/\/medicalxpress.com\/news\/2021-04-dutch-coronavirus- infecciones-bloqueo-easing.html Este documento est\u00e1 sujeto a derechos de autor. Aparte de cualquier trato justo con fines de estudio o investigaci\u00f3n privados, ninguna parte puede reproducirse sin el permiso por escrito. El contenido se proporciona \u00fanicamente con fines informativos.<\/p>\n","protected":false},"excerpt":{"rendered":"<p>En esta foto de archivo fechada el jueves 1 de abril de 2021, el primer ministro interino holand\u00e9s Mark Rutte escucha un debate en el parlamento en La Haya, Pa\u00edses Bajos. Rutte anunci\u00f3 el martes 20 de abril de 2021 una relajaci\u00f3n significativa en el confinamiento por coronavirus de su pa\u00eds, que dur\u00f3 meses, calific\u00e1ndolo &hellip; <a href=\"https:\/\/www.biblia.work\/articulos-salud\/las-infecciones-holandesas-por-coronavirus-aumentan-antes-de-la-relajacion-del-confinamiento\/\" class=\"more-link\">Continuar leyendo<span class=\"screen-reader-text\"> \u00abLas infecciones holandesas por coronavirus aumentan antes de la relajaci\u00f3n del confinamiento\u00bb<\/span><\/a><\/p>\n","protected":false},"author":1,"featured_media":0,"comment_status":"","ping_status":"","sticky":false,"template":"","format":"standard","meta":{"footnotes":""},"categories":[1],"tags":[],"class_list":["post-20056","post","type-post","status-publish","format-standard","hentry","category-general"],"_links":{"self":[{"href":"https:\/\/www.biblia.work\/articulos-salud\/wp-json\/wp\/v2\/posts\/20056","targetHints":{"allow":["GET"]}}],"collection":[{"href":"https:\/\/www.biblia.work\/articulos-salud\/wp-json\/wp\/v2\/posts"}],"about":[{"href":"https:\/\/www.biblia.work\/articulos-salud\/wp-json\/wp\/v2\/types\/post"}],"author":[{"embeddable":true,"href":"https:\/\/www.biblia.work\/articulos-salud\/wp-json\/wp\/v2\/users\/1"}],"replies":[{"embeddable":true,"href":"https:\/\/www.biblia.work\/articulos-salud\/wp-json\/wp\/v2\/comments?post=20056"}],"version-history":[{"count":0,"href":"https:\/\/www.biblia.work\/articulos-salud\/wp-json\/wp\/v2\/posts\/20056\/revisions"}],"wp:attachment":[{"href":"https:\/\/www.biblia.work\/articulos-salud\/wp-json\/wp\/v2\/media?parent=20056"}],"wp:term":[{"taxonomy":"category","embeddable":true,"href":"https:\/\/www.biblia.work\/articulos-salud\/wp-json\/wp\/v2\/categories?post=20056"},{"taxonomy":"post_tag","embeddable":true,"href":"https:\/\/www.biblia.work\/articulos-salud\/wp-json\/wp\/v2\/tags?post=20056"}],"curies":[{"name":"wp","href":"https:\/\/api.w.org\/{rel}","templated":true}]}}