{"id":20058,"date":"2022-08-30T13:38:34","date_gmt":"2022-08-30T18:38:34","guid":{"rendered":"https:\/\/www.biblia.work\/articulos-salud\/el-pico-de-la-tercera-ola-de-covid-en-francia-parece-haber-quedado-atras-pm\/"},"modified":"2022-08-30T13:38:34","modified_gmt":"2022-08-30T18:38:34","slug":"el-pico-de-la-tercera-ola-de-covid-en-francia-parece-haber-quedado-atras-pm","status":"publish","type":"post","link":"https:\/\/www.biblia.work\/articulos-salud\/el-pico-de-la-tercera-ola-de-covid-en-francia-parece-haber-quedado-atras-pm\/","title":{"rendered":"El pico de la tercera ola de covid en Francia &#8216;parece haber quedado atr\u00e1s&#8217;: PM"},"content":{"rendered":"<p>Cr\u00e9dito: CC0 Public Domain <\/p>\n<p>El pico de la tercera ola de la pandemia de COVID-19 en Francia \u00abparece haber quedado atr\u00e1s\u00bb, primer ministro dijo Jean Castex el jueves, al anunciar que las restricciones de viaje se relajar\u00e1n a partir de principios del pr\u00f3ximo mes. <\/p>\n<p>Le dijo a los periodistas que hab\u00eda habido una \u00abverdadera ca\u00edda en la circulaci\u00f3n del virus en los \u00faltimos 10 d\u00edas\u00bb, y confirm\u00f3 que las restricciones que confinan a las personas a un radio de 10 kil\u00f3metros (seis millas) de sus hogares se eliminar\u00e1n a partir de mayo. 3.<\/p>\n<p>Francia se encuentra actualmente en su tercer confinamiento para frenar el coronavirus, pero esta vez ha sido considerablemente m\u00e1s relajado que los anteriores, y se fomentan las actividades al aire libre para promover la salud mental.<\/p>\n<p> Sin embargo, la mayor\u00eda de las tiendas no esenciales han sido cerradas, junto con caf\u00e9s, restaurantes y tambi\u00e9n lugares culturales, y los actores de muchos sectores presionan al gobierno para que reabran despu\u00e9s de meses de cierre.<\/p>\n<p>Castex dijo que \u00ablas tiendas , determinadas actividades culturales y deportivas y las terrazas de los caf\u00e9s\u00bb podr\u00edan reabrir \u00abhacia mediados de mayo\u00bb, en funci\u00f3n de la evoluci\u00f3n de la situaci\u00f3n sanitaria.<\/p>\n<p>Enfatiz\u00f3 que el Gobierno tambi\u00e9n podr\u00eda permitir reaperturas a nivel regional a partir de con aquellas \u00e1reas con menor prevalencia del virus.<\/p>\n<p>Una naci\u00f3nw El toque de queda de las 7:00 p. personas con coronavirus en cuidados intensivos en Francia el jueves, mostraron datos oficiales, y la cifra, para alivio de las autoridades, se estabiliz\u00f3 por debajo de 6,000 en los \u00faltimos d\u00edas.<\/p>\n<p>En total, 102,164 personas han muerto en Francia por la pandemia pero, despu\u00e9s de un comienzo lento, la campa\u00f1a de vacunas est\u00e1 ganando ritmo con m\u00e1s de 13 millones de personas que ahora reciben al menos una primera dosis.<\/p>\n<p>El ministro de Salud, Olivier Veran, dijo que Francia comenzar\u00eda a ofrecer la vacuna Johnson &amp; Johnson , que requiere una sola inyecci\u00f3n, a partir del s\u00e1bado para personas de 55 a\u00f1os o m\u00e1s.<\/p>\n<p>Ser\u00e1 la cuarta vacuna que ofrece Francia despu\u00e9s de Pfizer-BioNTech, Moderna y AstraZeneca.<\/p>\n<p> El regulador de medicamentos de Europa dijo el martes que los co\u00e1gulos de sangre deber\u00edan incluirse como un efecto secundario \u00abmuy raro\u00bb de Johnson &amp; Johnson, pero que los beneficios de la inyecci\u00f3n a\u00fan superan los riesgos.<\/p>\n<p>Mientras tanto, el ministro del Interior, Gerald Darmanin, dijo que para mantener las variantes potencialmente peligrosas de COVID-19 fuera del pa\u00eds, todos los pasajeros que lleguen de Argentina, Brasil, Chile, India y Sud\u00e1frica deber\u00e1n observar en su residencia una cuarentena de 10 d\u00edas que ser\u00e1 monitoreada por la polic\u00eda. <\/p>\n<p>Explore m\u00e1s<\/p>\n<p> Siga las \u00faltimas noticias sobre el brote de coronavirus (COVID-19) <\/p>\n<p> 2021 AFP <\/p>\n<p> <strong>Cita<\/strong>: El pico de la tercera ola de covid en Francia &#8216;parece ser detr\u00e1s de nosotros&#8217;: PM (22 de abril de 2021) recuperado el 30 de agosto de 2022 de https:\/\/medicalxpress.com\/news\/2021-04-covid-3rd-peak-france-pm.html Este documento est\u00e1 sujeto a derechos de autor. Aparte de cualquier trato justo con fines de estudio o investigaci\u00f3n privados, ninguna parte puede reproducirse sin el permiso por escrito. El contenido se proporciona \u00fanicamente con fines informativos.<\/p>\n","protected":false},"excerpt":{"rendered":"<p>Cr\u00e9dito: CC0 Public Domain El pico de la tercera ola de la pandemia de COVID-19 en Francia \u00abparece haber quedado atr\u00e1s\u00bb, primer ministro dijo Jean Castex el jueves, al anunciar que las restricciones de viaje se relajar\u00e1n a partir de principios del pr\u00f3ximo mes. Le dijo a los periodistas que hab\u00eda habido una \u00abverdadera ca\u00edda &hellip; <a href=\"https:\/\/www.biblia.work\/articulos-salud\/el-pico-de-la-tercera-ola-de-covid-en-francia-parece-haber-quedado-atras-pm\/\" class=\"more-link\">Continuar leyendo<span class=\"screen-reader-text\"> \u00abEl pico de la tercera ola de covid en Francia &#8216;parece haber quedado atr\u00e1s&#8217;: PM\u00bb<\/span><\/a><\/p>\n","protected":false},"author":1,"featured_media":0,"comment_status":"","ping_status":"","sticky":false,"template":"","format":"standard","meta":{"footnotes":""},"categories":[1],"tags":[],"class_list":["post-20058","post","type-post","status-publish","format-standard","hentry","category-general"],"_links":{"self":[{"href":"https:\/\/www.biblia.work\/articulos-salud\/wp-json\/wp\/v2\/posts\/20058","targetHints":{"allow":["GET"]}}],"collection":[{"href":"https:\/\/www.biblia.work\/articulos-salud\/wp-json\/wp\/v2\/posts"}],"about":[{"href":"https:\/\/www.biblia.work\/articulos-salud\/wp-json\/wp\/v2\/types\/post"}],"author":[{"embeddable":true,"href":"https:\/\/www.biblia.work\/articulos-salud\/wp-json\/wp\/v2\/users\/1"}],"replies":[{"embeddable":true,"href":"https:\/\/www.biblia.work\/articulos-salud\/wp-json\/wp\/v2\/comments?post=20058"}],"version-history":[{"count":0,"href":"https:\/\/www.biblia.work\/articulos-salud\/wp-json\/wp\/v2\/posts\/20058\/revisions"}],"wp:attachment":[{"href":"https:\/\/www.biblia.work\/articulos-salud\/wp-json\/wp\/v2\/media?parent=20058"}],"wp:term":[{"taxonomy":"category","embeddable":true,"href":"https:\/\/www.biblia.work\/articulos-salud\/wp-json\/wp\/v2\/categories?post=20058"},{"taxonomy":"post_tag","embeddable":true,"href":"https:\/\/www.biblia.work\/articulos-salud\/wp-json\/wp\/v2\/tags?post=20058"}],"curies":[{"name":"wp","href":"https:\/\/api.w.org\/{rel}","templated":true}]}}