{"id":20065,"date":"2022-08-30T13:38:50","date_gmt":"2022-08-30T18:38:50","guid":{"rendered":"https:\/\/www.biblia.work\/articulos-salud\/variante-india-de-covid-detectada-en-belgica-funcionario-de-salud\/"},"modified":"2022-08-30T13:38:50","modified_gmt":"2022-08-30T18:38:50","slug":"variante-india-de-covid-detectada-en-belgica-funcionario-de-salud","status":"publish","type":"post","link":"https:\/\/www.biblia.work\/articulos-salud\/variante-india-de-covid-detectada-en-belgica-funcionario-de-salud\/","title":{"rendered":"Variante india de COVID detectada en B\u00e9lgica: funcionario de salud"},"content":{"rendered":"<p>Cr\u00e9dito: Pixabay\/CC0 Dominio p\u00fablico <\/p>\n<p>La variante de COVID-19 que contribuye a un aumento en los casos de coronavirus en India se detect\u00f3 en B\u00e9lgica en un grupo de estudiantes indios que llegaron de Par\u00eds, dijeron el jueves las autoridades belgas. <\/p>\n<p>Veinte estudiantes de enfermer\u00eda, que llegaron a B\u00e9lgica a mediados de abril despu\u00e9s de viajar desde el aeropuerto Charles de Gaulle de la capital francesa, dieron positivo por la variante, dijo a la AFP la oficina del comisionado del gobierno Pedro Facon, confirmando informes de los medios.<\/p>\n<p>Los estudiantes han sido puestos en cuarentena en Aalst y Lovaina en el norte de B\u00e9lgica, donde deb\u00edan comenzar un curso de capacitaci\u00f3n. <\/p>\n<p>Varios expertos han sugerido que pueden haber sido v\u00edctimas de un \u00absuperpropagador\u00bb, ya sea un miembro de su grupo u otro pasajero en el autob\u00fas que los llev\u00f3 a B\u00e9lgica desde Par\u00eds. <\/p>\n<p>\u00abEstos estudiantes han estado respetando un aislamiento estricto desde su llegada. Veinte de los 43 estudiantes est\u00e1n infectados hoy por la variante &#8216;india'\u00bb, tuite\u00f3 el microbi\u00f3logo Emmanuel Andre de la Universidad Cat\u00f3lica de Lovaina.<\/p>\n<p> p&gt; <\/p>\n<p>El vir\u00f3logo Marc Van Ranst, otro experto que se ha destacado en la cobertura belga de la crisis, dijo a una estaci\u00f3n de radio flamenca que el grupo hab\u00eda aterrizado en Par\u00eds el 12 de abril. Varios de los estudiantes comenzaron a tener s\u00edntomas del virus cinco d\u00edas despu\u00e9s. , \u00e9l dijo. <\/p>\n<p>La variante B.1.617 ya apareci\u00f3 en otros lugares, incluidos los Estados Unidos, Australia, Israel y Singapur. La preocupaci\u00f3n al respecto ha llevado a algunos pa\u00edses, incluido el Reino Unido, a imponer restricciones de viaje a la India. <\/p>\n<p>Explore m\u00e1s<\/p>\n<p> Siga las \u00faltimas noticias sobre el brote de coronavirus (COVID-19) <\/p>\n<p> 2021 AFP <\/p>\n<p> <strong>Cita<\/strong>: variante india de COVID detectada en B\u00e9lgica: funcionario de salud ( 2021, 22 de abril) recuperado el 30 de agosto de 2022 de https:\/\/medicalxpress.com\/news\/2021-04-indian-covid-variant-belgium-health.html Este documento est\u00e1 sujeto a derechos de autor. Aparte de cualquier trato justo con fines de estudio o investigaci\u00f3n privados, ninguna parte puede reproducirse sin el permiso por escrito. El contenido se proporciona \u00fanicamente con fines informativos.<\/p>\n","protected":false},"excerpt":{"rendered":"<p>Cr\u00e9dito: Pixabay\/CC0 Dominio p\u00fablico La variante de COVID-19 que contribuye a un aumento en los casos de coronavirus en India se detect\u00f3 en B\u00e9lgica en un grupo de estudiantes indios que llegaron de Par\u00eds, dijeron el jueves las autoridades belgas. Veinte estudiantes de enfermer\u00eda, que llegaron a B\u00e9lgica a mediados de abril despu\u00e9s de viajar &hellip; <a href=\"https:\/\/www.biblia.work\/articulos-salud\/variante-india-de-covid-detectada-en-belgica-funcionario-de-salud\/\" class=\"more-link\">Continuar leyendo<span class=\"screen-reader-text\"> \u00abVariante india de COVID detectada en B\u00e9lgica: funcionario de salud\u00bb<\/span><\/a><\/p>\n","protected":false},"author":1,"featured_media":0,"comment_status":"","ping_status":"","sticky":false,"template":"","format":"standard","meta":{"footnotes":""},"categories":[1],"tags":[],"class_list":["post-20065","post","type-post","status-publish","format-standard","hentry","category-general"],"_links":{"self":[{"href":"https:\/\/www.biblia.work\/articulos-salud\/wp-json\/wp\/v2\/posts\/20065","targetHints":{"allow":["GET"]}}],"collection":[{"href":"https:\/\/www.biblia.work\/articulos-salud\/wp-json\/wp\/v2\/posts"}],"about":[{"href":"https:\/\/www.biblia.work\/articulos-salud\/wp-json\/wp\/v2\/types\/post"}],"author":[{"embeddable":true,"href":"https:\/\/www.biblia.work\/articulos-salud\/wp-json\/wp\/v2\/users\/1"}],"replies":[{"embeddable":true,"href":"https:\/\/www.biblia.work\/articulos-salud\/wp-json\/wp\/v2\/comments?post=20065"}],"version-history":[{"count":0,"href":"https:\/\/www.biblia.work\/articulos-salud\/wp-json\/wp\/v2\/posts\/20065\/revisions"}],"wp:attachment":[{"href":"https:\/\/www.biblia.work\/articulos-salud\/wp-json\/wp\/v2\/media?parent=20065"}],"wp:term":[{"taxonomy":"category","embeddable":true,"href":"https:\/\/www.biblia.work\/articulos-salud\/wp-json\/wp\/v2\/categories?post=20065"},{"taxonomy":"post_tag","embeddable":true,"href":"https:\/\/www.biblia.work\/articulos-salud\/wp-json\/wp\/v2\/tags?post=20065"}],"curies":[{"name":"wp","href":"https:\/\/api.w.org\/{rel}","templated":true}]}}