{"id":20071,"date":"2022-08-30T13:39:01","date_gmt":"2022-08-30T18:39:01","guid":{"rendered":"https:\/\/www.biblia.work\/articulos-salud\/nuevos-conocimientos-sobre-la-inflamacion-en-covid-19\/"},"modified":"2022-08-30T13:39:01","modified_gmt":"2022-08-30T18:39:01","slug":"nuevos-conocimientos-sobre-la-inflamacion-en-covid-19","status":"publish","type":"post","link":"https:\/\/www.biblia.work\/articulos-salud\/nuevos-conocimientos-sobre-la-inflamacion-en-covid-19\/","title":{"rendered":"Nuevos conocimientos sobre la inflamaci\u00f3n en COVID-19"},"content":{"rendered":"<p>Cr\u00e9dito: CC0 Dominio p\u00fablico <\/p>\n<p>Los casos graves de COVID-19 pueden implicar una inflamaci\u00f3n extensa en el cuerpo, y los m\u00e9dicos se han preguntado si este estado es similar a los llamados s\u00edndromes de tormenta de citoquinas. en el que el sistema inmunitario produce demasiadas se\u00f1ales inflamatorias que a veces pueden conducir a la insuficiencia org\u00e1nica y la muerte. Un nuevo estudio publicado en Arthritis &amp; Rheumatology indica que diferentes marcadores en la sangre diferencian claramente la inflamaci\u00f3n excesiva en el COVID-19 cr\u00edtico de los s\u00edndromes de tormenta de citoquinas. <\/p>\n<p>La investigaci\u00f3n, dirigida por investigadores del University Children&#8217;s Hospital Muenster en Alemania, ser\u00e1 \u00fatil para decidir qu\u00e9 medicamentos usar en diferentes pacientes. Por ejemplo, apuntar a algunas mol\u00e9culas y v\u00edas clave asociadas con los s\u00edndromes de tormenta de citoquinas puede no ser efectivo para tratar pacientes con COVID-19.<\/p>\n<p>\u00abCuando nos dimos cuenta por primera vez de una posible asociaci\u00f3n de COVID-19 particularmente cr\u00edtico con tormenta de citoquinas, esto fue intrigante para nosotros, ya que en el campo de la autoinflamaci\u00f3n estamos tratando e investigando tales condiciones de manera regular\u00bb, dijo el autor principal, Christoph Kessel, Ph.D.<\/p>\n<p>\u00abNuestra investigaci\u00f3n actual ofrece amplios conocimientos sobre la naturaleza y la importancia de la hiperinflamaci\u00f3n sist\u00e9mica despu\u00e9s de la infecci\u00f3n por SARS-COV-2\u00bb, agreg\u00f3 el coautor principal Richard Vollenberg, MD. \u00abConsideramos que esto es relevante ya que todav\u00eda carecemos de los \u00e1ngulos de ataque adecuados para tratar a los pacientes en estado cr\u00edtico\u00bb. <\/p>\n<p>Explore m\u00e1s<\/p>\n<p> \u00bfExiste la tormenta de citoquinas del COVID-19? <strong>M\u00e1s informaci\u00f3n:<\/strong> Arthritis &amp; Rheumatology, DOI: 10.1002\/art.41763 Proporcionado por Wiley <strong>Cita<\/strong>: Nuevos conocimientos sobre la inflamaci\u00f3n en COVID-19 (21 de abril de 2021) consultado el 30 de agosto 2022 de https:\/\/medicalxpress.com\/news\/2021-04-insights-inflammation-covid-.html Este documento est\u00e1 sujeto a derechos de autor. Aparte de cualquier trato justo con fines de estudio o investigaci\u00f3n privados, ninguna parte puede reproducirse sin el permiso por escrito. El contenido se proporciona \u00fanicamente con fines informativos.<\/p>\n","protected":false},"excerpt":{"rendered":"<p>Cr\u00e9dito: CC0 Dominio p\u00fablico Los casos graves de COVID-19 pueden implicar una inflamaci\u00f3n extensa en el cuerpo, y los m\u00e9dicos se han preguntado si este estado es similar a los llamados s\u00edndromes de tormenta de citoquinas. en el que el sistema inmunitario produce demasiadas se\u00f1ales inflamatorias que a veces pueden conducir a la insuficiencia org\u00e1nica &hellip; <a href=\"https:\/\/www.biblia.work\/articulos-salud\/nuevos-conocimientos-sobre-la-inflamacion-en-covid-19\/\" class=\"more-link\">Continuar leyendo<span class=\"screen-reader-text\"> \u00abNuevos conocimientos sobre la inflamaci\u00f3n en COVID-19\u00bb<\/span><\/a><\/p>\n","protected":false},"author":1,"featured_media":0,"comment_status":"","ping_status":"","sticky":false,"template":"","format":"standard","meta":{"footnotes":""},"categories":[1],"tags":[],"class_list":["post-20071","post","type-post","status-publish","format-standard","hentry","category-general"],"_links":{"self":[{"href":"https:\/\/www.biblia.work\/articulos-salud\/wp-json\/wp\/v2\/posts\/20071","targetHints":{"allow":["GET"]}}],"collection":[{"href":"https:\/\/www.biblia.work\/articulos-salud\/wp-json\/wp\/v2\/posts"}],"about":[{"href":"https:\/\/www.biblia.work\/articulos-salud\/wp-json\/wp\/v2\/types\/post"}],"author":[{"embeddable":true,"href":"https:\/\/www.biblia.work\/articulos-salud\/wp-json\/wp\/v2\/users\/1"}],"replies":[{"embeddable":true,"href":"https:\/\/www.biblia.work\/articulos-salud\/wp-json\/wp\/v2\/comments?post=20071"}],"version-history":[{"count":0,"href":"https:\/\/www.biblia.work\/articulos-salud\/wp-json\/wp\/v2\/posts\/20071\/revisions"}],"wp:attachment":[{"href":"https:\/\/www.biblia.work\/articulos-salud\/wp-json\/wp\/v2\/media?parent=20071"}],"wp:term":[{"taxonomy":"category","embeddable":true,"href":"https:\/\/www.biblia.work\/articulos-salud\/wp-json\/wp\/v2\/categories?post=20071"},{"taxonomy":"post_tag","embeddable":true,"href":"https:\/\/www.biblia.work\/articulos-salud\/wp-json\/wp\/v2\/tags?post=20071"}],"curies":[{"name":"wp","href":"https:\/\/api.w.org\/{rel}","templated":true}]}}