{"id":20082,"date":"2022-08-30T13:39:22","date_gmt":"2022-08-30T18:39:22","guid":{"rendered":"https:\/\/www.biblia.work\/articulos-salud\/los-casos-de-covid-en-brasil-siguen-aumentando-entre-la-mayoria-sin-proteccion\/"},"modified":"2022-08-30T13:39:22","modified_gmt":"2022-08-30T18:39:22","slug":"los-casos-de-covid-en-brasil-siguen-aumentando-entre-la-mayoria-sin-proteccion","status":"publish","type":"post","link":"https:\/\/www.biblia.work\/articulos-salud\/los-casos-de-covid-en-brasil-siguen-aumentando-entre-la-mayoria-sin-proteccion\/","title":{"rendered":"Los casos de COVID en Brasil siguen aumentando entre la mayor\u00eda sin protecci\u00f3n"},"content":{"rendered":"<p>La polic\u00eda disolvi\u00f3 una reuni\u00f3n social durante una operaci\u00f3n contra las reuniones ilegales y clandestinas que las autoridades creen que son en parte responsables de impulsar la propagaci\u00f3n de COVID-19, en un sal\u00f3n de fiestas en Sao Paulo, Brasil, la madrugada del s\u00e1bado 17 de abril de 2021. (Foto AP\/Marcelo Chello) <\/p>\n<p>El programa de vacunaci\u00f3n de Brasil, que se desarrolla lentamente, parece haber reducido el ritmo de muertes entre los ancianos del pa\u00eds, seg\u00fan datos del certificado de defunci\u00f3n, pero el COVID-19 a\u00fan est\u00e1 tomando aumento del n\u00famero de v\u00edctimas a medida que los j\u00f3venes sin protecci\u00f3n se enferman. <\/p>\n<p>Las personas de 80 a\u00f1os o m\u00e1s representaron una cuarta parte de las muertes por COVID-19 en el pa\u00eds en febrero, pero menos de una quinta parte en marzo, seg\u00fan datos proporcionados a The Associated Press el martes por Arpen-Brasil, una asociaci\u00f3n que representa a miles de los notarios que registran los certificados de defunci\u00f3n en Brasil.<\/p>\n<p>Pero relativamente pocos m\u00e1s all\u00e1 de los ancianos han sido protegidos: menos de 9 millones de los 210 millones de residentes de Brasil han sido completamente vacunados contra COVID-19, seg\u00fan Our World in Data , un sitio de investigaci\u00f3n en l\u00ednea.<\/p>\n<p>Las nuevas infecciones confirmadas del virus entre todos los grupos de edad aumentaron un 70 por ciento entre diciembre y marzo: los casos informados aumentaron de 1,3 millones en diciembre a 1,5 millones en enero, a 1,36 millones en febrero y a 2,25 millones en marzo.<\/p>\n<p>Pero entre las personas de 20 a 59 a\u00f1os el n\u00famero de muertos se triplic\u00f3 de febrero a marzo, llegando a 23.366, seg\u00fan los notarios.<\/p>\n<p>Gustavo Renato Fiscarelly, el presidente de Arpen-Brasil, dijo que las cifras muestran la impo rtance de las vacunas, as\u00ed como el peligro de que las personas bajen la guardia. \u201cTiene que haber precauci\u00f3n por parte de los m\u00e1s j\u00f3venes, que proporcionalmente se han visto m\u00e1s afectados por el n\u00famero de muertos\u201d.<\/p>\n<p> Una mujer presenta su identificaci\u00f3n mientras la polic\u00eda irrumpe en una reuni\u00f3n social durante un operativo contra las reuniones ilegales y clandestinas que las autoridades creen son en parte responsables de impulsar la propagaci\u00f3n de la COVID-19, en un sal\u00f3n de fiestas en Sao Paulo, Brasil, la madrugada del s\u00e1bado 17 de abril de 2021. (Foto AP\/Marcelo Chello) <\/p>\n<p>Los expertos en salud culpan a la falta de precauci\u00f3n de una situaci\u00f3n similar. patr\u00f3n en todo el continente.<\/p>\n<p>\u00abNo estamos actuando como una regi\u00f3n en medio de un brote que empeora\u00bb, dijo la Dra. Carissa F. Etienne, directora de la Organizaci\u00f3n Panamericana de la Salud, la semana pasada, quej\u00e1ndose que el n\u00famero de muertes semanales regionales fue m\u00e1s alto que en cualquier otro momento de 2020.<\/p>\n<p>\u00abA pesar de la transmisi\u00f3n continua en muchos lugares, las restricciones se han relajado. Las multitudes han regresado y las personas se re\u00fanen en el interior y toman el transporte p\u00fablico, a menudo sin mascarillas\u00bb, dijo.<\/p>\n<p>Expertos compla en que incluso los brasile\u00f1os que quieren aislarse a menudo se ven obligados a ir a trabajar porque los pagos de asistencia social del gobierno destinados a permitir que las personas se queden en casa se redujeron dr\u00e1sticamente en los primeros meses de este a\u00f1o.<\/p>\n<p>El programa de vacunas de Brasil ha sufrido repetidos retrasos. , pero el presidente Jair Bolsonaro ha hecho caso omiso de los llamados de expertos en salud y algunos gobernadores para imponer un bloqueo nacional para frenar la propagaci\u00f3n del virus.<\/p>\n<p> El doctor Malek Imad atiende a Everton Barbosa Godoy, paciente de COVID-19, de 34 a\u00f1os, en la unidad de emergencia de un hospital de campa\u00f1a en Ribeir\u00e3o Pires, \u00e1rea metropolitana de Sao Paulo, Brasil, el martes 13 de abril de 2021. (Foto AP\/Andre Penner) <\/p>\n<p>En ausencia de restricciones en todo el pa\u00eds, las personas no vacunadas siguen siendo vulnerables a la llamada variante brasile\u00f1a que se ha extendido r\u00e1pidamente por todo el pa\u00eds y Latinoam\u00e9rica.<\/p>\n<p>\u201cLa nueva variante P.1 es mucho m\u00e1s transmisible, y muy probablemente tambi\u00e9n es mucho m\u00e1s agresiva. Y est\u00e1 contaminando a muchos j\u00f3venes\u00bb, dijo Margareth Dalcolmo, neum\u00f3loga e investigadora del estatal Instituto Fiocruz.<\/p>\n<p>A los l\u00edderes locales les ha resultado dif\u00edcil hacer cumplir las restricciones, mientras que Bolsonaro insta a la gente a ignorar ellos.<\/p>\n<p>El gobierno del estado de Sao Paulo impuso horarios limitados para bares y restaurantes, pero fueron ampliamente violados. En las siete semanas hasta el 19 de abril, m\u00e1s de 500 establecimientos fueron multados por violar las reglas y la polic\u00eda ha detenido a miles de los buscadores de diversi\u00f3n.<\/p>\n<p>Eduardo Brotero, quien ayuda a encabezar un grupo de trabajo de la polic\u00eda que tiene como objetivo las fiestas clandestinas, describi\u00f3 una redada del 11 de abril a The Associated Press:<\/p>\n<ul>\n<li data-thumb=\" https:\/\/scx1.b-cdn.net\/csz\/news\/tmb\/2021\/2-brazilcovidc.jpg\" data-src=\"https:\/\/scx2.b-cdn.net\/gfx\/news\/hires\/2021 \/2-brazilcovidc.jpg\" data-sub-html=\"Trabajadores de salud trasladan pacientes de ambulancias al hospital p\u00fablico HRAN en Brasilia, Brasil, el viernes 16 de abril de 2021. La falta de medicamentos necesarios es la \u00faltima El problema pand\u00e9mico m\u00e1s grande que le ocurrir\u00e1 a Brasil, que est\u00e1 experimentando un brote brutal de COVID-19 que ha inundado las unidades de cuidados intensivos de la naci\u00f3n. (Foto AP\/Eraldo Peres)\"> Trabajadores de la salud trasladan pacientes de ambulancias al hospital p\u00fablico HRAN en Brasilia, Brasil, el viernes 16 de abril de 2021. La falta de los medicamentos necesarios es el problema pand\u00e9mico m\u00e1s reciente que afecta a Brasil, que est\u00e1 experimentando una brutal Brote de COVID-19 que ha inundado las unidades de cuidados intensivos del pa\u00eds (AP Photo\/Eraldo Peres) <\/li>\n<li data-thumb=\"https:\/\/scx1.b-cdn.net\/csz\/news\/tmb\/2021 \/5-brazilcovidc.jpg\" data-src=\"https:\/\/scx2.b-cdn.net\/gfx\/news\/hires\/2021\/5-brazilcovidc.jpg\" data-sub-html=\"Un polic\u00eda habla con un Mujer frente a un club nocturno luego de que fuera cerrado durante una operaci\u00f3n policial contra reuniones ilegales y clandestinas que las autoridades creen que son en parte responsables de impulsar la propagaci\u00f3n de COVID-19, en Sao Paulo, Brasil, la madrugada del domingo 11 de abril de 2021. (AP Photo\/Andre Penner)\"> Un polic\u00eda habla con una mujer afuera de un club nocturno luego de que fuera cerrado durante una operaci\u00f3n policial contra reuniones ilegales y clandestinas que las autoridades creen son en parte responsables de impulsar la propagaci\u00f3n de COVID-19, en Sao Paulo, Brasil, la madrugada del domingo 11 de abril de 2021. (AP Photo\/Andre Penner) <\/li>\n<li data-thumb=\"https:\/\/scx1. b-cdn.net\/csz\/news\/tmb\/2021\/7-brazilcovidc.jpg\" data-src=\"https:\/\/scx2.b-cdn.net\/gfx\/news\/hires\/2021\/7-brazilcovidc.jpg \" data-sub-html=\"Una mujer muestra una V mientras la polic\u00eda interrumpe una reuni\u00f3n social durante una operaci\u00f3n contra las reuniones ilegales y clandestinas que las autoridades creen que son en parte responsables de impulsar la propagaci\u00f3n de COVID-19, en un sal\u00f3n de fiestas en Sao Paulo, Brasil, la madrugada del s\u00e1bado 17 de abril de 2021. (AP Photo\/Marcelo Chello)\"> Una mujer muestra una V mientras la polic\u00eda interrumpe una reuni\u00f3n social durante una operaci\u00f3n contra las reuniones ilegales y clandestinas que las autoridades creen que son en parte responsables de alimentar la propagaci\u00f3n de COVID-19, en un sal\u00f3n de fiestas en Sao Paulo, Brasil, la madrugada del s\u00e1bado 17 de abril de 2021. (AP Photo\/Marcelo Chello) <\/li>\n<li data-thumb=\"https:\/\/scx1.b -cdn.net\/csz\/news\/tmb\/2021\/4-brazilcovidc.j pg\" data-src=\"https:\/\/scx2.b-cdn.net\/gfx\/news\/hires\/2021\/4-brazilcovidc.jpg\" data-sub-html=\"Paciente de 43 a\u00f1os con sospecha de El COVID-19 es trasladado de una ambulancia al hospital p\u00fablico HRAN en Brasilia, Brasil, el mi\u00e9rcoles 14 de abril de 2021. (Foto AP\/Eraldo Peres)\"> Un paciente de 43 a\u00f1os sospechoso de tener COVID-19 es trasladado de una ambulancia ingresa al hospital p\u00fablico HRAN en Brasilia, Brasil, el mi\u00e9rcoles 14 de abril de 2021. (Foto AP\/Eraldo Peres) <\/li>\n<li data-thumb=\"https:\/\/scx1.b-cdn.net\/csz \/noticias\/tmb\/2021\/6-brazilcovidc.jpg\" data-src=\"https:\/\/scx2.b-cdn.net\/gfx\/news\/hires\/2021\/6-brazilcovidc.jpg\" data-sub-html=\"El doctor Malek Imad atiende a Everton Barbosa Godoy, paciente de COVID-19 de 34 a\u00f1os, en la unidad de emergencia de un hospital de campa\u00f1a en Ribeir\u00e3o Pires, \u00e1rea metropolitana de Sao Paulo, Brasil, el martes 13 de abril de 2021. (Foto AP\/Andre Penner) \"> El doctor Malek Imad atiende a Everton Barbosa Godoy, paciente de COVID-19, de 34 a\u00f1os, en la unidad de emergencia de un hospital de campa\u00f1a en Ribeir\u00e3o Pires, gran r \u00c1rea de Sao Paulo, Brasil, martes 13 de abril de 2021. (AP Photo\/Andre Penner) <\/li>\n<li data-thumb=\"https:\/\/scx1.b-cdn.net\/csz\/news\/tmb\/ 2021\/8-brazilcovidc.jpg\" data-src=\"https:\/\/scx2.b-cdn.net\/gfx\/news\/hires\/2021\/8-brazilcovidc.jpg\" data-sub-html=\"Carlos Alberto aguanta su brazo izquierdo durante el entierro de su esposa Aparecida de Freitas, de 41 a\u00f1os, quien muri\u00f3 por complicaciones relacionadas con el COVID-19, en el cementerio de Inhauma, en R\u00edo de Janeiro, Brasil, el jueves 15 de abril de 2021. (AP Photo\/Bruna Prado)\"> Carlos Alberto extiende su brazo izquierdo durante el funeral de su esposa Aparecida de Freitas, de 41 a\u00f1os, quien muri\u00f3 por complicaciones relacionadas con el COVID-19, en el cementerio de Inhauma, en R\u00edo de Janeiro. Brasil, jueves 15 de abril de 2021. (Foto AP\/Bruna Prado) <\/li>\n<\/ul>\n<p>\u00abHab\u00eda casi 100 personas bebiendo y fumando narguiles. Incluso hab\u00eda una barbacoa adentro, sin medidas de seguridad, incluso en este per\u00edodo en el que todos los d\u00edas enfrentamos estas enormes cifras de muertes\u00bb.<\/p>\n<p>Brasil ha visto casi 375.000 muertes por el virus, un n\u00famero superado solo por la de los EE. UU. Casi la mitad de ese total ha llegado en lo que va de 2021. El n\u00famero promedio de muertes en siete d\u00edas aument\u00f3 a m\u00e1s de 3000, aunque la cifra ha retrocedido ligeramente en los \u00faltimos d\u00edas.<\/p>\n<p>Everton Godoy , de 34 a\u00f1os, se encuentra entre estos pacientes m\u00e1s j\u00f3venes de COVID-19. Fue internado en la enfermer\u00eda de un hospital de campa\u00f1a el 13 de abril en la peque\u00f1a ciudad de Ribeir\u00e3o Pires, en las afueras de Sao Paulo, y dijo que cree que se infect\u00f3 mientras trabajaba en una tienda de productos agr\u00edcolas.<\/p>\n<p>\u201cEsta enfermedad no tiene edad, y es una enfermedad muy triste\u201d, dijo Godoy con respiraci\u00f3n entrecortada, \u201cDe un d\u00eda para otro lamentablemente se lleva a la gente\u201d. <\/p>\n<p>Explorar m\u00e1s<\/p>\n<p> Siga las noticias m\u00e1s recientes sobre el brote de coronavirus (COVID-19) <\/p>\n<p> 2021 The Associated Press. Todos los derechos reservados. Es posible que este material no se publique. publicado, transmitido, reescrito o redistribuido sin permiso. <\/p>\n<p> <strong>Cita<\/strong>: Los casos de COVID en Brasil siguen aumentando entre la mayor\u00eda sin protecci\u00f3n (21 de abril de 2021) consultado el 30 de agosto de 2022 en https:\/\/medicalxpress.com\/news\/2021-04-brazil-covid- cases-soaring-unprotected.html Este documento est\u00e1 sujeto a derechos de autor. Aparte de cualquier trato justo con fines de estudio o investigaci\u00f3n privados, ninguna parte puede reproducirse sin el permiso por escrito. El contenido se proporciona \u00fanicamente con fines informativos.<\/p>\n","protected":false},"excerpt":{"rendered":"<p>La polic\u00eda disolvi\u00f3 una reuni\u00f3n social durante una operaci\u00f3n contra las reuniones ilegales y clandestinas que las autoridades creen que son en parte responsables de impulsar la propagaci\u00f3n de COVID-19, en un sal\u00f3n de fiestas en Sao Paulo, Brasil, la madrugada del s\u00e1bado 17 de abril de 2021. (Foto AP\/Marcelo Chello) El programa de vacunaci\u00f3n &hellip; <a href=\"https:\/\/www.biblia.work\/articulos-salud\/los-casos-de-covid-en-brasil-siguen-aumentando-entre-la-mayoria-sin-proteccion\/\" class=\"more-link\">Continuar leyendo<span class=\"screen-reader-text\"> \u00abLos casos de COVID en Brasil siguen aumentando entre la mayor\u00eda sin protecci\u00f3n\u00bb<\/span><\/a><\/p>\n","protected":false},"author":1,"featured_media":0,"comment_status":"","ping_status":"","sticky":false,"template":"","format":"standard","meta":{"footnotes":""},"categories":[1],"tags":[],"class_list":["post-20082","post","type-post","status-publish","format-standard","hentry","category-general"],"_links":{"self":[{"href":"https:\/\/www.biblia.work\/articulos-salud\/wp-json\/wp\/v2\/posts\/20082","targetHints":{"allow":["GET"]}}],"collection":[{"href":"https:\/\/www.biblia.work\/articulos-salud\/wp-json\/wp\/v2\/posts"}],"about":[{"href":"https:\/\/www.biblia.work\/articulos-salud\/wp-json\/wp\/v2\/types\/post"}],"author":[{"embeddable":true,"href":"https:\/\/www.biblia.work\/articulos-salud\/wp-json\/wp\/v2\/users\/1"}],"replies":[{"embeddable":true,"href":"https:\/\/www.biblia.work\/articulos-salud\/wp-json\/wp\/v2\/comments?post=20082"}],"version-history":[{"count":0,"href":"https:\/\/www.biblia.work\/articulos-salud\/wp-json\/wp\/v2\/posts\/20082\/revisions"}],"wp:attachment":[{"href":"https:\/\/www.biblia.work\/articulos-salud\/wp-json\/wp\/v2\/media?parent=20082"}],"wp:term":[{"taxonomy":"category","embeddable":true,"href":"https:\/\/www.biblia.work\/articulos-salud\/wp-json\/wp\/v2\/categories?post=20082"},{"taxonomy":"post_tag","embeddable":true,"href":"https:\/\/www.biblia.work\/articulos-salud\/wp-json\/wp\/v2\/tags?post=20082"}],"curies":[{"name":"wp","href":"https:\/\/api.w.org\/{rel}","templated":true}]}}