{"id":20085,"date":"2022-08-30T13:39:28","date_gmt":"2022-08-30T18:39:28","guid":{"rendered":"https:\/\/www.biblia.work\/articulos-salud\/francia-aliviara-el-toque-de-queda-y-los-limites-de-viaje-el-2-de-mayo-fuente-de-la-presidencia\/"},"modified":"2022-08-30T13:39:28","modified_gmt":"2022-08-30T18:39:28","slug":"francia-aliviara-el-toque-de-queda-y-los-limites-de-viaje-el-2-de-mayo-fuente-de-la-presidencia","status":"publish","type":"post","link":"https:\/\/www.biblia.work\/articulos-salud\/francia-aliviara-el-toque-de-queda-y-los-limites-de-viaje-el-2-de-mayo-fuente-de-la-presidencia\/","title":{"rendered":"Francia aliviar\u00e1 el toque de queda y los l\u00edmites de viaje el 2 de mayo: fuente de la presidencia"},"content":{"rendered":"<p>Cr\u00e9dito: Pixabay\/CC0 Dominio p\u00fablico <\/p>\n<p>Francia planea levantar las restricciones de viaje y aliviar el toque de queda en todo el pa\u00eds el 2 de mayo con la expectativa de que los casos diarios de COVID-19 pronto empezar a caer, dijo a la AFP una fuente cercana a la presidencia. <\/p>\n<p>El presidente Emmanuel Macron tambi\u00e9n tiene la intenci\u00f3n de cumplir el objetivo de permitir que los restaurantes atiendan a los clientes al aire libre a partir de mediados de mayo, al tiempo que reabre cines, teatros y museos con capacidad reducida, dijo la fuente.<\/p>\n<p>Non- Los negocios de alimentos tambi\u00e9n abrir\u00e1n sus puertas a mediados de mayo, luego de que Macron anunciara su cierre a partir del 3 de abril para contener una tercera ola de infecciones por coronavirus que nuevamente ha llevado a los hospitales al borde del abismo.<\/p>\n<p>Las personas actualmente deben permanecer dentro de los 10 kil\u00f3metros. (seis millas) de sus hogares y est\u00e1 vigente un toque de queda a las 7:00 p. m., aunque a partir del 2 de mayo ambos l\u00edmites se flexibilizar\u00e1n, dijo la fuente a la AFP el martes por la noche. frenar el brote, pero los estudiantes de jard\u00edn de infantes y primaria regresar\u00e1n el lunes, y los estudiantes mayores el 3 de mayo.<\/p>\n<p>Los restaurantes, caf\u00e9s y bares han estado cerrados desde el 30 de octubre, causando angustia a los propietarios a pesar de las enormes p\u00e9rdidas financieras. apoyo del gobierno para compensar la p\u00e9rdida de ingresos y limitar los despidos.<\/p>\n<p>Macron presidir\u00e1 una reuni\u00f3n con los principales ministros el mi\u00e9rcoles para evaluar los esfuerzos del gobierno para combatir la crisis.<\/p>\n<p>La perspectiva de alivio del cuasi-bloqueo refleja la convicci\u00f3n del gobierno de que el n\u00famero de casos diarios de COVID los casos caer\u00e1n a alrededor de 20,000 dentro de un mes, dijo la fuente.<\/p>\n<p>Macron tambi\u00e9n apuesta a que Francia cumplir\u00e1 su objetivo de vacunar a 20 millones de personas con al menos una dosis para mediados de mayo, frente a los 13 millones actualmente.<\/p>\n<p>El martes, las autoridades sanitarias informaron 43.098 casos durante las 24 horas anteriores y 375 muertes, lo que eleva el total del pa\u00eds a 101.597.<\/p>\n<p>Macron fue criticado por los opositores pol\u00edticos, as\u00ed como por expertos en salud a principios de este a\u00f1o cuando se decidi\u00f3 en contra de un nuevo confinamiento, desafiando una tendencia europea.<\/p>\n<p>Defendi\u00f3 la medida diciendo que Francia y su econom\u00eda hab\u00edan ganado \u00abpreciosas semanas de libertad\u00bb, pero el aumento de casos lo oblig\u00f3 a actuar. en abril, aunque no lleg\u00f3 a ordenar a las personas que se quedaran en casa o evitaran socializar. etely. <\/p>\n<p>Explore m\u00e1s<\/p>\n<p> Todos los ojos puestos en Macron mientras la tercera ola de virus sacude Francia <\/p>\n<p> 2021 AFP <\/p>\n<p> <strong>Cita<\/strong>: Francia aliviar\u00e1 el toque de queda y los l\u00edmites de viaje el 2 de mayo: fuente de la presidencia (2021, 21 de abril) recuperado el 30 de agosto de 2022 de https:\/\/medicalxpress.com\/news\/2021-04-france-ease-curfew-limits-source.html Este documento est\u00e1 sujeto a derechos de autor. Aparte de cualquier trato justo con fines de estudio o investigaci\u00f3n privados, ninguna parte puede reproducirse sin el permiso por escrito. El contenido se proporciona \u00fanicamente con fines informativos.<\/p>\n","protected":false},"excerpt":{"rendered":"<p>Cr\u00e9dito: Pixabay\/CC0 Dominio p\u00fablico Francia planea levantar las restricciones de viaje y aliviar el toque de queda en todo el pa\u00eds el 2 de mayo con la expectativa de que los casos diarios de COVID-19 pronto empezar a caer, dijo a la AFP una fuente cercana a la presidencia. El presidente Emmanuel Macron tambi\u00e9n tiene &hellip; <a href=\"https:\/\/www.biblia.work\/articulos-salud\/francia-aliviara-el-toque-de-queda-y-los-limites-de-viaje-el-2-de-mayo-fuente-de-la-presidencia\/\" class=\"more-link\">Continuar leyendo<span class=\"screen-reader-text\"> \u00abFrancia aliviar\u00e1 el toque de queda y los l\u00edmites de viaje el 2 de mayo: fuente de la presidencia\u00bb<\/span><\/a><\/p>\n","protected":false},"author":1,"featured_media":0,"comment_status":"","ping_status":"","sticky":false,"template":"","format":"standard","meta":{"footnotes":""},"categories":[1],"tags":[],"class_list":["post-20085","post","type-post","status-publish","format-standard","hentry","category-general"],"_links":{"self":[{"href":"https:\/\/www.biblia.work\/articulos-salud\/wp-json\/wp\/v2\/posts\/20085","targetHints":{"allow":["GET"]}}],"collection":[{"href":"https:\/\/www.biblia.work\/articulos-salud\/wp-json\/wp\/v2\/posts"}],"about":[{"href":"https:\/\/www.biblia.work\/articulos-salud\/wp-json\/wp\/v2\/types\/post"}],"author":[{"embeddable":true,"href":"https:\/\/www.biblia.work\/articulos-salud\/wp-json\/wp\/v2\/users\/1"}],"replies":[{"embeddable":true,"href":"https:\/\/www.biblia.work\/articulos-salud\/wp-json\/wp\/v2\/comments?post=20085"}],"version-history":[{"count":0,"href":"https:\/\/www.biblia.work\/articulos-salud\/wp-json\/wp\/v2\/posts\/20085\/revisions"}],"wp:attachment":[{"href":"https:\/\/www.biblia.work\/articulos-salud\/wp-json\/wp\/v2\/media?parent=20085"}],"wp:term":[{"taxonomy":"category","embeddable":true,"href":"https:\/\/www.biblia.work\/articulos-salud\/wp-json\/wp\/v2\/categories?post=20085"},{"taxonomy":"post_tag","embeddable":true,"href":"https:\/\/www.biblia.work\/articulos-salud\/wp-json\/wp\/v2\/tags?post=20085"}],"curies":[{"name":"wp","href":"https:\/\/api.w.org\/{rel}","templated":true}]}}