{"id":20091,"date":"2022-08-30T13:39:38","date_gmt":"2022-08-30T18:39:38","guid":{"rendered":"https:\/\/www.biblia.work\/articulos-salud\/la-pandemia-afecta-de-manera-desproporcionada-a-las-personas-con-discapacidades-y-condiciones-de-salud-cronicas-revela-un-estudio\/"},"modified":"2022-08-30T13:39:38","modified_gmt":"2022-08-30T18:39:38","slug":"la-pandemia-afecta-de-manera-desproporcionada-a-las-personas-con-discapacidades-y-condiciones-de-salud-cronicas-revela-un-estudio","status":"publish","type":"post","link":"https:\/\/www.biblia.work\/articulos-salud\/la-pandemia-afecta-de-manera-desproporcionada-a-las-personas-con-discapacidades-y-condiciones-de-salud-cronicas-revela-un-estudio\/","title":{"rendered":"La pandemia afecta de manera desproporcionada a las personas con discapacidades y condiciones de salud cr\u00f3nicas, revela un estudio"},"content":{"rendered":"<p>Cr\u00e9dito: CC0 Public Domain <\/p>\n<p>David Pettinicchio sabe que la pandemia de COVID-19 est\u00e1 afectando la salud mental y financiera de muchos canadienses. Pero cuando, a tres meses de la pandemia del a\u00f1o pasado, el gobierno federal a\u00fan no hab\u00eda anunciado el apoyo financiero para uno de los grupos m\u00e1s golpeados por la crisis de salud p\u00fablica, el profesor de sociolog\u00eda de la UTM comenz\u00f3 a pensar que las personas con discapacidad y condiciones de salud cr\u00f3nicas estaban siendo fuera de escena y pagando un precio a\u00fan m\u00e1s alto que otros. <\/p>\n<p>Entonces, \u00e9l y la soci\u00f3loga de la Universidad de Alberta, Michelle Maroto, se propusieron demostrarlo.<\/p>\n<p>En junio pasado, lanzaron una encuesta nacional en l\u00ednea de 1,027 canadienses con discapacidades y condiciones de salud cr\u00f3nicas para averiguar c\u00f3mo COVID- 19 estaba afectando su empleo, seguridad financiera y salud mental. Cincuenta encuestados tambi\u00e9n participaron en entrevistas de seguimiento individuales en profundidad.<\/p>\n<p>Sus hallazgos se publicaron recientemente en Disability and Health Journal y en una serie de editoriales de opini\u00f3n en Toronto Star.<\/p>\n<p>\u00abLo que encontramos fue muy preocupante\u00bb, dice Pettinicchio. \u201cVimos que la pandemia estaba teniendo un impacto desproporcionado en un grupo que ya estaba social, pol\u00edtica y culturalmente marginado y experimentaba una constelaci\u00f3n de problemas\u201d. <\/p>\n<p>Casi la mitad de los encuestados dijeron que COVID estaba afectando su capacidad para pagar deudas, pagar alquileres y servicios p\u00fablicos y comprar comestibles. Aunque casi la mitad de los encuestados ten\u00edan un trabajo de tiempo completo o parcial, m\u00e1s del 40 por ciento tem\u00eda perderlo en el pr\u00f3ximo mes.<\/p>\n<p>\u00abEste es un grupo que ya gana menos y es m\u00e1s probable que estar en trabajos de venta al por menor y de servicios afectados por la pandemia\u00bb, explica Pettinicchio. Adem\u00e1s, muchas personas con discapacidades y condiciones de salud cr\u00f3nicas est\u00e1n desempleadas, subempleadas o no pueden trabajar, lo que significa que no eran elegibles para el Beneficio de respuesta de emergencia de Canad\u00e1 (CERB).<\/p>\n<p>Mientras que el gobierno federal no ofrecer un beneficio de emergencia \u00fanico de $600 para canadienses con discapacidades, ese dinero no estuvo disponible hasta el oto\u00f1o posterior a la encuesta.<\/p>\n<p>Pettinicchio y Maroto tambi\u00e9n observaron un v\u00ednculo directo entre la incertidumbre financiera y la salud mental, con m\u00e1s de un tercio de los participantes de la encuesta reportaron mayores niveles de ansiedad y estr\u00e9s. La angustia mental fue m\u00e1s pronunciada entre aquellos con discapacidades graves y problemas de salud y aquellos que informaron que el COVD-19 afect\u00f3 negativamente sus finanzas.<\/p>\n<p>El impacto en el bolsillo se vio agravado por sentimientos de aislamiento. Pettinicchio explica: \u00abLos trabajadores de atenci\u00f3n no estaban de visita, no pod\u00edan ver a su m\u00e9dico cara a cara, muchos no pod\u00edan acceder a sus servicios comunitarios y estaban aislados de su familia\u00bb.<\/p>\n<p>Adem\u00e1s de eso, a muchos encuestados les preocupaba contraer COVID-19 mientras trabajaban en trabajos que los pon\u00edan en mayor riesgo.<\/p>\n<p>\u00abLa pandemia ha exacerbado las desigualdades preexistentes\u00bb, concluye Pettinicchio. Los investigadores temen que si no se hace nada, los que ya est\u00e1n en desventaja seguir\u00e1n qued\u00e1ndose atr\u00e1s. \u00abTodo esto no se resolver\u00e1 una vez que la pandemia est\u00e9 bajo control. Plantear\u00e1 problemas a largo plazo\u00bb.<\/p>\n<p>En un art\u00edculo de opini\u00f3n publicado en el Toronto Star en marzo, pidi\u00f3 al gobierno canadiense hacer m\u00e1s \u00abpara garantizar que las respuestas de la pol\u00edtica gubernamental a la pandemia incluyan las voces de las personas m\u00e1s afectadas negativamente por esta crisis de salud\u00bb.<\/p>\n<p>Pettinicchio tambi\u00e9n espera que su investigaci\u00f3n y el estudio de seguimiento que \u00e9l y Maroto est\u00e9n la planificaci\u00f3n para este verano har\u00e1 que los canadienses se detengan cuando sientan nostalgia por el mundo anterior a la pandemia.<\/p>\n<p>\u00abEse mundo nunca fue justo ni igualitario para todos. \u00bfPor qu\u00e9 no deber\u00edamos usar este impacto en nuestro sistema como una forma de de pensar en hacer algo con respecto a las desigualdades econ\u00f3micas, sociales y de salud? \u00bfPor qu\u00e9 no hacer de esto una oportunidad para tomar medidas significativas?\u00bb \u00e9l pide. <\/p>\n<p>Explore m\u00e1s<\/p>\n<p> Los canadienses con discapacidades enfrentan barreras para la seguridad financiera, seg\u00fan los investigadores <strong>M\u00e1s informaci\u00f3n:<\/strong> David Pettinicchio et al. Hallazgos de una encuesta en l\u00ednea sobre los efectos del COVID-19 en la salud mental de los canadienses con discapacidades y condiciones de salud cr\u00f3nicas, Disability and Health Journal (2021). DOI: 10.1016\/j.dhjo.2021.101085 Proporcionado por la Universidad de Toronto Mississauga <strong>Cita<\/strong>: La pandemia afecta de manera desproporcionada a las personas con discapacidades y afecciones de salud cr\u00f3nicas, revela un estudio (21 de abril de 2021) consultado el 30 de agosto de 2022 en https: \/\/medicalxpress.com\/news\/2021-04-pandemic-disproportionately-affects-disabilities-chronic.html Este documento est\u00e1 sujeto a derechos de autor. Aparte de cualquier trato justo con fines de estudio o investigaci\u00f3n privados, ninguna parte puede reproducirse sin el permiso por escrito. El contenido se proporciona \u00fanicamente con fines informativos.<\/p>\n","protected":false},"excerpt":{"rendered":"<p>Cr\u00e9dito: CC0 Public Domain David Pettinicchio sabe que la pandemia de COVID-19 est\u00e1 afectando la salud mental y financiera de muchos canadienses. Pero cuando, a tres meses de la pandemia del a\u00f1o pasado, el gobierno federal a\u00fan no hab\u00eda anunciado el apoyo financiero para uno de los grupos m\u00e1s golpeados por la crisis de salud &hellip; <a href=\"https:\/\/www.biblia.work\/articulos-salud\/la-pandemia-afecta-de-manera-desproporcionada-a-las-personas-con-discapacidades-y-condiciones-de-salud-cronicas-revela-un-estudio\/\" class=\"more-link\">Continuar leyendo<span class=\"screen-reader-text\"> \u00abLa pandemia afecta de manera desproporcionada a las personas con discapacidades y condiciones de salud cr\u00f3nicas, revela un estudio\u00bb<\/span><\/a><\/p>\n","protected":false},"author":1,"featured_media":0,"comment_status":"","ping_status":"","sticky":false,"template":"","format":"standard","meta":{"footnotes":""},"categories":[1],"tags":[],"class_list":["post-20091","post","type-post","status-publish","format-standard","hentry","category-general"],"_links":{"self":[{"href":"https:\/\/www.biblia.work\/articulos-salud\/wp-json\/wp\/v2\/posts\/20091","targetHints":{"allow":["GET"]}}],"collection":[{"href":"https:\/\/www.biblia.work\/articulos-salud\/wp-json\/wp\/v2\/posts"}],"about":[{"href":"https:\/\/www.biblia.work\/articulos-salud\/wp-json\/wp\/v2\/types\/post"}],"author":[{"embeddable":true,"href":"https:\/\/www.biblia.work\/articulos-salud\/wp-json\/wp\/v2\/users\/1"}],"replies":[{"embeddable":true,"href":"https:\/\/www.biblia.work\/articulos-salud\/wp-json\/wp\/v2\/comments?post=20091"}],"version-history":[{"count":0,"href":"https:\/\/www.biblia.work\/articulos-salud\/wp-json\/wp\/v2\/posts\/20091\/revisions"}],"wp:attachment":[{"href":"https:\/\/www.biblia.work\/articulos-salud\/wp-json\/wp\/v2\/media?parent=20091"}],"wp:term":[{"taxonomy":"category","embeddable":true,"href":"https:\/\/www.biblia.work\/articulos-salud\/wp-json\/wp\/v2\/categories?post=20091"},{"taxonomy":"post_tag","embeddable":true,"href":"https:\/\/www.biblia.work\/articulos-salud\/wp-json\/wp\/v2\/tags?post=20091"}],"curies":[{"name":"wp","href":"https:\/\/api.w.org\/{rel}","templated":true}]}}